{"id":6636,"date":"2024-05-27T23:09:45","date_gmt":"2024-05-28T02:09:45","guid":{"rendered":"https:\/\/guialimeira.com.br\/2024\/05\/27\/chambriard-exploracao-de-petroleo-nao-tem-relacao-com-tragedia-no-rs\/"},"modified":"2024-05-27T23:09:45","modified_gmt":"2024-05-28T02:09:45","slug":"chambriard-exploracao-de-petroleo-nao-tem-relacao-com-tragedia-no-rs","status":"publish","type":"post","link":"https:\/\/guialimeira.com.br\/news\/chambriard-exploracao-de-petroleo-nao-tem-relacao-com-tragedia-no-rs\/","title":{"rendered":"Chambriard: explora\u00e7\u00e3o de petr\u00f3leo n\u00e3o tem rela\u00e7\u00e3o com trag\u00e9dia no RS"},"content":{"rendered":"<p> <br \/>\n<\/p>\n<div>\n<p>A nova presidente da Petrobras, Magda Chambriard, refutou nesta segunda-feira (27) uma associa\u00e7\u00e3o entre a trag\u00e9dia ocorrida no Rio Grande do Sul e a explora\u00e7\u00e3o de petr\u00f3leo do\u00a0pr\u00e9-sal. Em coletiva de imprensa, ela foi questionada sobre estudos que relacionam o crescente consumo de combust\u00edveis f\u00f3sseis \u00e0s\u00a0mudan\u00e7as clim\u00e1ticas.<img data-recalc-dims=\"1\" decoding=\"async\" src=\"https:\/\/i0.wp.com\/agenciabrasil.ebc.com.br\/ebc.png?w=696&#038;ssl=1\" style=\"width:1px; height:1px; display:inline;\"\/><img data-recalc-dims=\"1\" decoding=\"async\" src=\"https:\/\/i0.wp.com\/agenciabrasil.ebc.com.br\/ebc.gif?w=696&#038;ssl=1\" style=\"width:1px; height:1px; display:inline;\"\/><\/p>\n<p>&#8220;O Rio Grande do Sul teve uma enchente em 1941 gigantesca do porte ou maior do que essa. E a gente nem tinha petr\u00f3leo no Brasil naquela \u00e9poca. Ent\u00e3o, a gente tem que endere\u00e7ar as quest\u00f5es. Lamentavelmente aconteceu um desastre como esse. \u00c9 um desastre imenso, mas n\u00e3o \u00e9 o pr\u00e9-sal que tem culpa disso. N\u00e3o vou botar esse desastre na conta do pr\u00e9-sal que seria bastante injusto. Eu acho que o pr\u00e9-sal est\u00e1 trazendo grandes benef\u00edcios para a sociedade, benef\u00edcios incalcul\u00e1veis para o Brasil&#8221;, afirmou.<\/p>\n<p>As chuvas no Rio Grande do Sul j\u00e1 causaram mais de 160 mortes. As enchentes deixaram diversas cidades submersas e mais de 600 mil pessoas precisaram deixar suas casas. Magda manifestou solidariedade com o povo ga\u00facho. &#8220;\u00c9 uma trag\u00e9dia, ter um estado debaixo d&#8217;\u00e1gua \u00e9 uma coisa impens\u00e1vel&#8221;, lamentou. Ela tamb\u00e9m fez men\u00e7\u00e3o a uma experi\u00eancia pessoal em sua resid\u00eancia, na zona sul do Rio de Janeiro.<\/p>\n<p>&#8220;Voc\u00ea tem causas e causas. Muita coisa \u00e9 colocada nessa mesa, n\u00e3o estando diretamente ligada a ela. Por exemplo, na minha casa no Jardim Bot\u00e2nico, pertinho da Lagoa, em um belo dia em que choveu muito, entrou \u00e1gua na garagem. Entrou muito mesmo. Tinha um metro e meio de \u00e1gua na garagem que fica no subsolo. N\u00e3o havia bomba que desse jeito. Mas o local onde fica a minha casa ficava dentro da Lagoa. Aterraram a Lagoa. Com petr\u00f3leo ou sem petr\u00f3leo, uma hora a gente ia lidar com isso porque estamos agredindo o meio ambiente&#8221;, afirmou.<\/p>\n<p>Magda defendeu que a Petrobras \u00e9 uma empresa historicamente preocupada com a pauta ambiental e com o desenvolvimento de uma matriz energ\u00e9tica renov\u00e1vel. Ela citou o Programa Nacional do \u00c1lcool (Pro\u00e1lcool), criado na d\u00e9cada de 1970, mesmo diante de fortes cr\u00edticas. Mencionou tamb\u00e9m o compromisso da empresa de zerar suas emiss\u00f5es de gases de efeito estufa at\u00e9 2050 e os investimentos em biorrefino, derivados de petr\u00f3leo verdes, em esfor\u00e7os na dire\u00e7\u00e3o do hidrog\u00eanio e em projetos de captura de g\u00e1s carb\u00f4nico.<\/p>\n<\/p><\/div>\n<p><br \/>\n<br \/><a href=\"https:\/\/agenciabrasil.ebc.com.br\/economia\/noticia\/2024-05\/chambriard-exploracao-de-petroleo-nao-tem-relacao-com-tragedia-no-rs\" rel=\"noopener\">Ag\u00eancia Brasil<\/a><\/p>\n","protected":false},"excerpt":{"rendered":"<p>A nova presidente da Petrobras, Magda Chambriard, refutou nesta segunda-feira (27) uma associa\u00e7\u00e3o entre a trag\u00e9dia ocorrida no Rio Grande do Sul e a explora\u00e7\u00e3o de petr\u00f3leo do\u00a0pr\u00e9-sal. Em coletiva de imprensa, ela foi questionada sobre estudos que relacionam o crescente consumo de combust\u00edveis f\u00f3sseis \u00e0s\u00a0mudan\u00e7as clim\u00e1ticas. &#8220;O Rio Grande do Sul teve uma enchente [&hellip;]<\/p>\n","protected":false},"author":1,"featured_media":269,"comment_status":"open","ping_status":"open","sticky":false,"template":"","format":"standard","meta":{"_jetpack_newsletter_access":"","_jetpack_dont_email_post_to_subs":false,"_jetpack_newsletter_tier_id":0,"_jetpack_memberships_contains_paywalled_content":false,"_mbp_banners":[],"_jetpack_feature_clip_id":0,"_jetpack_memberships_contains_paid_content":false,"footnotes":"","jetpack_publicize_message":"","jetpack_publicize_feature_enabled":true,"jetpack_social_post_already_shared":true,"jetpack_social_options":{"image_generator_settings":{"template":"highway","default_image_id":0,"font":"","enabled":false},"version":2},"jetpack_post_was_ever_published":false},"categories":[24],"tags":[],"class_list":["post-6636","post","type-post","status-publish","format-standard","has-post-thumbnail","category-economia"],"jetpack_publicize_connections":[],"jetpack-related-posts":[],"jetpack_shortlink":"https:\/\/wp.me\/p7Eq1F-1J2","jetpack_sharing_enabled":true,"jetpack_featured_media_url":"https:\/\/i0.wp.com\/guialimeira.com.br\/news\/wp-content\/uploads\/2024\/03\/thumb_1200x600_agbrasil.png?fit=1200%2C600&ssl=1","_links":{"self":[{"href":"https:\/\/guialimeira.com.br\/news\/wp-json\/wp\/v2\/posts\/6636","targetHints":{"allow":["GET"]}}],"collection":[{"href":"https:\/\/guialimeira.com.br\/news\/wp-json\/wp\/v2\/posts"}],"about":[{"href":"https:\/\/guialimeira.com.br\/news\/wp-json\/wp\/v2\/types\/post"}],"author":[{"embeddable":true,"href":"https:\/\/guialimeira.com.br\/news\/wp-json\/wp\/v2\/users\/1"}],"replies":[{"embeddable":true,"href":"https:\/\/guialimeira.com.br\/news\/wp-json\/wp\/v2\/comments?post=6636"}],"version-history":[{"count":0,"href":"https:\/\/guialimeira.com.br\/news\/wp-json\/wp\/v2\/posts\/6636\/revisions"}],"wp:featuredmedia":[{"embeddable":true,"href":"https:\/\/guialimeira.com.br\/news\/wp-json\/wp\/v2\/media\/269"}],"wp:attachment":[{"href":"https:\/\/guialimeira.com.br\/news\/wp-json\/wp\/v2\/media?parent=6636"}],"wp:term":[{"taxonomy":"category","embeddable":true,"href":"https:\/\/guialimeira.com.br\/news\/wp-json\/wp\/v2\/categories?post=6636"},{"taxonomy":"post_tag","embeddable":true,"href":"https:\/\/guialimeira.com.br\/news\/wp-json\/wp\/v2\/tags?post=6636"}],"curies":[{"name":"wp","href":"https:\/\/api.w.org\/{rel}","templated":true}]}}