{"id":66338,"date":"2026-05-21T18:15:50","date_gmt":"2026-05-21T21:15:50","guid":{"rendered":"https:\/\/guialimeira.com.br\/buscando-melhorias-para-delegacias-de-limeira-comissao-de-seguranca-convida-policia-civil-para-reuniao\/"},"modified":"2026-05-21T18:15:50","modified_gmt":"2026-05-21T21:15:50","slug":"buscando-melhorias-para-delegacias-de-limeira-comissao-de-seguranca-convida-policia-civil-para-reuniao","status":"publish","type":"post","link":"https:\/\/guialimeira.com.br\/news\/buscando-melhorias-para-delegacias-de-limeira-comissao-de-seguranca-convida-policia-civil-para-reuniao\/","title":{"rendered":"Buscando melhorias para delegacias de Limeira, Comiss\u00e3o de Seguran\u00e7a convida Pol\u00edcia Civil para reuni\u00e3o"},"content":{"rendered":"<p>Buscando melhorias para delegacias de Limeira, Comiss\u00e3o de Seguran\u00e7a convida Pol\u00edcia Civil para reuni\u00e3o<\/p>\n<p>Ap\u00f3s visitar a Delegacia de Leme para conhecer a estrutura do local, a Comiss\u00e3o de Seguran\u00e7a P\u00fablica da C\u00e2mara discutiu a\u00e7\u00f5es poss\u00edveis de serem tomadas para promover melhorias nas delegacias de Limeira durante a reuni\u00e3o desta quinta-feira, 21 de maio.<\/p>\n<p>Conforme verificado pelo colegiado na dilig\u00eancia, a Delegacia de Leme possui uma estrutura que integra, em um \u00fanico pr\u00e9dio, a Delegacia de Defesa da Mulher (DDM), o 1\u00ba e 2\u00ba Distritos Policiais, a Delegacia do Munic\u00edpio e o plant\u00e3o policial, que funciona 24 horas no mesmo endere\u00e7o. Toda a estrutura \u00e9 um modelo na regi\u00e3o, segundo os parlamentares.<\/p>\n<p>Para ouvir as principais demandas de melhorias estruturais nas delegacias de Limeira, a Comiss\u00e3o deliberou convidar um representante da Pol\u00edcia Civil de Limeira para participar da pr\u00f3xima reuni\u00e3o, na quinta-feira, 28 de maio, \u00e0s 16h. O colegiado quer ouvir sobre o atendimento aos mun\u00edcipes na ocasi\u00e3o.<\/p>\n<p>A Comiss\u00e3o de Seguran\u00e7a P\u00fablica da C\u00e2mara \u00e9 composta pelos vereadores Costa J\u00fanior (Podemos), presidente; Felipe Penedo (PL), vice-presidente, e Carlinhos do Grotta (PL), secret\u00e1rio.<\/p>\n<p>S\u00e3o responsabilidades deste colegiado opinar sobre proposituras relativas \u00e0 \u00e1rea, bem como promover estudos e reuni\u00f5es sobre a criminalidade, a viol\u00eancia e a seguran\u00e7a p\u00fablica, propondo medidas necess\u00e1rias \u00e0 melhoria da preven\u00e7\u00e3o e prote\u00e7\u00e3o da comunidade; atuar junto \u00e0s esferas governamentais a fim de implementar pol\u00edticas de seguran\u00e7a p\u00fablica no Munic\u00edpio; e apresentar sugest\u00f5es para o aperfei\u00e7oamento da legisla\u00e7\u00e3o municipal pertinente \u00e0 seguran\u00e7a p\u00fablica. As delibera\u00e7\u00f5es podem ser conferidas em ata.<\/p>\n<hr>\n<p><em>Fonte: <a href=\"https:\/\/www.limeira.sp.leg.br\/noticias\/view\/2026-05-21_buscando-melhorias-para-delegacias-de-limeira-comissao-de-seguranca-convida-policia-civil-para-reuniao\" target=\"_blank\" rel=\"noopener\">C\u00e2mara Municipal de Limeira<\/a><\/em><\/p>\n","protected":false},"excerpt":{"rendered":"<p>Buscando melhorias para delegacias de Limeira, Comiss\u00e3o de Seguran\u00e7a convida Pol\u00edcia Civil para reuni\u00e3o<\/p>\n<p>Ap\u00f3s visitar a Delegacia de Leme para conhecer a estrutura do local, a Comiss\u00e3o de Seguran\u00e7a P\u00fablica da C\u00e2mara discutiu a\u00e7\u00f5es poss\u00edveis de serem tomadas para promover melhorias nas delegacias de <\/p>\n","protected":false},"author":4,"featured_media":66337,"comment_status":"","ping_status":"open","sticky":false,"template":"","format":"standard","meta":{"_jetpack_newsletter_access":"","_jetpack_dont_email_post_to_subs":false,"_jetpack_newsletter_tier_id":0,"_jetpack_memberships_contains_paywalled_content":false,"_mbp_banners":[],"_jetpack_feature_clip_id":0,"_jetpack_memberships_contains_paid_content":false,"footnotes":"","jetpack_publicize_message":"","jetpack_publicize_feature_enabled":true,"jetpack_social_post_already_shared":true,"jetpack_social_options":{"image_generator_settings":{"template":"highway","default_image_id":0,"font":"","enabled":false},"version":2},"jetpack_post_was_ever_published":false},"categories":[19],"tags":[],"class_list":["post-66338","post","type-post","status-publish","format-standard","has-post-thumbnail","category-politica"],"jetpack_publicize_connections":[],"jetpack-related-posts":[],"jetpack_shortlink":"https:\/\/wp.me\/p7Eq1F-hfY","jetpack_sharing_enabled":true,"jetpack_featured_media_url":"https:\/\/i0.wp.com\/guialimeira.com.br\/news\/wp-content\/uploads\/2026\/05\/noticia-camara-87.jpg?fit=1280%2C640&ssl=1","_links":{"self":[{"href":"https:\/\/guialimeira.com.br\/news\/wp-json\/wp\/v2\/posts\/66338","targetHints":{"allow":["GET"]}}],"collection":[{"href":"https:\/\/guialimeira.com.br\/news\/wp-json\/wp\/v2\/posts"}],"about":[{"href":"https:\/\/guialimeira.com.br\/news\/wp-json\/wp\/v2\/types\/post"}],"author":[{"embeddable":true,"href":"https:\/\/guialimeira.com.br\/news\/wp-json\/wp\/v2\/users\/4"}],"replies":[{"embeddable":true,"href":"https:\/\/guialimeira.com.br\/news\/wp-json\/wp\/v2\/comments?post=66338"}],"version-history":[{"count":0,"href":"https:\/\/guialimeira.com.br\/news\/wp-json\/wp\/v2\/posts\/66338\/revisions"}],"wp:featuredmedia":[{"embeddable":true,"href":"https:\/\/guialimeira.com.br\/news\/wp-json\/wp\/v2\/media\/66337"}],"wp:attachment":[{"href":"https:\/\/guialimeira.com.br\/news\/wp-json\/wp\/v2\/media?parent=66338"}],"wp:term":[{"taxonomy":"category","embeddable":true,"href":"https:\/\/guialimeira.com.br\/news\/wp-json\/wp\/v2\/categories?post=66338"},{"taxonomy":"post_tag","embeddable":true,"href":"https:\/\/guialimeira.com.br\/news\/wp-json\/wp\/v2\/tags?post=66338"}],"curies":[{"name":"wp","href":"https:\/\/api.w.org\/{rel}","templated":true}]}}