{"id":66336,"date":"2026-05-21T18:10:54","date_gmt":"2026-05-21T21:10:54","guid":{"rendered":"https:\/\/guialimeira.com.br\/comissao-de-meio-ambiente-debate-ocupacao-de-areas-verdes-e-preservacao-ambiental\/"},"modified":"2026-05-21T18:10:54","modified_gmt":"2026-05-21T21:10:54","slug":"comissao-de-meio-ambiente-debate-ocupacao-de-areas-verdes-e-preservacao-ambiental","status":"publish","type":"post","link":"https:\/\/guialimeira.com.br\/news\/comissao-de-meio-ambiente-debate-ocupacao-de-areas-verdes-e-preservacao-ambiental\/","title":{"rendered":"Comiss\u00e3o de Meio Ambiente debate ocupa\u00e7\u00e3o de \u00e1reas verdes e preserva\u00e7\u00e3o ambiental"},"content":{"rendered":"<p>Comiss\u00e3o de Meio Ambiente debate ocupa\u00e7\u00e3o de \u00e1reas verdes e preserva\u00e7\u00e3o ambiental<\/p>\n<p>As ocupa\u00e7\u00f5es irregulares em \u00e1reas verdes e \u00c1reas de Preserva\u00e7\u00e3o Permanente (APP) do Munic\u00edpio foram debatidas durante a reuni\u00e3o da Comiss\u00e3o de Meio Ambiente na tarde desta quinta-feira, 21 de maio. Foram pautadas as quest\u00f5es do uso de \u00e1reas p\u00fablicas para atividades de agricultura familiar e cria\u00e7\u00e3o de animais de grande porte.<\/p>\n<p>O colegiado \u00e9 composto por Felipe Penedo (PL), presidente; Tatiane Lopes (Avante), vice-presidente; e Helder do T\u00e1xi (PSD), secret\u00e1rio. Participaram tamb\u00e9m do encontro o diretor de pol\u00edticas p\u00fablicas ambientais, Maicon Grella; e os fiscais ambientais Jonathan Meckale e Ramon Carvalho; e o mun\u00edcipe Edson Costa, que disse representar os cavaleiros da cidade. As delibera\u00e7\u00f5es feitas durante o debate constam em ata.<\/p>\n<p>Ocupa\u00e7\u00f5es em \u00e1reas verdes e APP\u2019s<\/p>\n<p>Maicon Grella informou \u00e0 Comiss\u00e3o que as ocupa\u00e7\u00f5es nas \u00e1reas verdes, para o cultivo de hortas e cria\u00e7\u00e3o de animais de grande porte s\u00e3o irregulares, e que os fiscais ambientais realizam vistorias com frequ\u00eancia nos locais.<\/p>\n<p>O fiscal ambiental Ramon Carvalho disse que as den\u00fancias sobre essas ocupa\u00e7\u00f5es v\u00eam por meio do servi\u00e7o 156 e que durante as vistorias eles identificaram os impactos ambientais, o descarte irregular de lixo e a supress\u00e3o de vegeta\u00e7\u00e3o. Al\u00e9m disso, ele apontou que ap\u00f3s a fiscaliza\u00e7\u00e3o \u00e9 feito um relat\u00f3rio t\u00e9cnico e encaminhado \u00e0 Companhia Ambiental do Estado de S\u00e3o Paulo (Cetesb). Tamb\u00e9m acrescentou que os bairros Geada e Ernesto Kuhl concentram o maior \u00edndice de notifica\u00e7\u00f5es de irregularidades sobre as APPs.<\/p>\n<p>Edson Costa falou aos vereadores que atualmente h\u00e1 mais de 3 mil cavalos sendo criados em \u00e1reas verdes do Munic\u00edpio e cita que os propriet\u00e1rios desses animais desejam regularizar a situa\u00e7\u00e3o e prop\u00f5em a possibilidade de fazer a gest\u00e3o compartilhada dos espa\u00e7os.<\/p>\n<p>Gest\u00e3o de res\u00edduos<\/p>\n<p>A Comiss\u00e3o de Meio Ambiente recebeu o Of\u00edcio N\u00b0 501\/2026 da Prefeitura, em resposta a questionamentos feitos na reuni\u00e3o do dia 19 de mar\u00e7o sobre a gest\u00e3o de res\u00edduos recicl\u00e1veis na cidade.<\/p>\n<p>O Executivo explicou que a coleta seletiva em Limeira \u00e9 de responsabilidade da concession\u00e1ria Tecipar, operacionalizada por meio de cronograma estabelecido, com frequ\u00eancia de atendimento de uma vez por semana nas \u00e1reas contempladas pelo servi\u00e7o.<\/p>\n<p>A Prefeitura ressaltou tamb\u00e9m que a log\u00edstica adotada envolve rotas definidas de coleta, com utiliza\u00e7\u00e3o de frota e equipe t\u00e9cnica compat\u00edveis com a demanda. De acordo com o documento, atualmente 60% do territ\u00f3rio municipal recebe o servi\u00e7o.<\/p>\n<p>Animais de grande porte<\/p>\n<p>O colegiado tamb\u00e9m solicitou, durante a reuni\u00e3o, o envio de of\u00edcio ao Poder Executivo questionando quais provid\u00eancias est\u00e3o sendo tomadas em rela\u00e7\u00e3o aos cavalos soltos no loteamento Novos Bandeirantes e se foi realizado levantamento sobre o n\u00famero de animais na regi\u00e3o.<\/p>\n<hr>\n<p><em>Fonte: <a href=\"https:\/\/www.limeira.sp.leg.br\/noticias\/view\/2026-05-21_comissao-de-meio-ambiente-debate-ocupacao-de-areas-verdes-e-preservacao-ambiental\" target=\"_blank\" rel=\"noopener\">C\u00e2mara Municipal de Limeira<\/a><\/em><\/p>\n","protected":false},"excerpt":{"rendered":"<p>Comiss\u00e3o de Meio Ambiente debate ocupa\u00e7\u00e3o de \u00e1reas verdes e preserva\u00e7\u00e3o ambiental<\/p>\n<p>As ocupa\u00e7\u00f5es irregulares em \u00e1reas verdes e \u00c1reas de Preserva\u00e7\u00e3o Permanente (APP) do Munic\u00edpio foram debatidas durante a reuni\u00e3o da Comiss\u00e3o de Meio Ambiente na tarde desta quinta-feira, 21 de maio. Foram pautadas as q<\/p>\n","protected":false},"author":4,"featured_media":66335,"comment_status":"","ping_status":"open","sticky":false,"template":"","format":"standard","meta":{"_jetpack_newsletter_access":"","_jetpack_dont_email_post_to_subs":false,"_jetpack_newsletter_tier_id":0,"_jetpack_memberships_contains_paywalled_content":false,"_mbp_banners":[],"_jetpack_feature_clip_id":0,"_jetpack_memberships_contains_paid_content":false,"footnotes":"","jetpack_publicize_message":"","jetpack_publicize_feature_enabled":true,"jetpack_social_post_already_shared":true,"jetpack_social_options":{"image_generator_settings":{"template":"highway","default_image_id":0,"font":"","enabled":false},"version":2},"jetpack_post_was_ever_published":false},"categories":[19],"tags":[],"class_list":["post-66336","post","type-post","status-publish","format-standard","has-post-thumbnail","category-politica"],"jetpack_publicize_connections":[],"jetpack-related-posts":[],"jetpack_shortlink":"https:\/\/wp.me\/p7Eq1F-hfW","jetpack_sharing_enabled":true,"jetpack_featured_media_url":"https:\/\/i0.wp.com\/guialimeira.com.br\/news\/wp-content\/uploads\/2026\/05\/noticia-camara-86.jpg?fit=1280%2C640&ssl=1","_links":{"self":[{"href":"https:\/\/guialimeira.com.br\/news\/wp-json\/wp\/v2\/posts\/66336","targetHints":{"allow":["GET"]}}],"collection":[{"href":"https:\/\/guialimeira.com.br\/news\/wp-json\/wp\/v2\/posts"}],"about":[{"href":"https:\/\/guialimeira.com.br\/news\/wp-json\/wp\/v2\/types\/post"}],"author":[{"embeddable":true,"href":"https:\/\/guialimeira.com.br\/news\/wp-json\/wp\/v2\/users\/4"}],"replies":[{"embeddable":true,"href":"https:\/\/guialimeira.com.br\/news\/wp-json\/wp\/v2\/comments?post=66336"}],"version-history":[{"count":0,"href":"https:\/\/guialimeira.com.br\/news\/wp-json\/wp\/v2\/posts\/66336\/revisions"}],"wp:featuredmedia":[{"embeddable":true,"href":"https:\/\/guialimeira.com.br\/news\/wp-json\/wp\/v2\/media\/66335"}],"wp:attachment":[{"href":"https:\/\/guialimeira.com.br\/news\/wp-json\/wp\/v2\/media?parent=66336"}],"wp:term":[{"taxonomy":"category","embeddable":true,"href":"https:\/\/guialimeira.com.br\/news\/wp-json\/wp\/v2\/categories?post=66336"},{"taxonomy":"post_tag","embeddable":true,"href":"https:\/\/guialimeira.com.br\/news\/wp-json\/wp\/v2\/tags?post=66336"}],"curies":[{"name":"wp","href":"https:\/\/api.w.org\/{rel}","templated":true}]}}