{"id":66332,"date":"2026-05-21T17:35:55","date_gmt":"2026-05-21T20:35:55","guid":{"rendered":"https:\/\/guialimeira.com.br\/tatiane-lopes-questiona-prefeitura-sobre-abertura-de-venda-de-jazigos-em-cemiterios-municipais\/"},"modified":"2026-05-21T17:35:55","modified_gmt":"2026-05-21T20:35:55","slug":"tatiane-lopes-questiona-prefeitura-sobre-abertura-de-venda-de-jazigos-em-cemiterios-municipais","status":"publish","type":"post","link":"https:\/\/guialimeira.com.br\/news\/tatiane-lopes-questiona-prefeitura-sobre-abertura-de-venda-de-jazigos-em-cemiterios-municipais\/","title":{"rendered":"Tatiane Lopes questiona Prefeitura sobre abertura de venda de jazigos em cemit\u00e9rios municipais"},"content":{"rendered":"<p>Tatiane Lopes questiona Prefeitura sobre abertura de venda de jazigos em cemit\u00e9rios municipais<\/p>\n<p>A vereadora Tatiane Lopes (Avante) protocolou o Requerimento N\u00ba 448\/2026, solicitando informa\u00e7\u00f5es \u00e0 Prefeitura sobre a poss\u00edvel abertura de venda de terrenos e jazigos nos cemit\u00e9rios municipais de Limeira.<\/p>\n<p>O objetivo do requerimento \u00e9 esclarecer \u00e0 popula\u00e7\u00e3o se h\u00e1 planejamento para amplia\u00e7\u00e3o da oferta de jazigos, diante da crescente demanda enfrentada por fam\u00edlias que buscam garantir um espa\u00e7o adequado para sepultamento de entes queridos.<\/p>\n<p>No documento, a parlamentar questiona se h\u00e1 estudos, planejamento ou previs\u00e3o para abertura de novas vendas de terrenos nos cemit\u00e9rios do Munic\u00edpio. Tamb\u00e9m solicita informa\u00e7\u00f5es sobre eventual cronograma para in\u00edcio das vendas, al\u00e9m de perguntar quais medidas est\u00e3o sendo estudadas caso n\u00e3o exista previs\u00e3o de amplia\u00e7\u00e3o no momento.<\/p>\n<p>Outro ponto levantado pela vereadora diz respeito aos crit\u00e9rios e procedimentos para aquisi\u00e7\u00e3o dos jazigos, buscando garantir transpar\u00eancia e igualdade de acesso para a popula\u00e7\u00e3o. O requerimento ainda pede esclarecimentos sobre a exist\u00eancia de cadastro pr\u00e9vio, lista de espera ou qualquer outro mecanismo de controle de interessados.<\/p>\n<p>Segundo Tatiane Lopes, o tema envolve diretamente dignidade, planejamento familiar e respeito \u00e0s fam\u00edlias limeirenses, sendo fundamental que o Munic\u00edpio apresente informa\u00e7\u00f5es claras sobre a capacidade dos cemit\u00e9rios e as alternativas previstas para atender a demanda futura.<\/p>\n<p>\u201cO acesso a jazigos \u00e9 uma quest\u00e3o sens\u00edvel e que precisa ser tratada com transpar\u00eancia e planejamento. Muitas fam\u00edlias procuram informa\u00e7\u00f5es e enfrentam d\u00favidas sobre disponibilidade e crit\u00e9rios de aquisi\u00e7\u00e3o. Nosso objetivo \u00e9 buscar respostas e garantir que a popula\u00e7\u00e3o tenha acesso claro a essas informa\u00e7\u00f5es\u201d, destacou a vereadora.<\/p>\n<p>Do Gabinete Parlamentar \u2013 Vereadora Tatiane Lopes (Avante)<\/p>\n<p>As mat\u00e9rias de origem dos Gabinetes Parlamentares s\u00e3o de inteira\u00a0 responsabilidade dos parlamentares e de suas assessorias. S\u00e3o devidamente assinadas e n\u00e3o refletem, necessariamente, a opini\u00e3o institucional da C\u00e2mara Municipal de Limeira.<\/p>\n<hr>\n<p><em>Fonte: <a href=\"https:\/\/www.limeira.sp.leg.br\/noticias\/view\/2026-05-21_tatiane-lopes-questiona-prefeitura-sobre-abertura-de-venda-de-jazigos-em-cemiterios-municipais\" target=\"_blank\" rel=\"noopener\">C\u00e2mara Municipal de Limeira<\/a><\/em><\/p>\n","protected":false},"excerpt":{"rendered":"<p>Tatiane Lopes questiona Prefeitura sobre abertura de venda de jazigos em cemit\u00e9rios municipais<\/p>\n<p>A vereadora Tatiane Lopes (Avante) protocolou o Requerimento N\u00ba 448\/2026, solicitando informa\u00e7\u00f5es \u00e0 Prefeitura sobre a poss\u00edvel abertura de venda de terrenos e jazigos nos cemit\u00e9rios municipais de Limeira<\/p>\n","protected":false},"author":4,"featured_media":66331,"comment_status":"","ping_status":"open","sticky":false,"template":"","format":"standard","meta":{"_jetpack_newsletter_access":"","_jetpack_dont_email_post_to_subs":false,"_jetpack_newsletter_tier_id":0,"_jetpack_memberships_contains_paywalled_content":false,"_mbp_banners":[],"_jetpack_feature_clip_id":0,"_jetpack_memberships_contains_paid_content":false,"footnotes":"","jetpack_publicize_message":"","jetpack_publicize_feature_enabled":true,"jetpack_social_post_already_shared":true,"jetpack_social_options":{"image_generator_settings":{"template":"highway","default_image_id":0,"font":"","enabled":false},"version":2},"jetpack_post_was_ever_published":false},"categories":[19],"tags":[],"class_list":["post-66332","post","type-post","status-publish","format-standard","has-post-thumbnail","category-politica"],"jetpack_publicize_connections":[],"jetpack-related-posts":[],"jetpack_shortlink":"https:\/\/wp.me\/p7Eq1F-hfS","jetpack_sharing_enabled":true,"jetpack_featured_media_url":"https:\/\/i0.wp.com\/guialimeira.com.br\/news\/wp-content\/uploads\/2026\/05\/noticia-camara-85.jpg?fit=1280%2C640&ssl=1","_links":{"self":[{"href":"https:\/\/guialimeira.com.br\/news\/wp-json\/wp\/v2\/posts\/66332","targetHints":{"allow":["GET"]}}],"collection":[{"href":"https:\/\/guialimeira.com.br\/news\/wp-json\/wp\/v2\/posts"}],"about":[{"href":"https:\/\/guialimeira.com.br\/news\/wp-json\/wp\/v2\/types\/post"}],"author":[{"embeddable":true,"href":"https:\/\/guialimeira.com.br\/news\/wp-json\/wp\/v2\/users\/4"}],"replies":[{"embeddable":true,"href":"https:\/\/guialimeira.com.br\/news\/wp-json\/wp\/v2\/comments?post=66332"}],"version-history":[{"count":0,"href":"https:\/\/guialimeira.com.br\/news\/wp-json\/wp\/v2\/posts\/66332\/revisions"}],"wp:featuredmedia":[{"embeddable":true,"href":"https:\/\/guialimeira.com.br\/news\/wp-json\/wp\/v2\/media\/66331"}],"wp:attachment":[{"href":"https:\/\/guialimeira.com.br\/news\/wp-json\/wp\/v2\/media?parent=66332"}],"wp:term":[{"taxonomy":"category","embeddable":true,"href":"https:\/\/guialimeira.com.br\/news\/wp-json\/wp\/v2\/categories?post=66332"},{"taxonomy":"post_tag","embeddable":true,"href":"https:\/\/guialimeira.com.br\/news\/wp-json\/wp\/v2\/tags?post=66332"}],"curies":[{"name":"wp","href":"https:\/\/api.w.org\/{rel}","templated":true}]}}