{"id":6633,"date":"2024-05-27T22:20:45","date_gmt":"2024-05-28T01:20:45","guid":{"rendered":"https:\/\/guialimeira.com.br\/2024\/05\/27\/programacao-da-semana-traz-oficinas-espetaculos-danca-e-musica\/"},"modified":"2024-05-27T22:20:45","modified_gmt":"2024-05-28T01:20:45","slug":"programacao-da-semana-traz-oficinas-espetaculos-danca-e-musica","status":"publish","type":"post","link":"https:\/\/guialimeira.com.br\/news\/programacao-da-semana-traz-oficinas-espetaculos-danca-e-musica\/","title":{"rendered":"Programa\u00e7\u00e3o da semana traz oficinas, espet\u00e1culos, dan\u00e7a e m\u00fasica"},"content":{"rendered":"<p> <br \/>\n<\/p>\n<div id=\"\">&#13;<br \/>\n                &#13;<br \/>\n&#13;<br \/>\n&#13;<br \/>\n&#13;<br \/>\n    <img data-recalc-dims=\"1\" decoding=\"async\" src=\"https:\/\/i0.wp.com\/ecrie.com.br\/sistema\/conteudos\/imagem\/m_137_0_1_30042024143313.jpg?w=696&#038;ssl=1\" alt=\"Programa\u00e7\u00e3o da semana traz oficinas, espet\u00e1culos, dan\u00e7a e m\u00fasica\"\/>&#13;<br \/>\n&#13;<\/p>\n<p dir=\"ltr\">Os pr\u00f3ximos dias trazem oficinas de roteiro para cinema e dublagem, os espet\u00e1culos \u201cSem Fim\u201d e \u201cPatrulha Canina\u201d, al\u00e9m do festival Ecodan\u00e7a e retreta com a Banda Henrique Marques.<\/p>\n<p>&#13;<\/p>\n<p dir=\"ltr\">Confira a agenda cultural:<\/p>\n<p>&#13;<\/p>\n<p dir=\"ltr\">\u00a0<\/p>\n<p>&#13;<\/p>\n<p dir=\"ltr\"><strong>Oficina: Officina de Roteiro para Cinema &#8211; O X da Quest\u00e3o<\/strong><\/p>\n<p>&#13;<\/p>\n<p dir=\"ltr\">Ter\u00e7a-feira (28), das 18h \u00e0s 21h &#8211; Museu Major Jos\u00e9 Levy Sobrinho<\/p>\n<p>&#13;<\/p>\n<p dir=\"ltr\">A oficina \u00e9 mediada por Tha\u00eds Almeida Prado. Ser\u00e1 discutido as quest\u00f5es da viol\u00eancia psicol\u00f3gica.<\/p>\n<p>&#13;<\/p>\n<p dir=\"ltr\">Entrada: Gratuita.<\/p>\n<p>&#13;<\/p>\n<p dir=\"ltr\">Classifica\u00e7\u00e3o: A partir de 16 anos.<\/p>\n<p>&#13;<\/p>\n<p dir=\"ltr\">Realiza\u00e7\u00e3o: Lei Paulo Gustavo do Minist\u00e9rio da Cultura do Governo Federal do Brasil e Prefeitura de Limeira, atrav\u00e9s da Secretaria de Cultura.<\/p>\n<p>&#13;<\/p>\n<p dir=\"ltr\">\u00a0<\/p>\n<p>&#13;<\/p>\n<p dir=\"ltr\"><strong>Teatro: Sem Fim<\/strong><\/p>\n<p>&#13;<\/p>\n<p dir=\"ltr\">Quarta-feira (29), \u00e0s 14h &#8211; Teatro Vit\u00f3ria Emiliano Bernardo da Silva<\/p>\n<p>&#13;<\/p>\n<p dir=\"ltr\">Diane Ichimaru, da Confraria da Dan\u00e7a, junta duas artes similares e faz um espet\u00e1culo grandioso e cheio de emo\u00e7\u00f5es, unindo dan\u00e7a e teatro com bel\u00edssimas coreografias e textos maravilhosos. O questionamento da frase \u201cpenso, logo existo\u201d \u00e9 o mote inicial. A trilha musical mescla os g\u00eaneros erudito e antigo, acrescentando &#8220;pitadas\u201d de m\u00fasica progressista, utilizando trompa, percuss\u00e3o, piano, viola, violino, contrabaixo e efeitos de sintetizadores.<\/p>\n<p>&#13;<\/p>\n<p dir=\"ltr\">Entrada: Gratuita.\u00a0<\/p>\n<p>&#13;<\/p>\n<p dir=\"ltr\">Classifica\u00e7\u00e3o: Livre.<br \/>Realiza\u00e7\u00e3o: Confraria da Dan\u00e7a, com o apoio da Prefeitura, por meio da Secretaria de Cultura.<\/p>\n<p>&#13;<\/p>\n<p dir=\"ltr\">Dura\u00e7\u00e3o: 50 min.<\/p>\n<p>&#13;<\/p>\n<p dir=\"ltr\">\u00a0<\/p>\n<p>&#13;<\/p>\n<p dir=\"ltr\"><strong>Oficina: Dublagem<\/strong><\/p>\n<p>&#13;<\/p>\n<p dir=\"ltr\">Quinta-feira (30) e sexta-feira (31), das 19h \u00e0s 22h &#8211; Anfiteatro Dr. Olindo de Luca da Biblioteca Municipal\u00a0<\/p>\n<p>&#13;<\/p>\n<p dir=\"ltr\">A oficina de dublagem tem como objetivo proporcionar uma experi\u00eancia educativa e culturalmente enriquecedora para os participantes, oferecendo-lhes a oportunidade de aprender sobre a arte da dublagem, suas t\u00e9cnicas e processos. A oficina ser\u00e1 conduzida pelo profissional Leandro Munhoz, ator, dublador, locutor e radialista, com vasta experi\u00eancia no ensino de dublagem. \u00c9 uma oportunidade \u00fanica para os participantes explorarem as nuances da arte de dar voz a personagens de filmes, s\u00e9ries e desenhos animados. O objetivo \u00e9 fornecer uma compreens\u00e3o b\u00e1sica e introdut\u00f3ria sobre o que \u00e9 a dublagem, como funciona e sua import\u00e2ncia na ind\u00fastria do entretenimento.<\/p>\n<p>&#13;<\/p>\n<p dir=\"ltr\">Entrada: Gratuita, mediante inscri\u00e7\u00e3o pelo link\u00a0<a href=\"https:\/\/forms.gle\/hXhbserft1G488eEA\" target=\"_blank\" rel=\"noopener noreferrer\" data-saferedirecturl=\"https:\/\/www.google.com\/url?q=https:\/\/forms.gle\/hXhbserft1G488eEA&amp;source=gmail&amp;ust=1716917082144000&amp;usg=AOvVaw3Z3M674dFx_OCMrXd3Q61N\">https:\/\/forms.gle\/hXhbser<wbr\/>ft1G488eEA<\/a><\/p>\n<p>&#13;<\/p>\n<p dir=\"ltr\">Classifica\u00e7\u00e3o: A partir de 18 anos.<\/p>\n<p>&#13;<\/p>\n<p dir=\"ltr\">Realiza\u00e7\u00e3o: Lei Paulo Gustavo pelo Minist\u00e9rio da Cultura, com apoio da Prefeitura, por meio da Secretaria de Cultura.<\/p>\n<p>&#13;<\/p>\n<p dir=\"ltr\">\u00a0<\/p>\n<p>&#13;<\/p>\n<p dir=\"ltr\"><strong>Dan\u00e7a: 16\u00aa Edi\u00e7\u00e3o do Festival Ecodan\u00e7a<\/strong><\/p>\n<p>&#13;<\/p>\n<p dir=\"ltr\">S\u00e1bado (1\u00ba), \u00e0s 12h &#8211; Teatro Vit\u00f3ria Emiliano Bernardo da Silva<\/p>\n<p>&#13;<\/p>\n<p dir=\"ltr\">Em sua 16\u00aa edi\u00e7\u00e3o o festival busca a cria\u00e7\u00e3o de uma mostra competitiva que integra dan\u00e7a e ecologia, visando promover a conscientiza\u00e7\u00e3o ambiental por meio da express\u00e3o art\u00edstica. Ao unir esses dois elementos, se busca sensibilizar o p\u00fablico para as quest\u00f5es e desafios ambientais, incentivando a reflex\u00e3o e a a\u00e7\u00e3o sustent\u00e1vel. A dan\u00e7a, como forma de comunica\u00e7\u00e3o universal, permite transmitir mensagens poderosas sobre a import\u00e2ncia da preserva\u00e7\u00e3o do meio ambiente, enquanto a competi\u00e7\u00e3o estimula a excel\u00eancia e o comprometimento dos participantes. Dessa forma, a mostra competitiva de dan\u00e7a e ecologia n\u00e3o apenas enriquece o cen\u00e1rio cultural, mas tamb\u00e9m contribui para a constru\u00e7\u00e3o de um futuro mais consciente e respons\u00e1vel com o nosso planeta.<\/p>\n<p>&#13;<\/p>\n<p dir=\"ltr\">Entrada: Gratuita.<\/p>\n<p>&#13;<\/p>\n<p dir=\"ltr\">Classifica\u00e7\u00e3o: Livre<\/p>\n<p>&#13;<\/p>\n<p dir=\"ltr\">Realiza\u00e7\u00e3o: Lei Paulo Gustavo pela Prefeitura, atrav\u00e9s da Secretaria de Cultura e o Minist\u00e9rio da Cultura do Governo Federal do Brasil<\/p>\n<p>&#13;<\/p>\n<p dir=\"ltr\">\u00a0<\/p>\n<p>&#13;<\/p>\n<p dir=\"ltr\"><strong>M\u00fasica: Retreta com Banda Henrique Marques<\/strong><\/p>\n<p>&#13;<\/p>\n<p dir=\"ltr\">Domingo (2), \u00e0s 10h30 &#8211; Pra\u00e7a Toledo Barros<\/p>\n<p>&#13;<\/p>\n<p dir=\"ltr\">A Banda Henrique Marques se apresenta no coreto da pra\u00e7a Toledo Barros, na tradicional retreta dominical. No programa, obras da m\u00fasica instrumental e popular brasileira, como parte do fomento cultural local.<\/p>\n<p>&#13;<\/p>\n<p dir=\"ltr\">Entrada: Gratuita.<\/p>\n<p>&#13;<\/p>\n<p dir=\"ltr\">Classifica\u00e7\u00e3o: Livre.<\/p>\n<p>&#13;<\/p>\n<p dir=\"ltr\">Realiza\u00e7\u00e3o: Banda Henrique Marques, com o apoio da Prefeitura, por meio da Secretaria de Cultura.<\/p>\n<p>&#13;<\/p>\n<p dir=\"ltr\">Dura\u00e7\u00e3o: \u00a060 min.<\/p>\n<p>&#13;<\/p>\n<p dir=\"ltr\">\u00a0<\/p>\n<p>&#13;<\/p>\n<p dir=\"ltr\"><strong>Teatro Infantil: Patrulha Canina com Tracker<\/strong><br \/>Domingo (2), \u00e0s 16h &#8211; Teatro Vit\u00f3ria Emiliano Bernardo da Silva<\/p>\n<p>&#13;<\/p>\n<p dir=\"ltr\">Os her\u00f3is caninos mais amados do mundo, seguem ajudando com bravura todos aqueles que precisam ir para o show de Talentos da Baia da Aventura. Desta vez, n\u00e3o ser\u00e3o sete, e sim, oito personagens no espet\u00e1culo, contando com a chegada do incr\u00edvel Tracker e suas habilidades.<\/p>\n<p>&#13;<\/p>\n<p dir=\"ltr\">Entrada: R$ 60 (inteira) e R$ 30 (meia-entrada).<\/p>\n<p>&#13;<\/p>\n<p dir=\"ltr\">Classifica\u00e7\u00e3o: Livre.<br \/>Realiza\u00e7\u00e3o: Brincarte Produ\u00e7\u00f5es, com o apoio da Prefeitura, por meio da Secretaria de Cultura.<br \/>Dura\u00e7\u00e3o: 50min.<\/p>\n<p>&#13;<\/p>\n<p>\u00a0<\/p>\n<p>&#13;<br \/>\n&#13;<br \/>\n&#13;<br \/>\n&#13;<\/p>\n<aside class=\"list-related no-print\">&#13;<br \/>\n        &#13;<br \/>\n&#13;<\/p>\n<article class=\"list-item noticias \">&#13;<br \/>\n                    <a class=\"list-item__img\" href=\"https:\/\/limeira.sp.gov.br\/imprensa\/noticias\/cultura\/espetaculo-sem-fim-acontece-nesta-quarta-29\" tabindex=\"-1\" aria-hidden=\"true\" rel=\"noopener\">&#13;<br \/>\n                        <img data-recalc-dims=\"1\" decoding=\"async\" src=\"https:\/\/i0.wp.com\/ecrie.com.br\/sistema\/conteudos\/imagem\/m_137_0_1_27052024144357.jpeg?w=696&#038;ssl=1\" alt=\"Espet\u00e1culo \u201cSem Fim\u201d acontece nesta quarta (29)\"\/>&#13;<br \/>\n                    <\/a>&#13;<br \/>\n&#13;<br \/>\n                &#13;<br \/>\n            <\/article>\n<p>&#13;<\/p>\n<article class=\"list-item noticias \">&#13;<br \/>\n                    <a class=\"list-item__img\" href=\"https:\/\/limeira.sp.gov.br\/imprensa\/noticias\/cultura\/oficina-gratuita-de-roteiro-discute-sobre-violencia-psicologica-nesta-terca-28\" tabindex=\"-1\" aria-hidden=\"true\" rel=\"noopener\">&#13;<br \/>\n                        <img data-recalc-dims=\"1\" decoding=\"async\" src=\"https:\/\/i0.wp.com\/ecrie.com.br\/sistema\/conteudos\/imagem\/m_137_0_1_27052024142937.jpeg?w=696&#038;ssl=1\" alt=\"Oficina gratuita de roteiro discute sobre viol\u00eancia psicol\u00f3gica nesta ter\u00e7a (28)\"\/>&#13;<br \/>\n                    <\/a>&#13;<br \/>\n&#13;<br \/>\n                &#13;<br \/>\n            <\/article>\n<p>&#13;<\/p>\n<article class=\"list-item noticias \">&#13;<br \/>\n                    <a class=\"list-item__img\" href=\"https:\/\/limeira.sp.gov.br\/imprensa\/noticias\/cultura\/confira-os-servicos-municipais-no-feriado-de-corpuschristi\" tabindex=\"-1\" aria-hidden=\"true\" rel=\"noopener\">&#13;<br \/>\n                        <img data-recalc-dims=\"1\" decoding=\"async\" src=\"https:\/\/i0.wp.com\/ecrie.com.br\/sistema\/conteudos\/imagem\/m_137_0_1_27052024143547.jpg?w=696&#038;ssl=1\" alt=\"Confira os servi\u00e7os municipais no feriado de Corpus\u00a0Christi\"\/>&#13;<br \/>\n                    <\/a>&#13;<br \/>\n&#13;<br \/>\n                &#13;<br \/>\n            <\/article>\n<p>&#13;<br \/>\n    <\/aside>\n<p>&#13;<br \/>\n&#13;\n            <\/p><\/div>\n<p><br \/>\n<br \/><a href=\"https:\/\/limeira.sp.gov.br\/programacao-da-semana-traz-oficinas-espetaculos-danca-e-musica\" rel=\"noopener\">Informa\u00e7\u00f5es da PML <\/a><\/p>\n","protected":false},"excerpt":{"rendered":"<p>&#13; &#13; &#13; &#13; &#13; &#13; &#13; Os pr\u00f3ximos dias trazem oficinas de roteiro para cinema e dublagem, os espet\u00e1culos \u201cSem Fim\u201d e \u201cPatrulha Canina\u201d, al\u00e9m do festival Ecodan\u00e7a e retreta com a Banda Henrique Marques. &#13; Confira a agenda cultural: &#13; \u00a0 &#13; Oficina: Officina de Roteiro para Cinema &#8211; O X da Quest\u00e3o [&hellip;]<\/p>\n","protected":false},"author":1,"featured_media":3415,"comment_status":"open","ping_status":"open","sticky":false,"template":"","format":"standard","meta":{"_jetpack_newsletter_access":"","_jetpack_dont_email_post_to_subs":false,"_jetpack_newsletter_tier_id":0,"_jetpack_memberships_contains_paywalled_content":false,"_mbp_banners":[],"_jetpack_feature_clip_id":0,"_jetpack_memberships_contains_paid_content":false,"footnotes":"","jetpack_publicize_message":"","jetpack_publicize_feature_enabled":true,"jetpack_social_post_already_shared":true,"jetpack_social_options":{"image_generator_settings":{"template":"highway","default_image_id":0,"font":"","enabled":false},"version":2},"jetpack_post_was_ever_published":false},"categories":[16],"tags":[],"class_list":["post-6633","post","type-post","status-publish","format-standard","has-post-thumbnail","category-local"],"jetpack_publicize_connections":[],"jetpack-related-posts":[],"jetpack_shortlink":"https:\/\/wp.me\/p7Eq1F-1IZ","jetpack_sharing_enabled":true,"jetpack_featured_media_url":"https:\/\/i0.wp.com\/guialimeira.com.br\/news\/wp-content\/uploads\/2024\/05\/m_137_0_1_30042024143313.jpg?fit=1280%2C852&ssl=1","_links":{"self":[{"href":"https:\/\/guialimeira.com.br\/news\/wp-json\/wp\/v2\/posts\/6633","targetHints":{"allow":["GET"]}}],"collection":[{"href":"https:\/\/guialimeira.com.br\/news\/wp-json\/wp\/v2\/posts"}],"about":[{"href":"https:\/\/guialimeira.com.br\/news\/wp-json\/wp\/v2\/types\/post"}],"author":[{"embeddable":true,"href":"https:\/\/guialimeira.com.br\/news\/wp-json\/wp\/v2\/users\/1"}],"replies":[{"embeddable":true,"href":"https:\/\/guialimeira.com.br\/news\/wp-json\/wp\/v2\/comments?post=6633"}],"version-history":[{"count":0,"href":"https:\/\/guialimeira.com.br\/news\/wp-json\/wp\/v2\/posts\/6633\/revisions"}],"wp:featuredmedia":[{"embeddable":true,"href":"https:\/\/guialimeira.com.br\/news\/wp-json\/wp\/v2\/media\/3415"}],"wp:attachment":[{"href":"https:\/\/guialimeira.com.br\/news\/wp-json\/wp\/v2\/media?parent=6633"}],"wp:term":[{"taxonomy":"category","embeddable":true,"href":"https:\/\/guialimeira.com.br\/news\/wp-json\/wp\/v2\/categories?post=6633"},{"taxonomy":"post_tag","embeddable":true,"href":"https:\/\/guialimeira.com.br\/news\/wp-json\/wp\/v2\/tags?post=6633"}],"curies":[{"name":"wp","href":"https:\/\/api.w.org\/{rel}","templated":true}]}}