{"id":66323,"date":"2026-05-21T17:06:59","date_gmt":"2026-05-21T20:06:59","guid":{"rendered":"https:\/\/guialimeira.com.br\/fogazza-risoto-vinho-e-muito-mais-veja-o-cardapio-da-16a-festa-italiana\/"},"modified":"2026-05-21T17:06:59","modified_gmt":"2026-05-21T20:06:59","slug":"fogazza-risoto-vinho-e-muito-mais-veja-o-cardapio-da-16a-festa-italiana","status":"publish","type":"post","link":"https:\/\/guialimeira.com.br\/news\/fogazza-risoto-vinho-e-muito-mais-veja-o-cardapio-da-16a-festa-italiana\/","title":{"rendered":"Fogazza, risoto, vinho e muito mais: veja o card\u00e1pio da 16\u00aa Festa Italiana"},"content":{"rendered":"<p> <br \/>\n<\/p>\n<div id=\"\">&#13;<br \/>\n                    &#13;<br \/>\n&#13;<br \/>\n&#13;<br \/>\n&#13;<br \/>\n&#13;<br \/>\n&#13;<br \/>\n    <img data-recalc-dims=\"1\" decoding=\"async\" src=\"https:\/\/i0.wp.com\/ecrie.com.br\/sistema\/conteudos\/imagem\/m_137_0_1_21052026170510.jpeg?w=696&#038;ssl=1\" alt=\"Fogazza, risoto, vinho e muito mais: veja o card\u00e1pio da 16\u00aa Festa Italiana\"\/>&#13;<br \/>\n&#13;<br \/>\n&#13;<\/p>\n<p style=\"text-align: justify;\">Da tradicional fogazza aos risotos especiais, passando por massas, sobremesas t\u00edpicas e uma sele\u00e7\u00e3o de vinhos, a 16\u00aa Festa Italiana de Limeira promete uma experi\u00eancia gastron\u00f4mica marcada pela diversidade de sabores e alternativas para toda a fam\u00edlia. Integrado \u00e0s comemora\u00e7\u00f5es dos 200 anos do munic\u00edpio, o evento celebra a heran\u00e7a italiana presente na cultura, na culin\u00e1ria e na hist\u00f3ria da cidade.<\/p>\n<p>&#13;<\/p>\n<p style=\"text-align: justify;\">Entre os destaques do card\u00e1pio est\u00e3o massas como nhoque e espaguete, servidos com molhos tradicionais, al\u00e9m de risotos em diferentes vers\u00f5es. O menu re\u00fane ainda op\u00e7\u00f5es t\u00edpicas, como fogazza, polenta, espetinhos, pamonha e curau, com valores a partir de R$ 12. As sobremesas tamb\u00e9m prometem conquistar o p\u00fablico, com doces tradicionais da culin\u00e1ria italiana e outras op\u00e7\u00f5es artesanais, com pre\u00e7os entre R$ 12 e R$ 18.<\/p>\n<p>&#13;<\/p>\n<p style=\"text-align: justify;\">A sele\u00e7\u00e3o de bebidas re\u00fane desde refrigerantes, \u00e1gua, cervejas e chopp at\u00e9 uma carta de vinhos especiais, refor\u00e7ando a conex\u00e3o com as ra\u00edzes italianas. As bebidas ter\u00e3o pre\u00e7os a partir de R$ 5.<\/p>\n<p>&#13;<\/p>\n<p style=\"text-align: justify;\">Para o prefeito Murilo F\u00e9lix, a Festa Italiana representa mais do que uma celebra\u00e7\u00e3o gastron\u00f4mica, sendo tamb\u00e9m um espa\u00e7o de valoriza\u00e7\u00e3o da hist\u00f3ria e da identidade cultural da cidade. \u201cA Festa Italiana j\u00e1 faz parte do calend\u00e1rio de Limeira e tem um papel importante na preserva\u00e7\u00e3o das tradi\u00e7\u00f5es que ajudaram a formar o munic\u00edpio. \u00c9 um evento que une cultura, gastronomia e conviv\u00eancia, fortalecendo o sentimento de pertencimento da nossa popula\u00e7\u00e3o\u201d, destaca.<\/p>\n<p>&#13;<\/p>\n<p style=\"text-align: justify;\">A Festa Italiana tamb\u00e9m contar\u00e1 com uma \u00e1rea exclusiva de brinquedos voltada ao p\u00fablico infantil, shows e servi\u00e7os de sa\u00fade gratuitos.<\/p>\n<p>&#13;<\/p>\n<p style=\"text-align: justify;\"><strong>PROGRAMA\u00c7\u00c3O 16\u00aa FESTA ITALIANA<\/strong><\/p>\n<p>&#13;<\/p>\n<p style=\"text-align: justify;\">S\u00e1bado \u2013 23 de maio<br \/>16h \u2013 Chicago Jazz Band<br \/>19h \u2013 Tony Angeli<\/p>\n<p>&#13;<\/p>\n<p style=\"text-align: justify;\">Domingo \u2013 24 de maio<br \/>10h \u2013 Missa Italiana<br \/>12h \u2013 Banda Via Roma e Os 3 Tenores<br \/>13h30 \u2013 Apresenta\u00e7\u00e3o das Crian\u00e7as da Escola Tenente Aviador<br \/>14h \u2013 Apresenta\u00e7\u00e3o do Grupo de Dan\u00e7a Santa Ol\u00edmpia, de Piracicaba<br \/>15h \u2013 Ulisses Montoni<\/p>\n<p>&#13;<\/p>\n<p style=\"text-align: justify;\">O Evento \u00e9 organizado pela Secretaria de Turismo e Eventos e est\u00e1 alinhado ao Objetivo de Desenvolvimento Sustent\u00e1vel (ODS) 11, da Agenda 2030 da ONU, que promove cidades e comunidades mais sustent\u00e1veis, inclusivas e resilientes.<\/p>\n<p>&#13;<br \/>\n&#13;<br \/>\n&#13;<br \/>\n&#13;<\/p>\n<article class=\"conteudo-relacionado no-print\">&#13;<br \/>\n        &#13;<br \/>\n&#13;<br \/>\n        &#13;<br \/>\n    <\/article>\n<p>&#13;<br \/>\n&#13;\n                <\/p><\/div>\n<p><br \/>\n<br \/><a href=\"https:\/\/limeira.sp.gov.br\/fogazza-risoto-vinho-e-muito-mais-veja-o-cardapio-da-16-festa-italiana\" rel=\"noopener\">Informa\u00e7\u00f5es da PML <\/a><\/p>\n","protected":false},"excerpt":{"rendered":"<p>&#13; &#13; &#13; &#13; &#13; &#13; &#13; &#13; &#13; &#13; Da tradicional fogazza aos risotos especiais, passando por massas, sobremesas t\u00edpicas e uma sele\u00e7\u00e3o de vinhos, a 16\u00aa Festa Italiana de Limeira promete uma experi\u00eancia gastron\u00f4mica marcada pela diversidade de sabores e alternativas para toda a fam\u00edlia. Integrado \u00e0s comemora\u00e7\u00f5es dos 200 anos do munic\u00edpio, [&hellip;]<\/p>\n","protected":false},"author":1,"featured_media":66324,"comment_status":"","ping_status":"open","sticky":false,"template":"","format":"standard","meta":{"_jetpack_newsletter_access":"","_jetpack_dont_email_post_to_subs":false,"_jetpack_newsletter_tier_id":0,"_jetpack_memberships_contains_paywalled_content":false,"_mbp_banners":[],"_jetpack_feature_clip_id":0,"_jetpack_memberships_contains_paid_content":false,"footnotes":"","jetpack_publicize_message":"","jetpack_publicize_feature_enabled":true,"jetpack_social_post_already_shared":true,"jetpack_social_options":{"image_generator_settings":{"template":"highway","default_image_id":0,"font":"","enabled":false},"version":2},"jetpack_post_was_ever_published":false},"categories":[16],"tags":[],"class_list":["post-66323","post","type-post","status-publish","format-standard","has-post-thumbnail","category-local"],"jetpack_publicize_connections":[],"jetpack-related-posts":[],"jetpack_shortlink":"https:\/\/wp.me\/p7Eq1F-hfJ","jetpack_sharing_enabled":true,"jetpack_featured_media_url":"https:\/\/i0.wp.com\/guialimeira.com.br\/news\/wp-content\/uploads\/2026\/05\/m_137_0_1_21052026170510.jpeg?fit=1024%2C576&ssl=1","_links":{"self":[{"href":"https:\/\/guialimeira.com.br\/news\/wp-json\/wp\/v2\/posts\/66323","targetHints":{"allow":["GET"]}}],"collection":[{"href":"https:\/\/guialimeira.com.br\/news\/wp-json\/wp\/v2\/posts"}],"about":[{"href":"https:\/\/guialimeira.com.br\/news\/wp-json\/wp\/v2\/types\/post"}],"author":[{"embeddable":true,"href":"https:\/\/guialimeira.com.br\/news\/wp-json\/wp\/v2\/users\/1"}],"replies":[{"embeddable":true,"href":"https:\/\/guialimeira.com.br\/news\/wp-json\/wp\/v2\/comments?post=66323"}],"version-history":[{"count":0,"href":"https:\/\/guialimeira.com.br\/news\/wp-json\/wp\/v2\/posts\/66323\/revisions"}],"wp:featuredmedia":[{"embeddable":true,"href":"https:\/\/guialimeira.com.br\/news\/wp-json\/wp\/v2\/media\/66324"}],"wp:attachment":[{"href":"https:\/\/guialimeira.com.br\/news\/wp-json\/wp\/v2\/media?parent=66323"}],"wp:term":[{"taxonomy":"category","embeddable":true,"href":"https:\/\/guialimeira.com.br\/news\/wp-json\/wp\/v2\/categories?post=66323"},{"taxonomy":"post_tag","embeddable":true,"href":"https:\/\/guialimeira.com.br\/news\/wp-json\/wp\/v2\/tags?post=66323"}],"curies":[{"name":"wp","href":"https:\/\/api.w.org\/{rel}","templated":true}]}}