{"id":66321,"date":"2026-05-21T17:02:20","date_gmt":"2026-05-21T20:02:20","guid":{"rendered":"https:\/\/guialimeira.com.br\/com-acoes-itinerantes-vacinacao-contra-gripe-cresce-56-em-limeira\/"},"modified":"2026-05-21T17:02:20","modified_gmt":"2026-05-21T20:02:20","slug":"com-acoes-itinerantes-vacinacao-contra-gripe-cresce-56-em-limeira","status":"publish","type":"post","link":"https:\/\/guialimeira.com.br\/news\/com-acoes-itinerantes-vacinacao-contra-gripe-cresce-56-em-limeira\/","title":{"rendered":"Com a\u00e7\u00f5es itinerantes, vacina\u00e7\u00e3o contra gripe cresce 56% em Limeira"},"content":{"rendered":"<p> <br \/>\n<\/p>\n<div id=\"\">&#13;<br \/>\n                    &#13;<br \/>\n&#13;<br \/>\n&#13;<br \/>\n&#13;<br \/>\n&#13;<br \/>\n&#13;<br \/>\n    <img decoding=\"async\" src=\"https:\/\/ecrie.com.br\/sistema\/conteudos\/imagem\/m_137_0_1_21052026170115.jfif\" alt=\"Com a\u00e7\u00f5es itinerantes, vacina\u00e7\u00e3o contra gripe cresce 56% em Limeira\"\/>&#13;<br \/>\n&#13;<br \/>\n&#13;<\/p>\n<p style=\"text-align: justify;\"><span style=\"font-family: Arial, sans-serif;\"><br \/><\/span><span style=\"font-family: Arial, sans-serif;\">A campanha de vacina\u00e7\u00e3o contra a gripe em Limeira registrou crescimento significativo em 2026, em compara\u00e7\u00e3o com o mesmo per\u00edodo do ano passado. Dados da Secretaria de Sa\u00fade apontam que, at\u00e9 o in\u00edcio de maio deste ano, foram aplicadas 24.401 doses nos grupos priorit\u00e1rios, enquanto no mesmo per\u00edodo de 2025, o n\u00famero era de 15.611 imuniza\u00e7\u00f5es \u2014 um aumento de aproximadamente 56%.<\/span><\/p>\n<p>&#13;<\/p>\n<p style=\"text-align: justify;\"><span style=\"font-family: Arial, sans-serif;\">Embora a cobertura ainda esteja abaixo da meta, o percentual geral de cobertura tamb\u00e9m apresentou avan\u00e7o, passando de 14,2% em 2025 para 20,71% neste ano. O crescimento foi observado em praticamente todos os p\u00fablicos priorit\u00e1rios da campanha.<\/span><\/p>\n<p>&#13;<\/p>\n<p style=\"text-align: justify;\"><span style=\"font-family: Arial, sans-serif;\">Entre os idosos, por exemplo, a cobertura subiu de 24,7% para 31,3%. Entre os trabalhadores da sa\u00fade, o \u00edndice mais que triplicou, passando de 3,3% para 10,8%. J\u00e1 entre as gestantes, a vacina\u00e7\u00e3o avan\u00e7ou de 4,87% para 22,33%. O grupo de pessoas com comorbidades tamb\u00e9m apresentou aumento expressivo, saindo de 5,78% para 13,6%.<\/span><\/p>\n<p>&#13;<\/p>\n<p style=\"text-align: justify;\"><span style=\"font-family: Arial, sans-serif;\">Segundo a Secretaria de Sa\u00fade, um dos fatores que contribu\u00edram para o resultado foi a intensifica\u00e7\u00e3o da vacina\u00e7\u00e3o itinerante, com equipes atuando em feiras livres, eventos p\u00fablicos e outros locais de grande circula\u00e7\u00e3o de pessoas. A estrat\u00e9gia facilitou o acesso da popula\u00e7\u00e3o \u00e0 vacina contra a gripe, al\u00e9m de outros imunizantes, e aproximou a campanha dos moradores.<\/span><\/p>\n<p>&#13;<\/p>\n<p style=\"text-align: justify;\"><span style=\"font-family: Arial, sans-serif;\">Al\u00e9m das a\u00e7\u00f5es externas, a imuniza\u00e7\u00e3o segue dispon\u00edvel nas Unidades B\u00e1sicas de Sa\u00fade (UBSs) do munic\u00edpio, de segunda a sexta-feira. A orienta\u00e7\u00e3o \u00e9 que os grupos priorit\u00e1rios garantam a prote\u00e7\u00e3o contra a gripe, especialmente neste per\u00edodo de temperaturas mais baixas e aumento das doen\u00e7as respirat\u00f3rias.<\/span><\/p>\n<p>&#13;<\/p>\n<p style=\"text-align: justify;\"><span style=\"font-family: Arial, sans-serif;\"><strong>P\u00fablico-alvo<\/strong><\/span><\/p>\n<p>&#13;<\/p>\n<p style=\"text-align: justify;\"><span style=\"font-family: Arial, sans-serif;\">Atualmente, a vacina\u00e7\u00e3o contra a gripe \u00e9 destinada a crian\u00e7as de 6 meses a menores de 6 anos, gestantes, pu\u00e9rperas, idosos (60+) e grupos priorit\u00e1rios (trabalhadores de sa\u00fade, pessoas com defici\u00eancia permanente, funcion\u00e1rios do Sistema de Priva\u00e7\u00e3o de Liberdade, pessoas com comorbidades, professores, pessoas em situa\u00e7\u00e3o de rua, integrantes das For\u00e7as de Seguran\u00e7a e Salvamento, caminhoneiros, trabalhadores de transporte coletivo rodovi\u00e1rio de passageiros urbano e de longo curso, trabalhadores dos Correios, etc).<\/span><\/p>\n<p>&#13;<\/p>\n<p style=\"text-align: justify;\">\u00a0<\/p>\n<p>&#13;<\/p>\n<p style=\"text-align: justify;\"><span style=\"font-family: Arial, sans-serif;\"><strong>Agenda de junho<\/strong><\/span><\/p>\n<p>&#13;<\/p>\n<p style=\"text-align: justify;\">\u00a0<\/p>\n<p>&#13;<\/p>\n<p style=\"text-align: justify;\"><span style=\"color: #333333;\"><span style=\"font-size: medium;\"><span style=\"font-family: Arial, sans-serif;\">A vacina\u00e7\u00e3o itinerante contra a gripe contar\u00e1, em junho, com 12 a\u00e7\u00f5es em diferentes pontos da cidade. Nas unidades da Pol\u00edcia Militar, a imuniza\u00e7\u00e3o ser\u00e1 direcionada exclusivamente aos integrantes das for\u00e7as de seguran\u00e7a. J\u00e1 nos demais locais, al\u00e9m da vacina contra a gripe destinada aos p\u00fablicos eleg\u00edveis, tamb\u00e9m estar\u00e3o dispon\u00edveis outr<\/span><\/span><\/span><span style=\"color: #333333;\"><span style=\"font-size: medium;\">as doses,<\/span><\/span><span style=\"color: #333333;\"><span style=\"font-size: medium;\"> entr<\/span><\/span><span style=\"color: #333333;\"><span style=\"font-size: medium;\">e elas:<\/span><\/span><span style=\"color: #333333;\"><span style=\"font-size: medium;\"> dupla-adulto (t\u00e9tano e dfteria), hepatite B, bronquiolite (para gr\u00e1vidas), febre amarela, meningite (ACWY), HPV <\/span><\/span><span style=\"color: #333333;\"><span style=\"font-size: medium;\">(pessoas de 9 a 19 anos, de ambos os sexos), <\/span><\/span><span style=\"color: #333333;\"><span style=\"font-size: medium;\">dengue (adolescentes de 10 a 14 anos), dengue adulto (profissionais de sa\u00fade at\u00e9 59 anos e adultos com 59 anos, 11 meses e 29 dias) <\/span><\/span><span style=\"color: #333333;\"><span style=\"font-size: medium;\">e<\/span><\/span><span style=\"color: #333333;\"><span style=\"font-size: medium;\"> covid-19. <\/span><\/span><span style=\"color: #333333;\"><span style=\"font-size: medium;\">Confira:<\/span><\/span><\/p>\n<p>&#13;<\/p>\n<p style=\"text-align: justify;\"><span style=\"color: #333333;\"><span style=\"font-family: Arial, sans-serif;\"><span style=\"font-size: medium;\">2\/6 &#8211; Sede do <\/span><\/span><\/span><span style=\"color: #333333;\"><span style=\"font-family: Arial, sans-serif;\"><span style=\"font-size: medium;\">36<\/span><\/span><\/span><span style=\"color: #333333;\"><span style=\"font-family: Times New Roman, serif;\"><span style=\"font-size: medium;\">\u00b0<\/span><\/span><\/span> <span style=\"color: #333333;\"><span style=\"font-family: Arial, sans-serif;\"><span style=\"font-size: medium;\">Batalh\u00e3o da PM, <\/span><\/span><\/span><span style=\"color: #333333;\"><span style=\"font-family: Arial, sans-serif;\"><span style=\"font-size: medium;\">na <\/span><\/span><\/span><span style=\"color: #333333;\"><span style=\"font-family: Arial, sans-serif;\"><span style=\"font-size: medium;\">Rua Jo\u00e3o Piccinini, 100, <\/span><\/span><\/span><span style=\"color: #333333;\"><span style=\"font-family: Arial, sans-serif;\"><span style=\"font-size: medium;\">no <\/span><\/span><\/span><span style=\"color: #333333;\"><span style=\"font-family: Arial, sans-serif;\"><span style=\"font-size: medium;\">Jd. Laranjeiras \u2013 <\/span><\/span><\/span><span style=\"color: #333333;\"><span style=\"font-family: Arial, sans-serif;\"><span style=\"font-size: medium;\">das <\/span><\/span><\/span><span style=\"color: #333333;\"><span style=\"font-family: Arial, sans-serif;\"><span style=\"font-size: medium;\">16h30 <\/span><\/span><\/span><span style=\"color: #333333;\"><span style=\"font-family: Arial, sans-serif;\"><span style=\"font-size: medium;\">\u00e0<\/span><\/span><\/span><span style=\"color: #333333;\"><span style=\"font-family: Arial, sans-serif;\"><span style=\"font-size: medium;\">s 20h<br \/>3\/6 \u2013 <\/span><\/span><\/span><span style=\"color: #333333;\"><span style=\"font-family: Arial, sans-serif;\"><span style=\"font-size: medium;\">1<\/span><\/span><\/span><span style=\"color: #333333;\"><span style=\"font-family: Liberation Serif, serif;\"><span style=\"font-size: medium;\">\u00aa<\/span><\/span><\/span><span style=\"color: #333333;\"><span style=\"font-family: Arial, sans-serif;\"><span style=\"font-size: medium;\"> Cia. da Pol\u00edcia Militar, na Rua Pernambuco, 722, na <\/span><\/span><\/span><span style=\"color: #333333;\"><span style=\"font-family: Arial, sans-serif;\"><span style=\"font-size: medium;\">Vila Cl\u00e1udia \u2013 <\/span><\/span><\/span><span style=\"color: #333333;\"><span style=\"font-family: Arial, sans-serif;\"><span style=\"font-size: medium;\">das <\/span><\/span><\/span><span style=\"color: #333333;\"><span style=\"font-family: Arial, sans-serif;\"><span style=\"font-size: medium;\">17h30 <\/span><\/span><\/span><span style=\"color: #333333;\"><span style=\"font-family: Arial, sans-serif;\"><span style=\"font-size: medium;\">\u00e0<\/span><\/span><\/span><span style=\"color: #333333;\"><span style=\"font-family: Arial, sans-serif;\"><span style=\"font-size: medium;\">s 20h30<br \/><\/span><\/span><\/span><span style=\"color: #333333;\"><span style=\"font-family: Arial, sans-serif;\"><span style=\"font-size: medium;\">5\/6 &#8211; Feira Noturna do Jd. S\u00e3o Louren\u00e7o, <\/span><\/span><\/span><span style=\"color: #333333;\"><span style=\"font-family: Arial, sans-serif;\"><span style=\"font-size: medium;\">na <\/span><\/span><\/span><span style=\"color: #333333;\"><span style=\"font-family: Arial, sans-serif;\"><span style=\"font-size: medium;\">Av. Dr. Lauro Corr\u00eaa da Silva, 6.525 \u2013 <\/span><\/span><\/span><span style=\"color: #333333;\"><span style=\"font-family: Arial, sans-serif;\"><span style=\"font-size: medium;\">das <\/span><\/span><\/span><span style=\"color: #333333;\"><span style=\"font-family: Arial, sans-serif;\"><span style=\"font-size: medium;\">17h <\/span><\/span><\/span><span style=\"color: #333333;\"><span style=\"font-family: Arial, sans-serif;\"><span style=\"font-size: medium;\">\u00e0<\/span><\/span><\/span><span style=\"color: #333333;\"><span style=\"font-family: Arial, sans-serif;\"><span style=\"font-size: medium;\">s 20h30<\/span><\/span><\/span><span style=\"color: #333333;\"><span style=\"font-family: Arial, sans-serif;\"><span style=\"font-size: medium;\"><br \/>6\/6 &#8211; Pra\u00e7a <\/span><\/span><\/span><span style=\"color: #333333;\"><span style=\"font-family: Arial, sans-serif;\"><span style=\"font-size: medium;\">Rosa Rosada Granzotto, no Jd. Nereide<\/span><\/span><\/span><span style=\"color: #333333;\"><span style=\"font-family: Arial, sans-serif;\"><span style=\"font-size: medium;\"> \u2013 <\/span><\/span><\/span><span style=\"color: #333333;\"><span style=\"font-family: Arial, sans-serif;\"><span style=\"font-size: medium;\">das <\/span><\/span><\/span><span style=\"color: #333333;\"><span style=\"font-family: Arial, sans-serif;\"><span style=\"font-size: medium;\">8h <\/span><\/span><\/span><span style=\"color: #333333;\"><span style=\"font-family: Arial, sans-serif;\"><span style=\"font-size: medium;\">\u00e0<\/span><\/span><\/span><span style=\"color: #333333;\"><span style=\"font-family: Arial, sans-serif;\"><span style=\"font-size: medium;\">s 13h<br \/>9\/6 &#8211; Feira Noturna do Parque Cidade \u2013 <\/span><\/span><\/span><span style=\"color: #333333;\"><span style=\"font-family: Arial, sans-serif;\"><span style=\"font-size: medium;\">das <\/span><\/span><\/span><span style=\"color: #333333;\"><span style=\"font-family: Arial, sans-serif;\"><span style=\"font-size: medium;\">17h <\/span><\/span><\/span><span style=\"color: #333333;\"><span style=\"font-family: Arial, sans-serif;\"><span style=\"font-size: medium;\">\u00e0<\/span><\/span><\/span><span style=\"color: #333333;\"><span style=\"font-family: Arial, sans-serif;\"><span style=\"font-size: medium;\">s 20h30<br \/>11\/6 \u2013 <\/span><\/span><\/span><span style=\"color: #333333;\"><span style=\"font-family: Arial, sans-serif;\"><span style=\"font-size: medium;\">5<\/span><\/span><\/span><span style=\"color: #333333;\"><span style=\"font-family: Liberation Serif, serif;\"><span style=\"font-size: medium;\">\u00aa<\/span><\/span><\/span><span style=\"color: #333333;\"><span style=\"font-family: Arial, sans-serif;\"><span style=\"font-size: medium;\"> Cia. da Pol\u00edcia Militar, Pra\u00e7a Primeiro de Maio, 145, no Jd. <\/span><\/span><\/span><span style=\"color: #333333;\"><span style=\"font-family: Arial, sans-serif;\"><span style=\"font-size: medium;\">Morro Azul \u2013 <\/span><\/span><\/span><span style=\"color: #333333;\"><span style=\"font-family: Arial, sans-serif;\"><span style=\"font-size: medium;\">das <\/span><\/span><\/span><span style=\"color: #333333;\"><span style=\"font-family: Arial, sans-serif;\"><span style=\"font-size: medium;\">17h <\/span><\/span><\/span><span style=\"color: #333333;\"><span style=\"font-family: Arial, sans-serif;\"><span style=\"font-size: medium;\">\u00e0<\/span><\/span><\/span><span style=\"color: #333333;\"><span style=\"font-family: Arial, sans-serif;\"><span style=\"font-size: medium;\">s 20h30<br \/>11\/6 &#8211; Feira Noturna do Limeir\u00e3o \u2013 <\/span><\/span><\/span><span style=\"color: #333333;\"><span style=\"font-family: Arial, sans-serif;\"><span style=\"font-size: medium;\">das <\/span><\/span><\/span><span style=\"color: #333333;\"><span style=\"font-family: Arial, sans-serif;\"><span style=\"font-size: medium;\">17h <\/span><\/span><\/span><span style=\"color: #333333;\"><span style=\"font-family: Arial, sans-serif;\"><span style=\"font-size: medium;\">\u00e0<\/span><\/span><\/span><span style=\"color: #333333;\"><span style=\"font-family: Arial, sans-serif;\"><span style=\"font-size: medium;\">s 20h30<br \/><\/span><\/span><\/span><span style=\"color: #333333;\"><span style=\"font-family: Arial, sans-serif;\"><span style=\"font-size: medium;\">14\/6 &#8211; Feira Livre da <\/span><\/span><\/span><span style=\"color: #333333;\"><span style=\"font-family: Arial, sans-serif;\"><span style=\"font-size: medium;\">Av<\/span><\/span><\/span><span style=\"color: #333333;\"><span style=\"font-family: Arial, sans-serif;\"><span style=\"font-size: medium;\">. Maestro Xixirri, <\/span><\/span><\/span><span style=\"color: #333333;\"><span style=\"font-family: Arial, sans-serif;\"><span style=\"font-size: medium;\">na Vila Esteves<\/span><\/span><\/span> <span style=\"color: #333333;\"><span style=\"font-family: Arial, sans-serif;\"><span style=\"font-size: medium;\">\u2013 <\/span><\/span><\/span><span style=\"color: #333333;\"><span style=\"font-family: Arial, sans-serif;\"><span style=\"font-size: medium;\">das <\/span><\/span><\/span><span style=\"color: #333333;\"><span style=\"font-family: Arial, sans-serif;\"><span style=\"font-size: medium;\">7h30 <\/span><\/span><\/span><span style=\"color: #333333;\"><span style=\"font-family: Arial, sans-serif;\"><span style=\"font-size: medium;\">\u00e0<\/span><\/span><\/span><span style=\"color: #333333;\"><span style=\"font-family: Arial, sans-serif;\"><span style=\"font-size: medium;\">s 11h30<br \/>19\/6 &#8211; Feira Noturna do Jd. S\u00e3o Louren\u00e7o, <\/span><\/span><\/span><span style=\"color: #333333;\"><span style=\"font-family: Arial, sans-serif;\"><span style=\"font-size: medium;\">na Av. Dr. Lauro Corr\u00eaa da Silva, 6.525<\/span><\/span><\/span><span style=\"color: #333333;\"><span style=\"font-family: Arial, sans-serif;\"><span style=\"font-size: medium;\"> \u2013 <\/span><\/span><\/span><span style=\"color: #333333;\"><span style=\"font-family: Arial, sans-serif;\"><span style=\"font-size: medium;\">das <\/span><\/span><\/span><span style=\"color: #333333;\"><span style=\"font-family: Arial, sans-serif;\"><span style=\"font-size: medium;\">17h <\/span><\/span><\/span><span style=\"color: #333333;\"><span style=\"font-family: Arial, sans-serif;\"><span style=\"font-size: medium;\">\u00e0<\/span><\/span><\/span><span style=\"color: #333333;\"><span style=\"font-family: Arial, sans-serif;\"><span style=\"font-size: medium;\">s 20h30<br \/>23\/6 &#8211; Feira Noturna do Parque Cidade \u2013 <\/span><\/span><\/span><span style=\"color: #333333;\"><span style=\"font-family: Arial, sans-serif;\"><span style=\"font-size: medium;\">das <\/span><\/span><\/span><span style=\"color: #333333;\"><span style=\"font-family: Arial, sans-serif;\"><span style=\"font-size: medium;\">17h <\/span><\/span><\/span><span style=\"color: #333333;\"><span style=\"font-family: Arial, sans-serif;\"><span style=\"font-size: medium;\">\u00e0<\/span><\/span><\/span><span style=\"color: #333333;\"><span style=\"font-family: Arial, sans-serif;\"><span style=\"font-size: medium;\">s 20h30<br \/>25\/6 &#8211; Feira Noturna do Limeir\u00e3o \u2013 <\/span><\/span><\/span><span style=\"color: #333333;\"><span style=\"font-family: Arial, sans-serif;\"><span style=\"font-size: medium;\">das <\/span><\/span><\/span><span style=\"color: #333333;\"><span style=\"font-family: Arial, sans-serif;\"><span style=\"font-size: medium;\">17h <\/span><\/span><\/span><span style=\"color: #333333;\"><span style=\"font-family: Arial, sans-serif;\"><span style=\"font-size: medium;\">\u00e0<\/span><\/span><\/span><span style=\"color: #333333;\"><span style=\"font-family: Arial, sans-serif;\"><span style=\"font-size: medium;\">s 20h30<br \/>28\/6 &#8211; Feira Livre da Av. Maestro Xixirri \u2013 <\/span><\/span><\/span><span style=\"color: #333333;\"><span style=\"font-family: Arial, sans-serif;\"><span style=\"font-size: medium;\">das <\/span><\/span><\/span><span style=\"color: #333333;\"><span style=\"font-family: Arial, sans-serif;\"><span style=\"font-size: medium;\">7h30 <\/span><\/span><\/span><span style=\"color: #333333;\"><span style=\"font-family: Arial, sans-serif;\"><span style=\"font-size: medium;\">\u00e0<\/span><\/span><\/span><span style=\"color: #333333;\"><span style=\"font-family: Arial, sans-serif;\"><span style=\"font-size: medium;\">s 11h30<br \/><\/span><\/span><\/span><\/p>\n<p>&#13;<br \/>\n&#13;<br \/>\n&#13;<br \/>\n&#13;<\/p>\n<article class=\"conteudo-relacionado no-print\">&#13;<br \/>\n        &#13;<br \/>\n&#13;<br \/>\n        &#13;<br \/>\n    <\/article>\n<p>&#13;<br \/>\n&#13;\n                <\/p><\/div>\n<p><br \/>\n<br \/><a href=\"https:\/\/limeira.sp.gov.br\/com-acoes-itinerantes-vacinacao-contra-gripe-cresce-56-em-limeira\" rel=\"noopener\">Informa\u00e7\u00f5es da PML <\/a><\/p>\n","protected":false},"excerpt":{"rendered":"<p>&#13; &#13; &#13; &#13; &#13; &#13; &#13; &#13; &#13; &#13; A campanha de vacina\u00e7\u00e3o contra a gripe em Limeira registrou crescimento significativo em 2026, em compara\u00e7\u00e3o com o mesmo per\u00edodo do ano passado. Dados da Secretaria de Sa\u00fade apontam que, at\u00e9 o in\u00edcio de maio deste ano, foram aplicadas 24.401 doses nos grupos priorit\u00e1rios, enquanto [&hellip;]<\/p>\n","protected":false},"author":1,"featured_media":66322,"comment_status":"","ping_status":"open","sticky":false,"template":"","format":"standard","meta":{"_jetpack_newsletter_access":"","_jetpack_dont_email_post_to_subs":false,"_jetpack_newsletter_tier_id":0,"_jetpack_memberships_contains_paywalled_content":false,"_mbp_banners":[],"_jetpack_feature_clip_id":0,"_jetpack_memberships_contains_paid_content":false,"footnotes":"","jetpack_publicize_message":"","jetpack_publicize_feature_enabled":true,"jetpack_social_post_already_shared":true,"jetpack_social_options":{"image_generator_settings":{"template":"highway","default_image_id":0,"font":"","enabled":false},"version":2},"jetpack_post_was_ever_published":false},"categories":[16],"tags":[],"class_list":["post-66321","post","type-post","status-publish","format-standard","has-post-thumbnail","category-local"],"jetpack_publicize_connections":[],"jetpack-related-posts":[],"jetpack_shortlink":"https:\/\/wp.me\/p7Eq1F-hfH","jetpack_sharing_enabled":true,"jetpack_featured_media_url":"https:\/\/guialimeira.com.br\/news\/wp-content\/uploads\/2026\/05\/m_137_0_1_21052026170115.jfif.pjpeg","_links":{"self":[{"href":"https:\/\/guialimeira.com.br\/news\/wp-json\/wp\/v2\/posts\/66321","targetHints":{"allow":["GET"]}}],"collection":[{"href":"https:\/\/guialimeira.com.br\/news\/wp-json\/wp\/v2\/posts"}],"about":[{"href":"https:\/\/guialimeira.com.br\/news\/wp-json\/wp\/v2\/types\/post"}],"author":[{"embeddable":true,"href":"https:\/\/guialimeira.com.br\/news\/wp-json\/wp\/v2\/users\/1"}],"replies":[{"embeddable":true,"href":"https:\/\/guialimeira.com.br\/news\/wp-json\/wp\/v2\/comments?post=66321"}],"version-history":[{"count":0,"href":"https:\/\/guialimeira.com.br\/news\/wp-json\/wp\/v2\/posts\/66321\/revisions"}],"wp:featuredmedia":[{"embeddable":true,"href":"https:\/\/guialimeira.com.br\/news\/wp-json\/wp\/v2\/media\/66322"}],"wp:attachment":[{"href":"https:\/\/guialimeira.com.br\/news\/wp-json\/wp\/v2\/media?parent=66321"}],"wp:term":[{"taxonomy":"category","embeddable":true,"href":"https:\/\/guialimeira.com.br\/news\/wp-json\/wp\/v2\/categories?post=66321"},{"taxonomy":"post_tag","embeddable":true,"href":"https:\/\/guialimeira.com.br\/news\/wp-json\/wp\/v2\/tags?post=66321"}],"curies":[{"name":"wp","href":"https:\/\/api.w.org\/{rel}","templated":true}]}}