{"id":66286,"date":"2026-05-21T10:50:53","date_gmt":"2026-05-21T13:50:53","guid":{"rendered":"https:\/\/guialimeira.com.br\/jose-carlos-angelo-e-empresa-nf-etiquetas-sao-homenageados-na-camara\/"},"modified":"2026-05-21T10:50:53","modified_gmt":"2026-05-21T13:50:53","slug":"jose-carlos-angelo-e-empresa-nf-etiquetas-sao-homenageados-na-camara","status":"publish","type":"post","link":"https:\/\/guialimeira.com.br\/news\/jose-carlos-angelo-e-empresa-nf-etiquetas-sao-homenageados-na-camara\/","title":{"rendered":"Jos\u00e9 Carlos \u00c2ngelo e empresa NF-Etiquetas s\u00e3o homenageados na C\u00e2mara"},"content":{"rendered":"<p>Jos\u00e9 Carlos \u00c2ngelo e empresa NF-Etiquetas s\u00e3o homenageados na C\u00e2mara<\/p>\n<p>A C\u00e2mara Municipal realizou nesta quarta-feira, 20 de maio, uma sess\u00e3o solene para entrega de T\u00edtulo de Cidad\u00e3o Limeirense a Jos\u00e9 Carlos \u00c2ngelo e Diploma de Gratid\u00e3o da Cidade de Limeira e a Medalha de M\u00e9rito C\u00edvico 15 de setembro &#8220;Ordem Tatuibi&#8221; \u00e0 NF-Etiquetas. As honrarias foram concedidas por meio do Decreto Legislativo N\u00ba 47\/2025 e Decreto Legislativo N\u00ba 15\/2026, de autoria do vereador Carlinhos do Grotta (PL). O evento foi realizado no Plen\u00e1rio Vereador Vit\u00f3rio Bortolan e foi transmitido nos canais de comunica\u00e7\u00e3o da C\u00e2mara, o v\u00eddeo est\u00e1 dispon\u00edvel neste link.<\/p>\n<p>Estiveram presentes na sess\u00e3o o presidente da C\u00e2mara, Everton Ferreira (PSD), o secret\u00e1rio de Cultura, Bruno Bortolan, representando o prefeito Murilo F\u00e9lix (Podemos), e o autor das duas homenagens, vereador Carlinhos do Grotta (PL).<\/p>\n<p>Jos\u00e9 Carlos \u00c2ngelo<\/p>\n<p>Natural de S\u00e3o Caetano do Sul (SP), Jos\u00e9 reside em Limeira desde 1994. O homenageado sempre acreditou na import\u00e2ncia de servir \u00e0 comunidade, destacou o parlamentar na justificativa do decreto. H\u00e1 17 anos integra o Rotary Club Limeira Norte , onde j\u00e1 atuou como presidente por dois mandatos, tesoureiro por oito anos, secret\u00e1rio e diretor de protocolo.<\/p>\n<p>O lema \u201cServir para transformar vidas\u201d se concretizou em a\u00e7\u00f5es como a doa\u00e7\u00e3o de uma m\u00e1quina para confec\u00e7\u00e3o de fraldas, a reforma de uma UBS de Limeira e a cria\u00e7\u00e3o de uma caixa para transporte de vacinas, entre outras iniciativas que beneficiam diretamente a comunidade em que Jos\u00e9 vive.<\/p>\n<p>NF-Etiquetas<\/p>\n<p>A NF-Etiquetas, conforme o texto legislativo, foi criada em 1997 por Nelson Cavalcante e Jos\u00e9 Freitas, com o objetivo de produzir etiquetas para brincos, an\u00e9is, correntes e rel\u00f3gios. No in\u00edcio das atividades, os fundadores adquiriram duas prensas e cinco ferramentas de corte, instalando os equipamentos nos fundos da resid\u00eancia de Nelson.<\/p>\n<p>No ano de 1998, a empresa passou a operar em um barrac\u00e3o para ampliar a produ\u00e7\u00e3o, contando com tr\u00eas colaboradores. Um ano depois, os empres\u00e1rios investiram no terreno onde a sede permanece at\u00e9 hoje e iniciaram a constru\u00e7\u00e3o de um galp\u00e3o de 160 m\u00b2. Uma mudan\u00e7a para o novo espa\u00e7o ocorreu em mar\u00e7o de 2000, o que permitiu o fim do aluguel, novos investimentos em m\u00e1quinas voltadas para a fabrica\u00e7\u00e3o de cartelas para joias.<\/p>\n<p>Mais tarde, em 2007, a empresa adquiriu uma f\u00e1brica de maletas e estojos, ampliando as atividades e aumentando o quadro de funcion\u00e1rios. Em 2012, a equipa j\u00e1 somava 40 colaboradores. Posteriormente, um novo barrac\u00e3o foi constru\u00eddo e, em 2019, a empresa alcan\u00e7ou 50 funcion\u00e1rios. Durante o per\u00edodo da pandemia, Nelson e Jos\u00e9 passaram a comercializar etiquetas e cartelas pela internet, estrat\u00e9gia que contribuiu para a continuidade do crescimento da produ\u00e7\u00e3o. Atualmente, a NF-Etiquetas conta com 65 funcion\u00e1rios.<\/p>\n<p>O parlamentar descreveu a trajet\u00f3ria dos empres\u00e1rios, ressaltando a contribui\u00e7\u00e3o da empresa para a gera\u00e7\u00e3o de empregos e para o desenvolvimento econ\u00f4mico e social do munic\u00edpio, motivo pelo qual merece reconhecimento da C\u00e2mara Municipal.<\/p>\n<hr>\n<p><em>Fonte: <a href=\"https:\/\/www.limeira.sp.leg.br\/noticias\/view\/2026-05-21_jose-carlos-angelo-e-empresa-nfetiquetas-sao-homenageados-na-camara\" target=\"_blank\" rel=\"noopener\">C\u00e2mara Municipal de Limeira<\/a><\/em><\/p>\n","protected":false},"excerpt":{"rendered":"<p>Jos\u00e9 Carlos \u00c2ngelo e empresa NF-Etiquetas s\u00e3o homenageados na C\u00e2mara<\/p>\n<p>A C\u00e2mara Municipal realizou nesta quarta-feira, 20 de maio, uma sess\u00e3o solene para entrega de T\u00edtulo de Cidad\u00e3o Limeirense a Jos\u00e9 Carlos \u00c2ngelo e Diploma de Gratid\u00e3o da Cidade de Limeira e a Medalha de M\u00e9rito C\u00edvico 15 de setembro<\/p>\n","protected":false},"author":4,"featured_media":66285,"comment_status":"","ping_status":"open","sticky":false,"template":"","format":"standard","meta":{"_jetpack_newsletter_access":"","_jetpack_dont_email_post_to_subs":false,"_jetpack_newsletter_tier_id":0,"_jetpack_memberships_contains_paywalled_content":false,"_mbp_banners":[],"_jetpack_feature_clip_id":0,"_jetpack_memberships_contains_paid_content":false,"footnotes":"","jetpack_publicize_message":"","jetpack_publicize_feature_enabled":true,"jetpack_social_post_already_shared":true,"jetpack_social_options":{"image_generator_settings":{"template":"highway","default_image_id":0,"font":"","enabled":false},"version":2},"jetpack_post_was_ever_published":false},"categories":[19],"tags":[],"class_list":["post-66286","post","type-post","status-publish","format-standard","has-post-thumbnail","category-politica"],"jetpack_publicize_connections":[],"jetpack-related-posts":[],"jetpack_shortlink":"https:\/\/wp.me\/p7Eq1F-hf8","jetpack_sharing_enabled":true,"jetpack_featured_media_url":"https:\/\/i0.wp.com\/guialimeira.com.br\/news\/wp-content\/uploads\/2026\/05\/noticia-camara-83.jpg?fit=1280%2C640&ssl=1","_links":{"self":[{"href":"https:\/\/guialimeira.com.br\/news\/wp-json\/wp\/v2\/posts\/66286","targetHints":{"allow":["GET"]}}],"collection":[{"href":"https:\/\/guialimeira.com.br\/news\/wp-json\/wp\/v2\/posts"}],"about":[{"href":"https:\/\/guialimeira.com.br\/news\/wp-json\/wp\/v2\/types\/post"}],"author":[{"embeddable":true,"href":"https:\/\/guialimeira.com.br\/news\/wp-json\/wp\/v2\/users\/4"}],"replies":[{"embeddable":true,"href":"https:\/\/guialimeira.com.br\/news\/wp-json\/wp\/v2\/comments?post=66286"}],"version-history":[{"count":0,"href":"https:\/\/guialimeira.com.br\/news\/wp-json\/wp\/v2\/posts\/66286\/revisions"}],"wp:featuredmedia":[{"embeddable":true,"href":"https:\/\/guialimeira.com.br\/news\/wp-json\/wp\/v2\/media\/66285"}],"wp:attachment":[{"href":"https:\/\/guialimeira.com.br\/news\/wp-json\/wp\/v2\/media?parent=66286"}],"wp:term":[{"taxonomy":"category","embeddable":true,"href":"https:\/\/guialimeira.com.br\/news\/wp-json\/wp\/v2\/categories?post=66286"},{"taxonomy":"post_tag","embeddable":true,"href":"https:\/\/guialimeira.com.br\/news\/wp-json\/wp\/v2\/tags?post=66286"}],"curies":[{"name":"wp","href":"https:\/\/api.w.org\/{rel}","templated":true}]}}