{"id":66281,"date":"2026-05-21T10:29:09","date_gmt":"2026-05-21T13:29:09","guid":{"rendered":"https:\/\/guialimeira.com.br\/produtores-rurais-recebem-primeiros-certificados-do-selo-agro-de-limeira\/"},"modified":"2026-05-21T10:29:09","modified_gmt":"2026-05-21T13:29:09","slug":"produtores-rurais-recebem-primeiros-certificados-do-selo-agro-de-limeira","status":"publish","type":"post","link":"https:\/\/guialimeira.com.br\/news\/produtores-rurais-recebem-primeiros-certificados-do-selo-agro-de-limeira\/","title":{"rendered":"Produtores rurais recebem primeiros certificados do Selo Agro de Limeira"},"content":{"rendered":"<p> <br \/>\n<\/p>\n<div id=\"\">&#13;<br \/>\n                    &#13;<br \/>\n&#13;<br \/>\n&#13;<br \/>\n&#13;<br \/>\n&#13;<br \/>\n&#13;<br \/>\n    <img data-recalc-dims=\"1\" decoding=\"async\" src=\"https:\/\/i0.wp.com\/ecrie.com.br\/sistema\/conteudos\/imagem\/m_137_0_1_21052026102713.jpg?w=696&#038;ssl=1\" alt=\"Produtores rurais recebem primeiros certificados do Selo Agro de Limeira\"\/>&#13;<br \/>\n&#13;<br \/>\n&#13;<\/p>\n<p>A Prefeitura de Limeira, por meio da Secretaria de Agroneg\u00f3cios e \u00c1reas Rurais, lan\u00e7ou nesta quarta-feira (20) o Selo Agro, que identifica e valoriza produtos a produ\u00e7\u00e3o agr\u00edcola do munic\u00edpio. O evento aconteceu durante a Feira do Produtor Rural, no Parque Cidade.<\/p>\n<p>&#13;<\/p>\n<p>Receberam o selo os produtores: Ester Asbahr Cornia (frutas, legumes, cereais, geleias e bolachas caseiras); Oscar Germano Sass (suco verde, suco de laranja, milho cozido, pamonha, curau e bolos caseiros); Carolina Furlan Carcaioli Bilato (cogumelos); Guilherme Vitor Hergert (hortali\u00e7as hidrop\u00f4nicas e p\u00e3o caseiro) e La\u00e9rcio Bueno (hortali\u00e7as, frutas, legumes, p\u00e3o e salgados).<\/p>\n<p>&#13;<\/p>\n<p>Institu\u00eddo por meio do Projeto de Lei n\u00ba 288\/25, de autoria do prefeito Murilo F\u00e9lix, o Selo Agro de Limeira tem como principal objetivo identificar e valorizar produtos oriundos da produ\u00e7\u00e3o agr\u00edcola do munic\u00edpio, fortalecendo a economia local e incentivando o consumo consciente.<\/p>\n<p>&#13;<\/p>\n<p>\u201cO Selo Agro \u00e9 uma forma de reconhecer o trabalho e a dedica\u00e7\u00e3o dos nossos produtores rurais, que t\u00eam papel fundamental no desenvolvimento econ\u00f4mico e na seguran\u00e7a alimentar de Limeira. Ao valorizar os produtos feitos aqui, fortalecemos a agricultura local, incentivamos o consumo consciente e aproximamos ainda mais o campo da cidade\u201d, destacou o prefeito Murilo F\u00e9lix.<\/p>\n<p>&#13;<\/p>\n<p>Com o slogan \u201cDa nossa terra para sua mesa\u201d, a iniciativa busca aproximar o campo da popula\u00e7\u00e3o urbana, promovendo a identidade agr\u00edcola de Limeira e estimulando circuitos curtos de comercializa\u00e7\u00e3o.<\/p>\n<p>&#13;<\/p>\n<p>O selo ser\u00e1 concedido de forma facultativa e gratuita aos agricultores e produtores locais, contemplando tr\u00eas categorias: produtos in natura de origem vegetal; produtos processados de origem vegetal e produtos de origem animal.<\/p>\n<p>&#13;<\/p>\n<p>Segundo a secret\u00e1ria de Agroneg\u00f3cios e \u00c1reas Rurais, Antonieta Polatto, a concess\u00e3o ser\u00e1 feita por produto, mediante cumprimento das exig\u00eancias legais e cadastro junto ao munic\u00edpio. \u201cAl\u00e9m de reconhecer a produ\u00e7\u00e3o local, o programa prev\u00ea a\u00e7\u00f5es de capacita\u00e7\u00e3o para produtores e possibilidade de expans\u00e3o do selo para restaurantes e estabelecimentos que utilizem insumos de origem local\u201d, afirma.<\/p>\n<p>&#13;<\/p>\n<p>Mais informa\u00e7\u00f5es sobre o selo podem ser conferidas no site: limeira.sp.gov.br\/agro. Essas pr\u00e1ticas est\u00e3o alinhadas aos objetivos 2 e 12 de Desenvolvimento Sustent\u00e1vel da ONU (ODS2 e ODS12).<\/p>\n<p>&#13;<br \/>\n&#13;<br \/>\n&#13;<br \/>\n&#13;<\/p>\n<article class=\"conteudo-relacionado no-print\">&#13;<br \/>\n        &#13;<br \/>\n&#13;<br \/>\n        &#13;<br \/>\n    <\/article>\n<p>&#13;<br \/>\n&#13;\n                <\/p><\/div>\n<p><br \/>\n<br \/><a href=\"https:\/\/limeira.sp.gov.br\/produtores-rurais-recebem-primeiros-certificados-do-selo-agro-de-limeira\" rel=\"noopener\">Informa\u00e7\u00f5es da PML <\/a><\/p>\n","protected":false},"excerpt":{"rendered":"<p>&#13; &#13; &#13; &#13; &#13; &#13; &#13; &#13; &#13; &#13; A Prefeitura de Limeira, por meio da Secretaria de Agroneg\u00f3cios e \u00c1reas Rurais, lan\u00e7ou nesta quarta-feira (20) o Selo Agro, que identifica e valoriza produtos a produ\u00e7\u00e3o agr\u00edcola do munic\u00edpio. O evento aconteceu durante a Feira do Produtor Rural, no Parque Cidade. &#13; Receberam o [&hellip;]<\/p>\n","protected":false},"author":1,"featured_media":66282,"comment_status":"","ping_status":"open","sticky":false,"template":"","format":"standard","meta":{"_jetpack_newsletter_access":"","_jetpack_dont_email_post_to_subs":false,"_jetpack_newsletter_tier_id":0,"_jetpack_memberships_contains_paywalled_content":false,"_mbp_banners":[],"_jetpack_feature_clip_id":0,"_jetpack_memberships_contains_paid_content":false,"footnotes":"","jetpack_publicize_message":"","jetpack_publicize_feature_enabled":true,"jetpack_social_post_already_shared":true,"jetpack_social_options":{"image_generator_settings":{"template":"highway","default_image_id":0,"font":"","enabled":false},"version":2},"jetpack_post_was_ever_published":false},"categories":[16],"tags":[],"class_list":["post-66281","post","type-post","status-publish","format-standard","has-post-thumbnail","category-local"],"jetpack_publicize_connections":[],"jetpack-related-posts":[],"jetpack_shortlink":"https:\/\/wp.me\/p7Eq1F-hf3","jetpack_sharing_enabled":true,"jetpack_featured_media_url":"https:\/\/i0.wp.com\/guialimeira.com.br\/news\/wp-content\/uploads\/2026\/05\/m_137_0_1_21052026102713.jpg?fit=1024%2C682&ssl=1","_links":{"self":[{"href":"https:\/\/guialimeira.com.br\/news\/wp-json\/wp\/v2\/posts\/66281","targetHints":{"allow":["GET"]}}],"collection":[{"href":"https:\/\/guialimeira.com.br\/news\/wp-json\/wp\/v2\/posts"}],"about":[{"href":"https:\/\/guialimeira.com.br\/news\/wp-json\/wp\/v2\/types\/post"}],"author":[{"embeddable":true,"href":"https:\/\/guialimeira.com.br\/news\/wp-json\/wp\/v2\/users\/1"}],"replies":[{"embeddable":true,"href":"https:\/\/guialimeira.com.br\/news\/wp-json\/wp\/v2\/comments?post=66281"}],"version-history":[{"count":0,"href":"https:\/\/guialimeira.com.br\/news\/wp-json\/wp\/v2\/posts\/66281\/revisions"}],"wp:featuredmedia":[{"embeddable":true,"href":"https:\/\/guialimeira.com.br\/news\/wp-json\/wp\/v2\/media\/66282"}],"wp:attachment":[{"href":"https:\/\/guialimeira.com.br\/news\/wp-json\/wp\/v2\/media?parent=66281"}],"wp:term":[{"taxonomy":"category","embeddable":true,"href":"https:\/\/guialimeira.com.br\/news\/wp-json\/wp\/v2\/categories?post=66281"},{"taxonomy":"post_tag","embeddable":true,"href":"https:\/\/guialimeira.com.br\/news\/wp-json\/wp\/v2\/tags?post=66281"}],"curies":[{"name":"wp","href":"https:\/\/api.w.org\/{rel}","templated":true}]}}