{"id":6628,"date":"2024-05-27T22:08:41","date_gmt":"2024-05-28T01:08:41","guid":{"rendered":"https:\/\/guialimeira.com.br\/2024\/05\/27\/normas-para-compra-de-arroz-importado-devem-sair-nesta-terca-feira\/"},"modified":"2024-05-27T22:08:41","modified_gmt":"2024-05-28T01:08:41","slug":"normas-para-compra-de-arroz-importado-devem-sair-nesta-terca-feira","status":"publish","type":"post","link":"https:\/\/guialimeira.com.br\/news\/normas-para-compra-de-arroz-importado-devem-sair-nesta-terca-feira\/","title":{"rendered":"Normas para compra de arroz importado devem sair nesta ter\u00e7a-feira"},"content":{"rendered":"<p> <br \/>\n<\/p>\n<div>\n<p>Uma nova portaria interministerial com as normativas para compra p\u00fablica de arroz polido importado pela Companhia Nacional de Abastecimento (Conab) deve ser publicada nesta ter\u00e7a-feira\u00a0(28), informou o ministro da Agricultura, Carlos F\u00e1varo.<img data-recalc-dims=\"1\" decoding=\"async\" src=\"https:\/\/i0.wp.com\/agenciabrasil.ebc.com.br\/ebc.png?w=696&#038;ssl=1\" style=\"width:1px; height:1px; display:inline;\"\/><img data-recalc-dims=\"1\" decoding=\"async\" src=\"https:\/\/i0.wp.com\/agenciabrasil.ebc.com.br\/ebc.gif?w=696&#038;ssl=1\" style=\"width:1px; height:1px; display:inline;\"\/><\/p>\n<p>Segundo F\u00e1varo, na sequ\u00eancia, deve sair o edital de leil\u00e3o para a compra. Previsto para ocorrer na \u00faltima ter\u00e7a-feira (21), o leil\u00e3o de 104 mil toneladas do cereal foi suspenso ap\u00f3s o governo constatar um aumento nos pre\u00e7os do produto de fornecedores dos pa\u00edses do Mercosul.<\/p>\n<p>\u201cA medida provis\u00f3ria [que autorizava a compra p\u00fablica] j\u00e1 foi reeditada, a portaria interministerial, deve estar saindo amanh\u00e3, e na sequ\u00eancia, o edital de leil\u00e3o de compra de arroz\u201d, disse o ministro ap\u00f3s reuni\u00e3o nesta segunda-feira (27) com representantes de entidades do setor de prote\u00edna animal, com a participa\u00e7\u00e3o do presidente Luiz In\u00e1cio Lula da Silva.<\/p>\n<p>O leil\u00e3o tem como objetivo garantir o abastecimento de arroz no pa\u00eds\u00a0ap\u00f3s as enchentes no Rio Grande do Sul, estado que responde por 70% da oferta nacional do produto. Atualmente, a maior parte das importa\u00e7\u00f5es de arroz vem do pr\u00f3prio Mercosul, sem pagar tarifa de importa\u00e7\u00e3o.<\/p>\n<p>Na semana passada, o Comit\u00ea Executivo de Gest\u00e3o (Gecex) da C\u00e2mara de Com\u00e9rcio Exterior (Camex)\u00a0<a href=\"https:\/\/agenciabrasil.ebc.com.br\/economia\/noticia\/2024-05\/conab-suspende-leilao-para-compra-de-104-mil-toneladas-de-arroz-polido\" target=\"_blank\" rel=\"noopener\">zerou as tarifas<\/a> para dois tipos n\u00e3o parbolizados e um tipo polido\/brunido do gr\u00e3o.\u00a0A medida vale at\u00e9 31 de dezembro. A Secretaria de Com\u00e9rcio Exterior (Secex) do Mdic vai monitorar a situa\u00e7\u00e3o para reavaliar o per\u00edodo de vig\u00eancia, caso necess\u00e1rio.<\/p>\n<p>Para zerar as tarifas, os tr\u00eas tipos de arroz foram inclu\u00eddos na Lista de Exce\u00e7\u00f5es \u00e0 Tarifa Externa Comum (Letec) do Mercosul. A medida, informou o Minist\u00e9rio do Desenvolvimento, Ind\u00fastria, Com\u00e9rcio e Servi\u00e7os (Mdic), foi pedida pelo Minist\u00e9rio da Agricultura e Pecu\u00e1ria e pela Companhia Nacional de Abastecimento (Conab).<\/p>\n<p>O Mdic informa que a redu\u00e7\u00e3o a zero da al\u00edquota abre espa\u00e7o para a compra de arroz de outros grandes produtores, como a Tail\u00e2ndia. At\u00e9 abril deste ano, o pa\u00eds asi\u00e1tico respondia por 18,2% das importa\u00e7\u00f5es brasileiras de arroz.<\/p>\n<\/p><\/div>\n<p><br \/>\n<br \/><a href=\"https:\/\/agenciabrasil.ebc.com.br\/economia\/noticia\/2024-05\/normas-para-compra-de-arroz-importado-devem-sair-nesta-terca-feira\" rel=\"noopener\">Ag\u00eancia Brasil<\/a><\/p>\n","protected":false},"excerpt":{"rendered":"<p>Uma nova portaria interministerial com as normativas para compra p\u00fablica de arroz polido importado pela Companhia Nacional de Abastecimento (Conab) deve ser publicada nesta ter\u00e7a-feira\u00a0(28), informou o ministro da Agricultura, Carlos F\u00e1varo. Segundo F\u00e1varo, na sequ\u00eancia, deve sair o edital de leil\u00e3o para a compra. Previsto para ocorrer na \u00faltima ter\u00e7a-feira (21), o leil\u00e3o de [&hellip;]<\/p>\n","protected":false},"author":1,"featured_media":6629,"comment_status":"open","ping_status":"open","sticky":false,"template":"","format":"standard","meta":{"_jetpack_newsletter_access":"","_jetpack_dont_email_post_to_subs":false,"_jetpack_newsletter_tier_id":0,"_jetpack_memberships_contains_paywalled_content":false,"_mbp_banners":[],"_jetpack_feature_clip_id":0,"_jetpack_memberships_contains_paid_content":false,"footnotes":"","jetpack_publicize_message":"","jetpack_publicize_feature_enabled":true,"jetpack_social_post_already_shared":true,"jetpack_social_options":{"image_generator_settings":{"template":"highway","default_image_id":0,"font":"","enabled":false},"version":2},"jetpack_post_was_ever_published":false},"categories":[24],"tags":[],"class_list":["post-6628","post","type-post","status-publish","format-standard","has-post-thumbnail","category-economia"],"jetpack_publicize_connections":[],"jetpack-related-posts":[],"jetpack_shortlink":"https:\/\/wp.me\/p7Eq1F-1IU","jetpack_sharing_enabled":true,"jetpack_featured_media_url":"https:\/\/i0.wp.com\/guialimeira.com.br\/news\/wp-content\/uploads\/2024\/05\/lula2802.jpg?fit=1600%2C800&ssl=1","_links":{"self":[{"href":"https:\/\/guialimeira.com.br\/news\/wp-json\/wp\/v2\/posts\/6628","targetHints":{"allow":["GET"]}}],"collection":[{"href":"https:\/\/guialimeira.com.br\/news\/wp-json\/wp\/v2\/posts"}],"about":[{"href":"https:\/\/guialimeira.com.br\/news\/wp-json\/wp\/v2\/types\/post"}],"author":[{"embeddable":true,"href":"https:\/\/guialimeira.com.br\/news\/wp-json\/wp\/v2\/users\/1"}],"replies":[{"embeddable":true,"href":"https:\/\/guialimeira.com.br\/news\/wp-json\/wp\/v2\/comments?post=6628"}],"version-history":[{"count":0,"href":"https:\/\/guialimeira.com.br\/news\/wp-json\/wp\/v2\/posts\/6628\/revisions"}],"wp:featuredmedia":[{"embeddable":true,"href":"https:\/\/guialimeira.com.br\/news\/wp-json\/wp\/v2\/media\/6629"}],"wp:attachment":[{"href":"https:\/\/guialimeira.com.br\/news\/wp-json\/wp\/v2\/media?parent=6628"}],"wp:term":[{"taxonomy":"category","embeddable":true,"href":"https:\/\/guialimeira.com.br\/news\/wp-json\/wp\/v2\/categories?post=6628"},{"taxonomy":"post_tag","embeddable":true,"href":"https:\/\/guialimeira.com.br\/news\/wp-json\/wp\/v2\/tags?post=6628"}],"curies":[{"name":"wp","href":"https:\/\/api.w.org\/{rel}","templated":true}]}}