{"id":66273,"date":"2026-05-21T09:12:17","date_gmt":"2026-05-21T12:12:17","guid":{"rendered":"https:\/\/guialimeira.com.br\/limeira-ultrapassa-3-milhoes-de-metros-quadrados-de-areas-capinadas\/"},"modified":"2026-05-21T09:12:17","modified_gmt":"2026-05-21T12:12:17","slug":"limeira-ultrapassa-3-milhoes-de-metros-quadrados-de-areas-capinadas","status":"publish","type":"post","link":"https:\/\/guialimeira.com.br\/news\/limeira-ultrapassa-3-milhoes-de-metros-quadrados-de-areas-capinadas\/","title":{"rendered":"Limeira ultrapassa 3 milh\u00f5es de metros quadrados de \u00e1reas capinadas"},"content":{"rendered":"<p> <br \/>\n<\/p>\n<div>\n                <main class=\"\">&#13;<br \/>\n                    &#13;<br \/>\n&#13;<br \/>\n&#13;<br \/>\n&#13;<br \/>\n&#13;<br \/>\n&#13;<br \/>\n    <img data-recalc-dims=\"1\" decoding=\"async\" src=\"https:\/\/i0.wp.com\/ecrie.com.br\/sistema\/conteudos\/imagem\/m_137_0_1_21052026091135.jpeg?w=696&#038;ssl=1\" alt=\"Limeira ultrapassa 3 milh\u00f5es de metros quadrados de \u00e1reas capinadas\"\/>&#13;<br \/>\n&#13;<br \/>\n&#13;<\/p>\n<p style=\"text-align: justify;\">Limeira alcan\u00e7ou 3 milh\u00f5es de metros quadrados de \u00e1reas capinadas e conservadas desde o in\u00edcio de 2025. O resultado \u00e9 fruto de um trabalho ininterrupto coordenado pela Secretaria de Meio Ambiente e Saneamento, com mais de dez equipes distribu\u00eddas em setores operacionais que cobrem toda a extens\u00e3o do munic\u00edpio.<\/p>\n<p>&#13;<\/p>\n<p style=\"text-align: justify;\">Segundo a Secretaria de Meio Ambiente e Saneamento, respons\u00e1vel pelo servi\u00e7o, as equipes foram ampliadas e uma plataforma desenvolvida internamente passou a integrar o mapeamento geogr\u00e1fico e o acompanhamento em tempo real de mais de mil \u00e1reas do munic\u00edpio, qualificando o planejamento e o controle das opera\u00e7\u00f5es. O cronograma completo est\u00e1 dispon\u00edvel no site da Prefeitura (limeira.sp.gov.br\/capina).<\/p>\n<p>&#13;<\/p>\n<p style=\"text-align: justify;\">Os servi\u00e7os n\u00e3o se restringem a terrenos e canteiros. Escolas municipais, centros infantis, pra\u00e7as, campos de futebol, unidades de sa\u00fade, gin\u00e1sios, centros comunit\u00e1rios e o anel vi\u00e1rio tamb\u00e9m integram o escopo das equipes, ampliando o impacto direto na qualidade dos espa\u00e7os p\u00fablicos usados pelos moradores.<\/p>\n<p>&#13;<\/p>\n<p style=\"text-align: justify;\">O prefeito Murilo F\u00e9lix refor\u00e7a que a participa\u00e7\u00e3o dos moradores \u00e9 parte estrat\u00e9gica do trabalho. &#8220;Mesmo com nossas equipes percorrendo a cidade diariamente, quem mais conhece os problemas do bairro \u00e9 quem vive nele. Por isso, pedimos que os mun\u00edcipes sinalizem pontos que ainda precisam de aten\u00e7\u00e3o. Essa informa\u00e7\u00e3o nos ajuda a atuar com mais precis\u00e3o e agilidade.&#8221;<\/p>\n<p>&#13;<\/p>\n<p style=\"text-align: justify;\">Solicita\u00e7\u00f5es podem ser feitas pelo canal 156, dispon\u00edvel por telefone, site e aplicativo: <a href=\"http:\/\/www.limeira.sp.gov.br\/156\" rel=\"noopener\">www.limeira.sp.gov.br\/156<\/a>.<\/p>\n<p>&#13;<br \/>\n&#13;<br \/>\n&#13;<br \/>\n&#13;<\/p>\n<article class=\"conteudo-relacionado no-print\">&#13;<br \/>\n        &#13;<br \/>\n&#13;<br \/>\n        &#13;<br \/>\n    <\/article>\n<p>&#13;<br \/>\n&#13;<br \/>\n                <\/main><\/p><\/div>\n<p><br \/>\n<br \/><a href=\"https:\/\/limeira.sp.gov.br\/limeira-ultrapassa-3-milhoes-de-metros-quadrados-de-areas-capinadas\" rel=\"noopener\">Informa\u00e7\u00f5es da PML <\/a><\/p>\n","protected":false},"excerpt":{"rendered":"<p>&#13; &#13; &#13; &#13; &#13; &#13; &#13; &#13; &#13; &#13; Limeira alcan\u00e7ou 3 milh\u00f5es de metros quadrados de \u00e1reas capinadas e conservadas desde o in\u00edcio de 2025. O resultado \u00e9 fruto de um trabalho ininterrupto coordenado pela Secretaria de Meio Ambiente e Saneamento, com mais de dez equipes distribu\u00eddas em setores operacionais que cobrem toda [&hellip;]<\/p>\n","protected":false},"author":1,"featured_media":66274,"comment_status":"","ping_status":"open","sticky":false,"template":"","format":"standard","meta":{"_jetpack_newsletter_access":"","_jetpack_dont_email_post_to_subs":false,"_jetpack_newsletter_tier_id":0,"_jetpack_memberships_contains_paywalled_content":false,"_mbp_banners":[],"_jetpack_feature_clip_id":0,"_jetpack_memberships_contains_paid_content":false,"footnotes":"","jetpack_publicize_message":"","jetpack_publicize_feature_enabled":true,"jetpack_social_post_already_shared":true,"jetpack_social_options":{"image_generator_settings":{"template":"highway","default_image_id":0,"font":"","enabled":false},"version":2},"jetpack_post_was_ever_published":false},"categories":[16],"tags":[],"class_list":["post-66273","post","type-post","status-publish","format-standard","has-post-thumbnail","category-local"],"jetpack_publicize_connections":[],"jetpack-related-posts":[],"jetpack_shortlink":"https:\/\/wp.me\/p7Eq1F-heV","jetpack_sharing_enabled":true,"jetpack_featured_media_url":"https:\/\/i0.wp.com\/guialimeira.com.br\/news\/wp-content\/uploads\/2026\/05\/m_137_0_1_21052026091135.jpeg?fit=1024%2C575&ssl=1","_links":{"self":[{"href":"https:\/\/guialimeira.com.br\/news\/wp-json\/wp\/v2\/posts\/66273","targetHints":{"allow":["GET"]}}],"collection":[{"href":"https:\/\/guialimeira.com.br\/news\/wp-json\/wp\/v2\/posts"}],"about":[{"href":"https:\/\/guialimeira.com.br\/news\/wp-json\/wp\/v2\/types\/post"}],"author":[{"embeddable":true,"href":"https:\/\/guialimeira.com.br\/news\/wp-json\/wp\/v2\/users\/1"}],"replies":[{"embeddable":true,"href":"https:\/\/guialimeira.com.br\/news\/wp-json\/wp\/v2\/comments?post=66273"}],"version-history":[{"count":0,"href":"https:\/\/guialimeira.com.br\/news\/wp-json\/wp\/v2\/posts\/66273\/revisions"}],"wp:featuredmedia":[{"embeddable":true,"href":"https:\/\/guialimeira.com.br\/news\/wp-json\/wp\/v2\/media\/66274"}],"wp:attachment":[{"href":"https:\/\/guialimeira.com.br\/news\/wp-json\/wp\/v2\/media?parent=66273"}],"wp:term":[{"taxonomy":"category","embeddable":true,"href":"https:\/\/guialimeira.com.br\/news\/wp-json\/wp\/v2\/categories?post=66273"},{"taxonomy":"post_tag","embeddable":true,"href":"https:\/\/guialimeira.com.br\/news\/wp-json\/wp\/v2\/tags?post=66273"}],"curies":[{"name":"wp","href":"https:\/\/api.w.org\/{rel}","templated":true}]}}