{"id":6625,"date":"2024-05-27T21:58:51","date_gmt":"2024-05-28T00:58:51","guid":{"rendered":"https:\/\/guialimeira.com.br\/2024\/05\/27\/sessao-ordinaria-tres-projetos-aprovados-pela-camara-nesta-segunda-feira-27-5\/"},"modified":"2024-05-27T21:58:51","modified_gmt":"2024-05-28T00:58:51","slug":"sessao-ordinaria-tres-projetos-aprovados-pela-camara-nesta-segunda-feira-27-5","status":"publish","type":"post","link":"https:\/\/guialimeira.com.br\/news\/sessao-ordinaria-tres-projetos-aprovados-pela-camara-nesta-segunda-feira-27-5\/","title":{"rendered":"Sess\u00e3o ordin\u00e1ria: tr\u00eas projetos aprovados pela C\u00e2mara nesta segunda-feira (27\/5)"},"content":{"rendered":"<p> <br \/>\n<\/p>\n<div>\n<p>Tr\u00eas projetos foram aprovados na sess\u00e3o ordin\u00e1ria da C\u00e2mara Municipal de Limeira desta segunda-feira, 27 de maio, durante a <a href=\"http:\/\/consulta.limeira.sp.leg.br\/Sessoes\/Documento\/346970\" rel=\"noopener\">Ordem do Dia<\/a>. Todas as propostas s\u00e3o de autoria dos vereadores. Um item foi adiado a pedido do proponente. No Expediente, momento destinado \u00e0 leitura dos documentos protocolados no Legislativo, foram debatidos requerimentos e votadas mo\u00e7\u00f5es.<\/p>\n<p><strong>Participa\u00e7\u00e3o popular<\/strong><\/p>\n<p>A Tribuna Livre, parte da sess\u00e3o destinada \u00e0 fala de mun\u00edcipes sobre assuntos de interesse da cidade, foi ocupada por Jair Flauzino de Paula. Ele discorreu sobre a<a href=\"http:\/\/legislacao.limeira.sp.leg.br\/Limeira-SP\/LeisOrdinarias\/6932-2023\" rel=\"noopener\"> Lei Ordin\u00e1ria n\u00ba 6.932\/2023<\/a>, do vereador Betinho Neves (MDB), que reconhece o Cord\u00e3o de Girassol como instrumento auxiliar de orienta\u00e7\u00e3o para identifica\u00e7\u00e3o de pessoas com defici\u00eancias ocultas para fins de atendimento priorit\u00e1rios.<\/p>\n<p>Flauzino elogiou a medida e sugeriu aprimoramento da legisla\u00e7\u00e3o pela C\u00e2mara de modo que a exig\u00eancia se estenda a estabelecimentos privados, como supermercados, bancos, farm\u00e1cias, bares, restaurantes e lojas em geral, para que se torne mais eficaz. O mun\u00edcipe citou como refer\u00eancia a<a href=\"https:\/\/www.camarasorocaba.sp.gov.br\/propositura.html?id=645a6eba4c67eeaebc9da913\" rel=\"noopener\"> Lei N\u00ba 12793\/2023<\/a>, do munic\u00edpio de Sorocaba.\u00a0\u00a0\u00a0<\/p>\n<p>Tamb\u00e9m falou em Plen\u00e1rio o padre J\u00falio Barbado, da Par\u00f3quia Jesus Cristo Bom Pastor, situada na regi\u00e3o do Jardim do Lago. Ele apresentou demandas \u00e0 \u00e1rea de mobilidade urbana, para melhorias na disponibilidade de vagas de estacionamento, bem como mudan\u00e7as em rotat\u00f3ria, instala\u00e7\u00e3o de sem\u00e1foro, no entorno da igreja; de modo que atenda com seguran\u00e7a o fluxo de ve\u00edculos e a circula\u00e7\u00e3o de pedestres.\u00a0\u00a0<\/p>\n<p>Confira as falas na \u00edntegra neste <a href=\"https:\/\/youtu.be\/vkGEtdn5Hqo?t=11320\" rel=\"noopener\">link<\/a>.<\/p>\n<p><strong>Resultado da vota\u00e7\u00e3o de<\/strong><a href=\"http:\/\/consulta.limeira.sp.leg.br\/Sessoes\/Documento\/346970\" rel=\"noopener\"><strong> Ordem do Dia<\/strong><\/a><strong>:<\/strong><\/p>\n<p>Aprovado &#8211;<a href=\"http:\/\/consulta.limeira.sp.leg.br\/Documentos\/Documento\/327229\" rel=\"noopener\"> Projeto de Lei N\u00ba 164\/2023<\/a>, do vereador Helder do Taxi (PSD), institui e inclui no Calend\u00e1rio Oficial de Eventos o Dia Municipal do Ros\u00e1rio da Virgem Maria.\u00a0<\/p>\n<p>Adiado &#8211;<a href=\"http:\/\/consulta.limeira.sp.leg.br\/Documentos\/Documento\/324330\" rel=\"noopener\"> Projeto de Lei N\u00b0 135\/2023<\/a>, do vereador Nilton Santos (Republicanos), disp\u00f5e sobre as autoriza\u00e7\u00f5es do Poder Executivo em realizar permutas.<\/p>\n<p>Aprovado &#8211;<a href=\"http:\/\/consulta.limeira.sp.leg.br\/Documentos\/Documento\/302453\" rel=\"noopener\"> Projeto de Lei N\u00b0 3\/2023<\/a>, de autoria da vereadora Lu Bogo (PL) que disp\u00f5e sobre o atendimento priorit\u00e1rio \u00e0s pessoas portadoras de l\u00fapus e ataxia em agendamento de consultas eletivas e exames no \u00e2mbito da rede municipal de sa\u00fade.<\/p>\n<p>Aprovado &#8211;<a href=\"http:\/\/consulta.limeira.sp.leg.br\/Documentos\/Documento\/340431\" rel=\"noopener\"> Projeto de Decreto Legislativo N\u00ba 5\/2024<\/a>, do vereador Elias Barbosa (PRTB), concede o T\u00edtulo de Cidad\u00e3o Limeirense a Francisco Gon\u00e7alves de Lima.<\/p>\n<\/p><\/div>\n<p><br \/>\n<br \/><a href=\"https:\/\/www.limeira.sp.leg.br\/noticias\/view\/2024-05-27_sessao-ordinaria-tres-projetos-aprovados-pela-camara-nesta-segundafeira-275\" rel=\"noopener\">Informa\u00e7\u00f5es CML<\/a><\/p>\n","protected":false},"excerpt":{"rendered":"<p>Tr\u00eas projetos foram aprovados na sess\u00e3o ordin\u00e1ria da C\u00e2mara Municipal de Limeira desta segunda-feira, 27 de maio, durante a Ordem do Dia. Todas as propostas s\u00e3o de autoria dos vereadores. Um item foi adiado a pedido do proponente. No Expediente, momento destinado \u00e0 leitura dos documentos protocolados no Legislativo, foram debatidos requerimentos e votadas mo\u00e7\u00f5es. [&hellip;]<\/p>\n","protected":false},"author":1,"featured_media":0,"comment_status":"open","ping_status":"open","sticky":false,"template":"","format":"standard","meta":{"_jetpack_newsletter_access":"","_jetpack_dont_email_post_to_subs":false,"_jetpack_newsletter_tier_id":0,"_jetpack_memberships_contains_paywalled_content":false,"_mbp_banners":[],"_jetpack_feature_clip_id":0,"_jetpack_memberships_contains_paid_content":false,"footnotes":"","jetpack_publicize_message":"","jetpack_publicize_feature_enabled":true,"jetpack_social_post_already_shared":true,"jetpack_social_options":{"image_generator_settings":{"template":"highway","default_image_id":0,"font":"","enabled":false},"version":2},"jetpack_post_was_ever_published":false},"categories":[19],"tags":[],"class_list":["post-6625","post","type-post","status-publish","format-standard","category-politica"],"jetpack_publicize_connections":[],"jetpack-related-posts":[],"jetpack_shortlink":"https:\/\/wp.me\/p7Eq1F-1IR","jetpack_sharing_enabled":true,"jetpack_featured_media_url":"","_links":{"self":[{"href":"https:\/\/guialimeira.com.br\/news\/wp-json\/wp\/v2\/posts\/6625","targetHints":{"allow":["GET"]}}],"collection":[{"href":"https:\/\/guialimeira.com.br\/news\/wp-json\/wp\/v2\/posts"}],"about":[{"href":"https:\/\/guialimeira.com.br\/news\/wp-json\/wp\/v2\/types\/post"}],"author":[{"embeddable":true,"href":"https:\/\/guialimeira.com.br\/news\/wp-json\/wp\/v2\/users\/1"}],"replies":[{"embeddable":true,"href":"https:\/\/guialimeira.com.br\/news\/wp-json\/wp\/v2\/comments?post=6625"}],"version-history":[{"count":0,"href":"https:\/\/guialimeira.com.br\/news\/wp-json\/wp\/v2\/posts\/6625\/revisions"}],"wp:attachment":[{"href":"https:\/\/guialimeira.com.br\/news\/wp-json\/wp\/v2\/media?parent=6625"}],"wp:term":[{"taxonomy":"category","embeddable":true,"href":"https:\/\/guialimeira.com.br\/news\/wp-json\/wp\/v2\/categories?post=6625"},{"taxonomy":"post_tag","embeddable":true,"href":"https:\/\/guialimeira.com.br\/news\/wp-json\/wp\/v2\/tags?post=6625"}],"curies":[{"name":"wp","href":"https:\/\/api.w.org\/{rel}","templated":true}]}}