{"id":66224,"date":"2026-05-20T17:50:54","date_gmt":"2026-05-20T20:50:54","guid":{"rendered":"https:\/\/guialimeira.com.br\/comissao-de-educacao-debate-projeto-que-autoriza-repasse-de-recursos-as-apms-para-agilizar-avcb-de-escolas\/"},"modified":"2026-05-20T17:50:54","modified_gmt":"2026-05-20T20:50:54","slug":"comissao-de-educacao-debate-projeto-que-autoriza-repasse-de-recursos-as-apms-para-agilizar-avcb-de-escolas","status":"publish","type":"post","link":"https:\/\/guialimeira.com.br\/news\/comissao-de-educacao-debate-projeto-que-autoriza-repasse-de-recursos-as-apms-para-agilizar-avcb-de-escolas\/","title":{"rendered":"Comiss\u00e3o de Educa\u00e7\u00e3o debate projeto que autoriza repasse de recursos \u00e0s APMs para agilizar AVCB de escolas\u00a0"},"content":{"rendered":"<p>Comiss\u00e3o de Educa\u00e7\u00e3o debate projeto que autoriza repasse de recursos \u00e0s APMs para agilizar AVCB de escolas<\/p>\n<p>A Comiss\u00e3o de Educa\u00e7\u00e3o e Ci\u00eancia da C\u00e2mara Municipal de Limeira analisou e discutiu nesta quarta-feira, 20 de maio, o Projeto de Lei (PL) N\u00ba 62\/2026, da Prefeitura, autoriza o repasse de recursos financeiros \u00e0s Associa\u00e7\u00f5es de Pais e Mestres (APM\u2019s), para a contrata\u00e7\u00e3o de servi\u00e7os e aquisi\u00e7\u00e3o de equipamentos e itens necess\u00e1rios \u00e0 obten\u00e7\u00e3o e renova\u00e7\u00e3o do Auto de Vistoria do Corpo de Bombeiros (AVCB) dos pr\u00e9dios escolares da rede municipal de ensino.<\/p>\n<p>O texto estava pautado para a sess\u00e3o ordin\u00e1ria de segunda-feira, 18 de maio, mas teve a tramita\u00e7\u00e3o prejudicada ap\u00f3s a apresenta\u00e7\u00e3o de emendas e o alinhamento entre os vereadores para que o tema fosse discutido na Comiss\u00e3o de Educa\u00e7\u00e3o com a categoria. O objetivo da discuss\u00e3o foi aprimorar a reda\u00e7\u00e3o da mat\u00e9ria legislativa em busca de conformidade sobre alguns pontos levantados pelos representantes de escolas.<\/p>\n<p>A Comiss\u00e3o de Educa\u00e7\u00e3o e Ci\u00eancias \u00e9 composta pelos vereadores Mariana Calsa (PSB), presidente; Nilton Santos (Republicanos), vice-presidente; e Marco Xavier (PP), secret\u00e1rio. O colegiado tem como compet\u00eancia a fiscaliza\u00e7\u00e3o de assuntos relacionados \u00e0 educa\u00e7\u00e3o e ao ensino.<\/p>\n<p>Os membros tamb\u00e9m s\u00e3o respons\u00e1veis por abordar a pol\u00edtica e sistema educacional nos aspectos institucionais, estruturais, funcionais e legais, al\u00e9m de opinarem acerca de projetos da rede municipal de ensino, programas e pol\u00edticas p\u00fablicas que tratem do ambiente escolar, dos professores e estudantes, bem como servidores da rede de ensino, servi\u00e7os, equipamentos e programas educacionais.<\/p>\n<p>Contribu\u00edram com o debate os diretores da rede municipal de ensino C\u00e1ssia Godoy, Cristiane Rodrigues da Silva, Kleice Regina Teodoro, Claudinei Pareschi, Anderson Luders, as diretoras do Sindsel, Eunice Lopes e Gisele Tomaz, al\u00e9m de servidores da Secretaria Municipal de Assuntos Jur\u00eddicos do Executivo.<\/p>\n<p>As delibera\u00e7\u00f5es s\u00e3o registradas em ata.<\/p>\n<p>Alinhamento<\/p>\n<p>Durante a reuni\u00e3o do colegiado, foi alinhado entre o Sindsel, diretores e a Prefeitura que o projeto receber\u00e1 altera\u00e7\u00f5es para se adequar \u00e0s necessidades levantadas por representantes das escolas municipais antes de retornar para a vota\u00e7\u00e3o dos vereadores em Plen\u00e1rio.<\/p>\n<p>Entre as demandas apresentadas, a diretora do Sindicato, Eunice Lopes, explanou acerca do impacto da proposta na rotina dos gestores escolares e sinalizou que a reda\u00e7\u00e3o do projeto original pode transferir obriga\u00e7\u00f5es administrativas ao diretor da escola, \u201cservidor que j\u00e1 responde integralmente pela gest\u00e3o pedag\u00f3gica das unidades\u201d. Ela informou ter recebido questionamentos dos gestores quanto \u00e0 operacionaliza\u00e7\u00e3o e ao acompanhamento t\u00e9cnico das obras necess\u00e1rias, manifestando preocupa\u00e7\u00e3o com a poss\u00edvel insufici\u00eancia dos valores a serem repassados pela Prefeitura.<\/p>\n<p>Os membros da Comiss\u00e3o debateram ainda sobre aus\u00eancia de previs\u00e3o de verbas destinadas ao custeio e pagamento do projeto t\u00e9cnico a ser aprovado pelo Corpo de Bombeiros. O representante do Poder Executivo Municipal comprometeu-se a formalizar a inclus\u00e3o dessa possibilidade de pagamento do projeto t\u00e9cnico mediante altera\u00e7\u00e3o do artigo 2\u00ba, altera\u00e7\u00e3o do par\u00e1grafo \u00fanico do art. 4\u00ba (necessidade de parecer da Secretaria de Obras e Urbanismo) e art. 5\u00ba (permitir os projetos que necessitem ser substitu\u00eddos ou atualizadas).<\/p>\n<p>Por fim, foi sugerida pela categoria a inser\u00e7\u00e3o de dispositivo expresso no texto legal que resguarde a responsabilidade dos diretores escolares, desvinculando-os formalmente de eventuais falhas t\u00e9cnicas de elabora\u00e7\u00e3o de projeto ou de execu\u00e7\u00e3o das respectivas obras.<\/p>\n<p>Sobre o PL N\u00ba 62\/2026<\/p>\n<p>Visando instituir mecanismos que viabilizem a obten\u00e7\u00e3o do AVCB dos pr\u00e9dios escolares da rede municipal de ensino de forma mais r\u00e1pida, o Projeto de Lei N\u00ba 62\/2026 que tramita na C\u00e2mara autoriza o repasse de recursos financeiros \u00e0s Associa\u00e7\u00f5es de Pais e Mestres (APM\u2019s), para a contrata\u00e7\u00e3o de servi\u00e7os e aquisi\u00e7\u00e3o de equipamentos e itens necess\u00e1rios \u00e0 obten\u00e7\u00e3o e renova\u00e7\u00e3o do documento.<\/p>\n<p>A propositura prev\u00ea que esses recursos dever\u00e3o ser utilizados para o pagamento de servi\u00e7os de manuten\u00e7\u00e3o e reparo das medidas de seguran\u00e7a contra inc\u00eandio especificados no projeto t\u00e9cnico aprovado pelo Corpo de Bombeiros; para treinamento de brigada de inc\u00eandio e aquisi\u00e7\u00e3o de equipamentos e itens constantes no projeto t\u00e9cnico. Os servi\u00e7os devem ser pontuais e ter prazo definido de in\u00edcio e fim. O repasse dos recursos ser\u00e1 realizado ap\u00f3s an\u00e1lise da Secretaria de Educa\u00e7\u00e3o e ratifica\u00e7\u00e3o da Secretaria de Obras e Servi\u00e7os P\u00fablicos.<\/p>\n<p>O projeto autoriza, ainda, a abertura de cr\u00e9ditos adicionais especiais ao or\u00e7amento do Munic\u00edpio at\u00e9 o valor de R$ 4.518.955,59.<\/p>\n<hr>\n<p><em>Fonte: <a href=\"https:\/\/www.limeira.sp.leg.br\/noticias\/view\/2026-05-20_comissao-de-educacao-debate-projeto-que-autoriza-repasse-de-recursos-as-apms-para-agilizar-avcb-de-escolas\" target=\"_blank\" rel=\"noopener\">C\u00e2mara Municipal de Limeira<\/a><\/em><\/p>\n","protected":false},"excerpt":{"rendered":"<p>Comiss\u00e3o de Educa\u00e7\u00e3o debate projeto que autoriza repasse de recursos \u00e0s APMs para agilizar AVCB de escolas\u00a0<\/p>\n<p>A Comiss\u00e3o de Educa\u00e7\u00e3o e Ci\u00eancia da C\u00e2mara Municipal de Limeira analisou e discutiu nesta quarta-feira, 20 de maio, o Projeto de Lei (PL) N\u00ba 62\/2026, da Prefeitura, autoriza o repasse de recu<\/p>\n","protected":false},"author":4,"featured_media":66223,"comment_status":"","ping_status":"open","sticky":false,"template":"","format":"standard","meta":{"_jetpack_newsletter_access":"","_jetpack_dont_email_post_to_subs":false,"_jetpack_newsletter_tier_id":0,"_jetpack_memberships_contains_paywalled_content":false,"_mbp_banners":[],"_jetpack_feature_clip_id":0,"_jetpack_memberships_contains_paid_content":false,"footnotes":"","jetpack_publicize_message":"","jetpack_publicize_feature_enabled":true,"jetpack_social_post_already_shared":true,"jetpack_social_options":{"image_generator_settings":{"template":"highway","default_image_id":0,"font":"","enabled":false},"version":2},"jetpack_post_was_ever_published":false},"categories":[19],"tags":[],"class_list":["post-66224","post","type-post","status-publish","format-standard","has-post-thumbnail","category-politica"],"jetpack_publicize_connections":[],"jetpack-related-posts":[],"jetpack_shortlink":"https:\/\/wp.me\/p7Eq1F-he8","jetpack_sharing_enabled":true,"jetpack_featured_media_url":"https:\/\/i0.wp.com\/guialimeira.com.br\/news\/wp-content\/uploads\/2026\/05\/noticia-camara-82.jpg?fit=1280%2C640&ssl=1","_links":{"self":[{"href":"https:\/\/guialimeira.com.br\/news\/wp-json\/wp\/v2\/posts\/66224","targetHints":{"allow":["GET"]}}],"collection":[{"href":"https:\/\/guialimeira.com.br\/news\/wp-json\/wp\/v2\/posts"}],"about":[{"href":"https:\/\/guialimeira.com.br\/news\/wp-json\/wp\/v2\/types\/post"}],"author":[{"embeddable":true,"href":"https:\/\/guialimeira.com.br\/news\/wp-json\/wp\/v2\/users\/4"}],"replies":[{"embeddable":true,"href":"https:\/\/guialimeira.com.br\/news\/wp-json\/wp\/v2\/comments?post=66224"}],"version-history":[{"count":0,"href":"https:\/\/guialimeira.com.br\/news\/wp-json\/wp\/v2\/posts\/66224\/revisions"}],"wp:featuredmedia":[{"embeddable":true,"href":"https:\/\/guialimeira.com.br\/news\/wp-json\/wp\/v2\/media\/66223"}],"wp:attachment":[{"href":"https:\/\/guialimeira.com.br\/news\/wp-json\/wp\/v2\/media?parent=66224"}],"wp:term":[{"taxonomy":"category","embeddable":true,"href":"https:\/\/guialimeira.com.br\/news\/wp-json\/wp\/v2\/categories?post=66224"},{"taxonomy":"post_tag","embeddable":true,"href":"https:\/\/guialimeira.com.br\/news\/wp-json\/wp\/v2\/tags?post=66224"}],"curies":[{"name":"wp","href":"https:\/\/api.w.org\/{rel}","templated":true}]}}