{"id":66222,"date":"2026-05-20T17:25:53","date_gmt":"2026-05-20T20:25:53","guid":{"rendered":"https:\/\/guialimeira.com.br\/moradores-do-jaguari-discutem-impactos-urbanos-em-reuniao-com-presidente-da-camara\/"},"modified":"2026-05-20T17:25:53","modified_gmt":"2026-05-20T20:25:53","slug":"moradores-do-jaguari-discutem-impactos-urbanos-em-reuniao-com-presidente-da-camara","status":"publish","type":"post","link":"https:\/\/guialimeira.com.br\/news\/moradores-do-jaguari-discutem-impactos-urbanos-em-reuniao-com-presidente-da-camara\/","title":{"rendered":"Moradores do Jaguari discutem impactos urbanos em reuni\u00e3o com presidente da C\u00e2mara"},"content":{"rendered":"<p>Moradores do Jaguari discutem impactos urbanos em reuni\u00e3o com presidente da C\u00e2mara<\/p>\n<p>Moradores do bairro Jaguari, na zona rural de Limeira, discutiram os impactos da urbaniza\u00e7\u00e3o em reuni\u00e3o realizada na manh\u00e3 desta ter\u00e7a-feira, 19 de maio, no gabinete do presidente da C\u00e2mara Municipal, vereador Everton Ferreira (PSD). No encontro, o grupo demonstrou preocupa\u00e7\u00f5es com o meio ambiente, em especial com os recursos h\u00eddricos, com a seguran\u00e7a e o tr\u00e2nsito, principalmente a necessidade de um novo trevo na via Anhanguera (SP-330).<\/p>\n<p>A reuni\u00e3o contou com a participa\u00e7\u00e3o de Valdir Francisco Siqueira, Robson Adriano Barbosa de Oliveira, Jaime Francisco e o professor Hiroshi Paulo Yoshizane.<\/p>\n<p>O primeiro assunto discutido foi a quest\u00e3o ambiental, especialmente sobre os recursos h\u00eddricos. Limeira capta \u00e1gua do rio Jaguari, pr\u00f3ximo da divisa com Americana. Antes de chegar a Limeira, o manancial, que nasce na Serra da Mantiqueira (MG), passa pela Grande S\u00e3o Paulo, Jaguari\u00fana, Bragan\u00e7a Paulista e Pedreira e depois encontra-se com o rio Atibaia, formando o rio Piracicaba. \u201cTemos uma preocupa\u00e7\u00e3o muito grande com a escassez de \u00e1gua e com represamentos antes da nossa esta\u00e7\u00e3o de capta\u00e7\u00e3o. Hoje, por exemplo, o rio Jaguari n\u00e3o tem mais peixes\u201d, afirmou Valdir.<\/p>\n<p>Everton Ferreira destacou que a sustentabilidade h\u00eddrica vem sendo um dos temas abordados em seu mandato, que j\u00e1 conheceu toda a Bacia do Ribeir\u00e3o Pinhal e as represas que podem ajudar no abastecimento de Limeira. \u201cTodas as represas existentes em nossa cidade deveriam ser alargadas e ampliadas. Isso ajudaria a aumentar a capacidade do ribeir\u00e3o do Pinhal, usado para abastecer Limeira em situa\u00e7\u00f5es de crise\u201d, declarou o presidente.<\/p>\n<p>Trevo da Anhanguera<\/p>\n<p>Outro impacto abordado foi a necessidade da implanta\u00e7\u00e3o de um novo trevo na Via Anhanguera na altura do bairro Jaguari. Isso porque a regi\u00e3o vem recebendo grandes ind\u00fastrias, ampliando o tr\u00e1fego de caminh\u00f5es.<\/p>\n<p>Os moradores estimam que esse fluxo chegar\u00e1 a 1.500 ve\u00edculos por dia no curto prazo. \u201cEssa situa\u00e7\u00e3o vem trazendo transtornos, com casas trincando\u201d, relatou Robson.<\/p>\n<p>A luta por um novo acesso, conforme o grupo, j\u00e1 dura mais de 40 anos.<\/p>\n<p>Seguran\u00e7a de energia<\/p>\n<p>A ocorr\u00eancia de assaltos no bairro tamb\u00e9m vem chamando a aten\u00e7\u00e3o dos moradores, que pedem a implanta\u00e7\u00e3o da Muralha Digital na regi\u00e3o e a melhora da ilumina\u00e7\u00e3o p\u00fablica. Tamb\u00e9m buscam com a Elektro a moderniza\u00e7\u00e3o da rede de energia, j\u00e1 que as interrup\u00e7\u00f5es s\u00e3o frequentes.<\/p>\n<p>De acordo com Everton Ferreira, a reuni\u00e3o foi bastante produtiva e para cada demanda ser\u00e1 buscado um posicionamento do poder p\u00fablico, tanto na esfera municipal como na estadual. \u201cA cobran\u00e7a por melhorias deve ser constante, at\u00e9 porque muitas fam\u00edlias e importantes empresas para nossa economia est\u00e3o localizadas no Jaguari\u201d, ressaltou.<\/p>\n<p>Do Gabinete da Presid\u00eancia<\/p>\n<p>*Fotos do Gabinete da Presid\u00eancia<\/p>\n<p>As mat\u00e9rias de origem dos Gabinetes Parlamentares s\u00e3o de inteira\u00a0 responsabilidade dos parlamentares e de suas assessorias. S\u00e3o devidamente assinadas e n\u00e3o refletem, necessariamente, a opini\u00e3o institucional da C\u00e2mara Municipal de Limeira.<\/p>\n<hr>\n<p><em>Fonte: <a href=\"https:\/\/www.limeira.sp.leg.br\/noticias\/view\/2026-05-20_moradores-do-jaguari-discutem-impactos-urbanos-em-reuniao-com-presidente-da-camara\" target=\"_blank\" rel=\"noopener\">C\u00e2mara Municipal de Limeira<\/a><\/em><\/p>\n","protected":false},"excerpt":{"rendered":"<p>Moradores do Jaguari discutem impactos urbanos em reuni\u00e3o com presidente da C\u00e2mara<\/p>\n<p>Moradores do bairro Jaguari, na zona rural de Limeira, discutiram os impactos da urbaniza\u00e7\u00e3o em reuni\u00e3o realizada na manh\u00e3 desta ter\u00e7a-feira, 19 de maio, no gabinete do presidente da C\u00e2mara Municipal, vereador Everto<\/p>\n","protected":false},"author":4,"featured_media":66221,"comment_status":"","ping_status":"open","sticky":false,"template":"","format":"standard","meta":{"_jetpack_newsletter_access":"","_jetpack_dont_email_post_to_subs":false,"_jetpack_newsletter_tier_id":0,"_jetpack_memberships_contains_paywalled_content":false,"_mbp_banners":[],"_jetpack_feature_clip_id":0,"_jetpack_memberships_contains_paid_content":false,"footnotes":"","jetpack_publicize_message":"","jetpack_publicize_feature_enabled":true,"jetpack_social_post_already_shared":true,"jetpack_social_options":{"image_generator_settings":{"template":"highway","default_image_id":0,"font":"","enabled":false},"version":2},"jetpack_post_was_ever_published":false},"categories":[19],"tags":[],"class_list":["post-66222","post","type-post","status-publish","format-standard","has-post-thumbnail","category-politica"],"jetpack_publicize_connections":[],"jetpack-related-posts":[],"jetpack_shortlink":"https:\/\/wp.me\/p7Eq1F-he6","jetpack_sharing_enabled":true,"jetpack_featured_media_url":"https:\/\/i0.wp.com\/guialimeira.com.br\/news\/wp-content\/uploads\/2026\/05\/noticia-camara-81.jpg?fit=1280%2C640&ssl=1","_links":{"self":[{"href":"https:\/\/guialimeira.com.br\/news\/wp-json\/wp\/v2\/posts\/66222","targetHints":{"allow":["GET"]}}],"collection":[{"href":"https:\/\/guialimeira.com.br\/news\/wp-json\/wp\/v2\/posts"}],"about":[{"href":"https:\/\/guialimeira.com.br\/news\/wp-json\/wp\/v2\/types\/post"}],"author":[{"embeddable":true,"href":"https:\/\/guialimeira.com.br\/news\/wp-json\/wp\/v2\/users\/4"}],"replies":[{"embeddable":true,"href":"https:\/\/guialimeira.com.br\/news\/wp-json\/wp\/v2\/comments?post=66222"}],"version-history":[{"count":0,"href":"https:\/\/guialimeira.com.br\/news\/wp-json\/wp\/v2\/posts\/66222\/revisions"}],"wp:featuredmedia":[{"embeddable":true,"href":"https:\/\/guialimeira.com.br\/news\/wp-json\/wp\/v2\/media\/66221"}],"wp:attachment":[{"href":"https:\/\/guialimeira.com.br\/news\/wp-json\/wp\/v2\/media?parent=66222"}],"wp:term":[{"taxonomy":"category","embeddable":true,"href":"https:\/\/guialimeira.com.br\/news\/wp-json\/wp\/v2\/categories?post=66222"},{"taxonomy":"post_tag","embeddable":true,"href":"https:\/\/guialimeira.com.br\/news\/wp-json\/wp\/v2\/tags?post=66222"}],"curies":[{"name":"wp","href":"https:\/\/api.w.org\/{rel}","templated":true}]}}