{"id":66206,"date":"2026-05-20T15:56:41","date_gmt":"2026-05-20T18:56:41","guid":{"rendered":"https:\/\/guialimeira.com.br\/tony-angeli-apresenta-classicos-da-musica-italiana-neste-sabado-em-limeira\/"},"modified":"2026-05-20T15:56:41","modified_gmt":"2026-05-20T18:56:41","slug":"tony-angeli-apresenta-classicos-da-musica-italiana-neste-sabado-em-limeira","status":"publish","type":"post","link":"https:\/\/guialimeira.com.br\/news\/tony-angeli-apresenta-classicos-da-musica-italiana-neste-sabado-em-limeira\/","title":{"rendered":"Tony Angeli apresenta cl\u00e1ssicos da m\u00fasica italiana neste s\u00e1bado em Limeira"},"content":{"rendered":"<p> <br \/>\n<\/p>\n<div id=\"\">&#13;<br \/>\n                    &#13;<br \/>\n&#13;<br \/>\n&#13;<br \/>\n&#13;<br \/>\n&#13;<br \/>\n&#13;<br \/>\n    <img data-recalc-dims=\"1\" decoding=\"async\" src=\"https:\/\/i0.wp.com\/ecrie.com.br\/sistema\/conteudos\/imagem\/m_137_0_1_20052026155607.jpeg?w=696&#038;ssl=1\" alt=\"Tony Angeli apresenta cl\u00e1ssicos da m\u00fasica italiana neste s\u00e1bado em Limeira\"\/>&#13;<br \/>\n&#13;<br \/>\n&#13;<\/p>\n<p style=\"text-align: justify;\">O cantor Tony Angeli \u00e9 uma das principais atra\u00e7\u00f5es da 16\u00aa Festa Italiana de Limeira, promovida pela Prefeitura de Limeira. O artista sobe ao palco neste s\u00e1bado (23), \u00e0s 19h, na Igreja S\u00e3o Sebasti\u00e3o, no Bairro do Tatu. Reconhecido por sua trajet\u00f3ria dedicada \u00e0 m\u00fasica rom\u00e2ntica e tradicional italiana, Tony promete um repert\u00f3rio que resgata a mem\u00f3ria afetiva e celebra as tradi\u00e7\u00f5es dos imigrantes italianos no Brasil.<\/p>\n<p>&#13;<\/p>\n<p style=\"text-align: justify;\"><strong>Relembre a trajet\u00f3ria do artista<\/strong><\/p>\n<p>&#13;<\/p>\n<p style=\"text-align: justify;\">Nascido em Bassano del Grappa, na It\u00e1lia, Tony Angeli desembarcou no Brasil em 1966, no auge do movimento da Jovem Guarda, e rapidamente conquistou o p\u00fablico nacional com sua vers\u00e3o do cl\u00e1ssico Funicul\u00ec, Funicul\u00e0. O cantor tornou-se presen\u00e7a constante em grandes programas da TV Record, TV Excelsior e TV Globo, al\u00e9m de consolidar uma duradoura parceria de palco e de j\u00fari com Silvio Santos.<\/p>\n<p>&#13;<\/p>\n<p style=\"text-align: justify;\">Ao longo de mais de cinco d\u00e9cadas de carreira e sete \u00e1lbuns lan\u00e7ados, o artista \u2014 que celebrou sua hist\u00f3ria com o projeto Vivere 50 Anos \u2014 consolidou-se como um dos maiores int\u00e9rpretes do cancioneiro italiano no pa\u00eds, dedicando-se a manter viva a mem\u00f3ria e as tradi\u00e7\u00f5es da imigra\u00e7\u00e3o italiana em shows, festivais e festas t\u00edpicas em todo o territ\u00f3rio brasileiro.<\/p>\n<p>&#13;<\/p>\n<p style=\"text-align: justify;\">Durante sua trajet\u00f3ria, o cantor participou de festivais, eventos culturais, festas tem\u00e1ticas e apresenta\u00e7\u00f5es voltadas \u00e0 comunidade italiana, tornando-se presen\u00e7a frequente em celebra\u00e7\u00f5es que exaltam a imigra\u00e7\u00e3o e os costumes italianos no Brasil.<\/p>\n<p>&#13;<\/p>\n<p style=\"text-align: justify;\">Para o Prefeito Murilo F\u00e9lix, a apresenta\u00e7\u00e3o de Tony Angeli refor\u00e7a a proposta da festa de preservar tradi\u00e7\u00f5es e fortalecer a identidade cultural do munic\u00edpio. \u201cA Festa Italiana j\u00e1 integra o calend\u00e1rio cultural de Limeira e re\u00fane gastronomia, m\u00fasica e manifesta\u00e7\u00f5es culturais em um ambiente voltado \u00e0s fam\u00edlias. A participa\u00e7\u00e3o de Tony Angeli enriquece a programa\u00e7\u00e3o e fortalece a conex\u00e3o da cidade com a hist\u00f3ria da imigra\u00e7\u00e3o italiana\u201d, destaca.<\/p>\n<p>&#13;<\/p>\n<p style=\"text-align: justify;\">Al\u00e9m do show, o p\u00fablico poder\u00e1 aproveitar comidas t\u00edpicas italianas, apresenta\u00e7\u00f5es culturais, dan\u00e7as, atra\u00e7\u00f5es musicais e atividades para toda a fam\u00edlia ao longo da programa\u00e7\u00e3o da festa.<\/p>\n<p>&#13;<\/p>\n<p style=\"text-align: justify;\"><strong>PROGRAMA\u00c7\u00c3O 16\u00aa FESTA ITALIANA<\/strong><\/p>\n<p>&#13;<\/p>\n<p style=\"text-align: justify;\">S\u00e1bado \u2013 23 de maio<br \/>16h \u2013 Chicago Jazz Band<br \/>19h \u2013 Tony Angeli<\/p>\n<p>&#13;<\/p>\n<p style=\"text-align: justify;\">Domingo \u2013 24 de maio<br \/>10h \u2013 Missa Italiana<br \/>12h \u2013 Banda Via Roma e Os 3 Tenores<br \/>13h30 \u2013 Apresenta\u00e7\u00e3o das Crian\u00e7as da Escola Tenente Aviador<br \/>14h \u2013 Apresenta\u00e7\u00e3o do Grupo de Dan\u00e7a Santa Ol\u00edmpia, de Piracicaba<br \/>15h \u2013 Ulisses Montoni<\/p>\n<p>&#13;<\/p>\n<p style=\"text-align: justify;\">O Evento \u00e9 organizado pela Secretaria de Turismo e est\u00e1 alinhado ao Objetivo de Desenvolvimento Sustent\u00e1vel (ODS) 11, da Agenda 2030 da ONU, que promove cidades e comunidades mais sustent\u00e1veis, inclusivas e resilientes.<\/p>\n<p>&#13;<br \/>\n&#13;<br \/>\n&#13;<br \/>\n&#13;<\/p>\n<article class=\"conteudo-relacionado no-print\">&#13;<br \/>\n        &#13;<br \/>\n&#13;<br \/>\n        &#13;<br \/>\n    <\/article>\n<p>&#13;<br \/>\n&#13;\n                <\/p><\/div>\n<p><br \/>\n<br \/><a href=\"https:\/\/limeira.sp.gov.br\/tony-angeli-apresenta-classicos-da-musica-italiana-neste-sabado-em-limeira\" rel=\"noopener\">Informa\u00e7\u00f5es da PML <\/a><\/p>\n","protected":false},"excerpt":{"rendered":"<p>&#13; &#13; &#13; &#13; &#13; &#13; &#13; &#13; &#13; &#13; O cantor Tony Angeli \u00e9 uma das principais atra\u00e7\u00f5es da 16\u00aa Festa Italiana de Limeira, promovida pela Prefeitura de Limeira. O artista sobe ao palco neste s\u00e1bado (23), \u00e0s 19h, na Igreja S\u00e3o Sebasti\u00e3o, no Bairro do Tatu. Reconhecido por sua trajet\u00f3ria dedicada \u00e0 m\u00fasica [&hellip;]<\/p>\n","protected":false},"author":1,"featured_media":66207,"comment_status":"","ping_status":"open","sticky":false,"template":"","format":"standard","meta":{"_jetpack_newsletter_access":"","_jetpack_dont_email_post_to_subs":false,"_jetpack_newsletter_tier_id":0,"_jetpack_memberships_contains_paywalled_content":false,"_mbp_banners":[],"_jetpack_feature_clip_id":0,"_jetpack_memberships_contains_paid_content":false,"footnotes":"","jetpack_publicize_message":"","jetpack_publicize_feature_enabled":true,"jetpack_social_post_already_shared":true,"jetpack_social_options":{"image_generator_settings":{"template":"highway","default_image_id":0,"font":"","enabled":false},"version":2},"jetpack_post_was_ever_published":false},"categories":[16],"tags":[],"class_list":["post-66206","post","type-post","status-publish","format-standard","has-post-thumbnail","category-local"],"jetpack_publicize_connections":[],"jetpack-related-posts":[],"jetpack_shortlink":"https:\/\/wp.me\/p7Eq1F-hdQ","jetpack_sharing_enabled":true,"jetpack_featured_media_url":"https:\/\/i0.wp.com\/guialimeira.com.br\/news\/wp-content\/uploads\/2026\/05\/m_137_0_1_20052026155607.jpeg?fit=1024%2C682&ssl=1","_links":{"self":[{"href":"https:\/\/guialimeira.com.br\/news\/wp-json\/wp\/v2\/posts\/66206","targetHints":{"allow":["GET"]}}],"collection":[{"href":"https:\/\/guialimeira.com.br\/news\/wp-json\/wp\/v2\/posts"}],"about":[{"href":"https:\/\/guialimeira.com.br\/news\/wp-json\/wp\/v2\/types\/post"}],"author":[{"embeddable":true,"href":"https:\/\/guialimeira.com.br\/news\/wp-json\/wp\/v2\/users\/1"}],"replies":[{"embeddable":true,"href":"https:\/\/guialimeira.com.br\/news\/wp-json\/wp\/v2\/comments?post=66206"}],"version-history":[{"count":0,"href":"https:\/\/guialimeira.com.br\/news\/wp-json\/wp\/v2\/posts\/66206\/revisions"}],"wp:featuredmedia":[{"embeddable":true,"href":"https:\/\/guialimeira.com.br\/news\/wp-json\/wp\/v2\/media\/66207"}],"wp:attachment":[{"href":"https:\/\/guialimeira.com.br\/news\/wp-json\/wp\/v2\/media?parent=66206"}],"wp:term":[{"taxonomy":"category","embeddable":true,"href":"https:\/\/guialimeira.com.br\/news\/wp-json\/wp\/v2\/categories?post=66206"},{"taxonomy":"post_tag","embeddable":true,"href":"https:\/\/guialimeira.com.br\/news\/wp-json\/wp\/v2\/tags?post=66206"}],"curies":[{"name":"wp","href":"https:\/\/api.w.org\/{rel}","templated":true}]}}