{"id":66193,"date":"2026-05-20T14:45:53","date_gmt":"2026-05-20T17:45:53","guid":{"rendered":"https:\/\/guialimeira.com.br\/comissao-de-orcamento-pede-dados-de-indicadores-do-programa-de-metas-de-2025-a-prefeitura\/"},"modified":"2026-05-20T14:45:53","modified_gmt":"2026-05-20T17:45:53","slug":"comissao-de-orcamento-pede-dados-de-indicadores-do-programa-de-metas-de-2025-a-prefeitura","status":"publish","type":"post","link":"https:\/\/guialimeira.com.br\/news\/comissao-de-orcamento-pede-dados-de-indicadores-do-programa-de-metas-de-2025-a-prefeitura\/","title":{"rendered":"Comiss\u00e3o de Or\u00e7amento pede dados de indicadores do Programa de Metas de 2025 \u00e0 Prefeitura"},"content":{"rendered":"<p>Comiss\u00e3o de Or\u00e7amento pede dados de indicadores do Programa de Metas de 2025 \u00e0 Prefeitura<\/p>\n<p>Para ampliar o alcance das fiscaliza\u00e7\u00f5es realizadas pelas comiss\u00f5es tem\u00e1ticas da C\u00e2mara, a Comiss\u00e3o de Or\u00e7amento e Fiscaliza\u00e7\u00e3o do Executivo encaminhou of\u00edcio \u00e0 Prefeitura solicitando informa\u00e7\u00f5es acerca dos valores previstos e realizados de cada indicador constante no Programa de Metas referente ao ano de 2025. A delibera\u00e7\u00e3o ocorreu durante a reuni\u00e3o desta quarta-feira, 20 de maio.<\/p>\n<p>O pedido partiu da Consultoria T\u00e9cnica Especializada da Casa e atende \u00e0 Resolu\u00e7\u00e3o N\u00ba 911\/2025, que instituiu a Pol\u00edtica Permanente de Fiscaliza\u00e7\u00e3o do Plano Plurianual (PPA), do Plano de Metas da Prefeitura e dos Objetivos de Desenvolvimento Sustent\u00e1vel (ODS) em n\u00edvel local. A legisla\u00e7\u00e3o tamb\u00e9m prev\u00ea a necessidade de conferir operacionalidade, m\u00e9todo e previsibilidade \u00e0 Pol\u00edtica de Fiscaliza\u00e7\u00e3o de Metas.<\/p>\n<p>Cabe \u00e0 Comiss\u00e3o de Or\u00e7amento e Fiscaliza\u00e7\u00e3o do Executivo da C\u00e2mara analisar os aspectos financeiros e or\u00e7ament\u00e1rios de todas as proposi\u00e7\u00f5es apresentadas tanto pelo Legislativo quanto pela Prefeitura, al\u00e9m de fiscalizar os atos do Executivo e investigar eventuais den\u00fancias de uso indevido de recursos p\u00fablicos ou desvios de finalidade, inclusive na administra\u00e7\u00e3o indireta.<\/p>\n<p>Fazem parte do colegiado a vereadora Lu Bogo (PL), presidente; Estev\u00e3o Nogueira (Avante), vice-presidente; e Elias Barbosa (PRTB), secret\u00e1rio. Todas as delibera\u00e7\u00f5es s\u00e3o registradas em ata.<\/p>\n<hr>\n<p><em>Fonte: <a href=\"https:\/\/www.limeira.sp.leg.br\/noticias\/view\/2026-05-20_comissao-de-orcamento-pede-dados-de-indicadores-do-programa-de-metas-de-2025-a-prefeitura\" target=\"_blank\" rel=\"noopener\">C\u00e2mara Municipal de Limeira<\/a><\/em><\/p>\n","protected":false},"excerpt":{"rendered":"<p>Comiss\u00e3o de Or\u00e7amento pede dados de indicadores do Programa de Metas de 2025 \u00e0 Prefeitura<\/p>\n<p>Para ampliar o alcance das fiscaliza\u00e7\u00f5es realizadas pelas comiss\u00f5es tem\u00e1ticas da C\u00e2mara, a Comiss\u00e3o de Or\u00e7amento e Fiscaliza\u00e7\u00e3o do Executivo encaminhou of\u00edcio \u00e0 Prefeitura solicitando informa\u00e7\u00f5es acerca dos va<\/p>\n","protected":false},"author":4,"featured_media":66192,"comment_status":"","ping_status":"open","sticky":false,"template":"","format":"standard","meta":{"_jetpack_newsletter_access":"","_jetpack_dont_email_post_to_subs":false,"_jetpack_newsletter_tier_id":0,"_jetpack_memberships_contains_paywalled_content":false,"_mbp_banners":[],"_jetpack_feature_clip_id":0,"_jetpack_memberships_contains_paid_content":false,"footnotes":"","jetpack_publicize_message":"","jetpack_publicize_feature_enabled":true,"jetpack_social_post_already_shared":true,"jetpack_social_options":{"image_generator_settings":{"template":"highway","default_image_id":0,"font":"","enabled":false},"version":2},"jetpack_post_was_ever_published":false},"categories":[19],"tags":[],"class_list":["post-66193","post","type-post","status-publish","format-standard","has-post-thumbnail","category-politica"],"jetpack_publicize_connections":[],"jetpack-related-posts":[],"jetpack_shortlink":"https:\/\/wp.me\/p7Eq1F-hdD","jetpack_sharing_enabled":true,"jetpack_featured_media_url":"https:\/\/i0.wp.com\/guialimeira.com.br\/news\/wp-content\/uploads\/2026\/05\/noticia-camara-80.jpg?fit=1280%2C640&ssl=1","_links":{"self":[{"href":"https:\/\/guialimeira.com.br\/news\/wp-json\/wp\/v2\/posts\/66193","targetHints":{"allow":["GET"]}}],"collection":[{"href":"https:\/\/guialimeira.com.br\/news\/wp-json\/wp\/v2\/posts"}],"about":[{"href":"https:\/\/guialimeira.com.br\/news\/wp-json\/wp\/v2\/types\/post"}],"author":[{"embeddable":true,"href":"https:\/\/guialimeira.com.br\/news\/wp-json\/wp\/v2\/users\/4"}],"replies":[{"embeddable":true,"href":"https:\/\/guialimeira.com.br\/news\/wp-json\/wp\/v2\/comments?post=66193"}],"version-history":[{"count":0,"href":"https:\/\/guialimeira.com.br\/news\/wp-json\/wp\/v2\/posts\/66193\/revisions"}],"wp:featuredmedia":[{"embeddable":true,"href":"https:\/\/guialimeira.com.br\/news\/wp-json\/wp\/v2\/media\/66192"}],"wp:attachment":[{"href":"https:\/\/guialimeira.com.br\/news\/wp-json\/wp\/v2\/media?parent=66193"}],"wp:term":[{"taxonomy":"category","embeddable":true,"href":"https:\/\/guialimeira.com.br\/news\/wp-json\/wp\/v2\/categories?post=66193"},{"taxonomy":"post_tag","embeddable":true,"href":"https:\/\/guialimeira.com.br\/news\/wp-json\/wp\/v2\/tags?post=66193"}],"curies":[{"name":"wp","href":"https:\/\/api.w.org\/{rel}","templated":true}]}}