{"id":66187,"date":"2026-05-20T13:39:37","date_gmt":"2026-05-20T16:39:37","guid":{"rendered":"https:\/\/guialimeira.com.br\/biblioteca-municipal-recebe-cine-debate-gratuito-sobre-documentario-comida-de-mentira\/"},"modified":"2026-05-20T13:39:37","modified_gmt":"2026-05-20T16:39:37","slug":"biblioteca-municipal-recebe-cine-debate-gratuito-sobre-documentario-comida-de-mentira","status":"publish","type":"post","link":"https:\/\/guialimeira.com.br\/news\/biblioteca-municipal-recebe-cine-debate-gratuito-sobre-documentario-comida-de-mentira\/","title":{"rendered":"Biblioteca Municipal recebe cine-debate gratuito sobre document\u00e1rio &#8220;Comida de Mentira&#8221;"},"content":{"rendered":"<p> <br \/>\n<\/p>\n<div>\n                <main class=\"\">&#13;<br \/>\n                    &#13;<br \/>\n&#13;<br \/>\n&#13;<br \/>\n&#13;<br \/>\n&#13;<br \/>\n&#13;<br \/>\n    <img data-recalc-dims=\"1\" decoding=\"async\" src=\"https:\/\/i0.wp.com\/ecrie.com.br\/sistema\/conteudos\/imagem\/m_137_0_1_19012026142350.jpg?w=696&#038;ssl=1\" alt=\"Biblioteca Municipal recebe cine-debate gratuito sobre document\u00e1rio &quot;Comida de Mentira&quot;\"\/>&#13;<br \/>\n&#13;<br \/>\n&#13;<\/p>\n<p data-path-to-node=\"10\" data-pasted=\"true\">A Biblioteca Municipal de Limeira, localizada no Parque Cidade, recebe na pr\u00f3xima quarta-feira (27), \u00e0s 18h30, a exibi\u00e7\u00e3o e o cine-debate do document\u00e1rio &#8220;Comida de Mentira&#8221;. O evento, que tem entrada gratuita e classifica\u00e7\u00e3o indicativa livre, \u00e9 uma realiza\u00e7\u00e3o da Faculdade de Ci\u00eancias Aplicadas (FCA) da Unicamp em parceria com a Secretaria Municipal de Cultura.<\/p>\n<p>&#13;<\/p>\n<p data-path-to-node=\"11\">Lan\u00e7ado em 2024 e com pouco mais de uma hora de dura\u00e7\u00e3o (1h05), o document\u00e1rio investiga os bastidores da ind\u00fastria de alimentos ultraprocessados no Brasil. A produ\u00e7\u00e3o revela como o setor atua para moldar os h\u00e1bitos alimentares da popula\u00e7\u00e3o, gerando graves consequ\u00eancias para a sa\u00fade p\u00fablica e amea\u00e7ando a sustentabilidade dos ecossistemas.<\/p>\n<p>&#13;<\/p>\n<p data-path-to-node=\"12\">De forma acess\u00edvel, a narrativa \u00e9 constru\u00edda a partir de dados t\u00e9cnicos, casos reais e depoimentos de especialistas. O filme conta com a narra\u00e7\u00e3o da atriz Denise Fraga e traz participa\u00e7\u00f5es de figuras p\u00fablicas e pesquisadores de destaque, como Bela Gil, Rita Von Hunty e o epidemiologista Carlos Monteiro.<\/p>\n<p>&#13;<\/p>\n<p data-path-to-node=\"13\">Debate com especialista<br \/>Logo ap\u00f3s a sess\u00e3o, o p\u00fablico poder\u00e1 participar de uma roda de conversa com o Prof. Dr. Lux Ferreira Lima, docente da Unicamp e organizador da atividade. O debate ser\u00e1 um espa\u00e7o aberto para perguntas e reflex\u00f5es sobre as engrenagens de consumo retratadas na tela e seus reflexos diretos na realidade brasileira.<\/p>\n<p>&#13;<\/p>\n<p data-path-to-node=\"14\">A participa\u00e7\u00e3o \u00e9 aberta a toda a comunidade e n\u00e3o h\u00e1 necessidade de inscri\u00e7\u00e3o pr\u00e9via. Os assentos ser\u00e3o preenchidos por ordem de chegada.<\/p>\n<p>&#13;<\/p>\n<h6 data-path-to-node=\"16\">Servi\u00e7o:\u00a0<\/h6>\n<p>&#13;<\/p>\n<p data-path-to-node=\"17,0,0\"><strong data-path-to-node=\"17,0,0\" data-index-in-node=\"0\">Evento:<\/strong> Exibi\u00e7\u00e3o e Cine-Debate do document\u00e1rio &#8220;Comida de Mentira&#8221;<br \/><strong data-path-to-node=\"17,1,0\" data-index-in-node=\"0\">Data:<\/strong> 27 de maio (quarta-feira)\u00a0<br \/><strong data-path-to-node=\"17,2,0\" data-index-in-node=\"0\">Hor\u00e1rio:<\/strong> 18h30\u00a0<br \/><strong data-path-to-node=\"17,3,0\" data-index-in-node=\"0\">Local:<\/strong> Biblioteca Municipal (Parque Cidade de Limeira)<br \/><strong data-path-to-node=\"17,4,0\" data-index-in-node=\"0\">Endere\u00e7o:<\/strong> Av. Dr. Cl\u00e1udio Ribeiro da Silva, s\/n &#8211; Jardim Nova It\u00e1lia <em data-path-to-node=\"17,4,0\" data-index-in-node=\"69\">(Dica: vale a pena incluir o endere\u00e7o completo para facilitar o trabalho da imprensa)\u00a0<\/em><br \/><strong data-path-to-node=\"17,5,0\" data-index-in-node=\"0\">Entrada:<\/strong> Gratuita (sem necessidade de inscri\u00e7\u00e3o)<br \/><strong data-path-to-node=\"17,6,0\" data-index-in-node=\"0\">Classifica\u00e7\u00e3o:<\/strong> Livre<\/p>\n<p>&#13;<br \/>\n&#13;<br \/>\n&#13;<br \/>\n&#13;<\/p>\n<article class=\"conteudo-relacionado no-print\">&#13;<br \/>\n        &#13;<br \/>\n&#13;<br \/>\n        &#13;<br \/>\n    <\/article>\n<p>&#13;<br \/>\n&#13;<br \/>\n                <\/main><\/p><\/div>\n<p><br \/>\n<br \/><a href=\"https:\/\/limeira.sp.gov.br\/biblioteca-municipal-recebe-cine-debate-gratuito-sobre-documentario-comida-de-mentira\" rel=\"noopener\">Informa\u00e7\u00f5es da PML <\/a><\/p>\n","protected":false},"excerpt":{"rendered":"<p>&#13; &#13; &#13; &#13; &#13; &#13; &#13; &#13; &#13; &#13; A Biblioteca Municipal de Limeira, localizada no Parque Cidade, recebe na pr\u00f3xima quarta-feira (27), \u00e0s 18h30, a exibi\u00e7\u00e3o e o cine-debate do document\u00e1rio &#8220;Comida de Mentira&#8221;. O evento, que tem entrada gratuita e classifica\u00e7\u00e3o indicativa livre, \u00e9 uma realiza\u00e7\u00e3o da Faculdade de Ci\u00eancias Aplicadas (FCA) [&hellip;]<\/p>\n","protected":false},"author":1,"featured_media":52688,"comment_status":"","ping_status":"open","sticky":false,"template":"","format":"standard","meta":{"_jetpack_newsletter_access":"","_jetpack_dont_email_post_to_subs":false,"_jetpack_newsletter_tier_id":0,"_jetpack_memberships_contains_paywalled_content":false,"_mbp_banners":[],"_jetpack_feature_clip_id":0,"_jetpack_memberships_contains_paid_content":false,"footnotes":"","jetpack_publicize_message":"","jetpack_publicize_feature_enabled":true,"jetpack_social_post_already_shared":true,"jetpack_social_options":{"image_generator_settings":{"template":"highway","default_image_id":0,"font":"","enabled":false},"version":2},"jetpack_post_was_ever_published":false},"categories":[16],"tags":[],"class_list":["post-66187","post","type-post","status-publish","format-standard","has-post-thumbnail","category-local"],"jetpack_publicize_connections":[],"jetpack-related-posts":[],"jetpack_shortlink":"https:\/\/wp.me\/p7Eq1F-hdx","jetpack_sharing_enabled":true,"jetpack_featured_media_url":"https:\/\/i0.wp.com\/guialimeira.com.br\/news\/wp-content\/uploads\/2026\/01\/m_137_0_1_19012026142350.jpg?fit=900%2C600&ssl=1","_links":{"self":[{"href":"https:\/\/guialimeira.com.br\/news\/wp-json\/wp\/v2\/posts\/66187","targetHints":{"allow":["GET"]}}],"collection":[{"href":"https:\/\/guialimeira.com.br\/news\/wp-json\/wp\/v2\/posts"}],"about":[{"href":"https:\/\/guialimeira.com.br\/news\/wp-json\/wp\/v2\/types\/post"}],"author":[{"embeddable":true,"href":"https:\/\/guialimeira.com.br\/news\/wp-json\/wp\/v2\/users\/1"}],"replies":[{"embeddable":true,"href":"https:\/\/guialimeira.com.br\/news\/wp-json\/wp\/v2\/comments?post=66187"}],"version-history":[{"count":0,"href":"https:\/\/guialimeira.com.br\/news\/wp-json\/wp\/v2\/posts\/66187\/revisions"}],"wp:featuredmedia":[{"embeddable":true,"href":"https:\/\/guialimeira.com.br\/news\/wp-json\/wp\/v2\/media\/52688"}],"wp:attachment":[{"href":"https:\/\/guialimeira.com.br\/news\/wp-json\/wp\/v2\/media?parent=66187"}],"wp:term":[{"taxonomy":"category","embeddable":true,"href":"https:\/\/guialimeira.com.br\/news\/wp-json\/wp\/v2\/categories?post=66187"},{"taxonomy":"post_tag","embeddable":true,"href":"https:\/\/guialimeira.com.br\/news\/wp-json\/wp\/v2\/tags?post=66187"}],"curies":[{"name":"wp","href":"https:\/\/api.w.org\/{rel}","templated":true}]}}