{"id":66164,"date":"2026-05-20T09:49:39","date_gmt":"2026-05-20T12:49:39","guid":{"rendered":"https:\/\/guialimeira.com.br\/2o-forum-de-saude-mental-de-limeira-debate-cuidado-humanizado-e-fortalecimento-da-rede\/"},"modified":"2026-05-20T09:49:39","modified_gmt":"2026-05-20T12:49:39","slug":"2o-forum-de-saude-mental-de-limeira-debate-cuidado-humanizado-e-fortalecimento-da-rede","status":"publish","type":"post","link":"https:\/\/guialimeira.com.br\/news\/2o-forum-de-saude-mental-de-limeira-debate-cuidado-humanizado-e-fortalecimento-da-rede\/","title":{"rendered":"2\u00ba F\u00f3rum de Sa\u00fade Mental de Limeira debate cuidado humanizado e fortalecimento da rede"},"content":{"rendered":"<p> <br \/>\n<\/p>\n<div id=\"\">&#13;<br \/>\n                    &#13;<br \/>\n&#13;<br \/>\n&#13;<br \/>\n&#13;<br \/>\n&#13;<br \/>\n&#13;<br \/>\n    <img data-recalc-dims=\"1\" decoding=\"async\" src=\"https:\/\/i0.wp.com\/ecrie.com.br\/sistema\/conteudos\/imagem\/m_137_0_1_19052026165641.jpg?w=696&#038;ssl=1\" alt=\"2\u00ba F\u00f3rum de Sa\u00fade Mental de Limeira debate cuidado humanizado e fortalecimento da rede\"\/>&#13;<br \/>\n&#13;<br \/>\n&#13;<\/p>\n<p><strong><span style=\"font-family: Times New Roman, serif;\"><span style=\"font-size: medium;\"><br \/><\/span><\/span><\/strong><span style=\"font-family: Times New Roman, serif;\"><span style=\"font-size: medium;\">O 2\u00ba F\u00f3rum de Sa\u00fade Mental de Limeira reuniu, nesta segunda (18) e ter\u00e7a-feira (19), profissionais da sa\u00fade, atendidos, familiares e representantes do poder p\u00fablico no Teatro Vit\u00f3ria para debater o fortalecimento da rede de atendimento e a humaniza\u00e7\u00e3o do cuidado \u00e0s pessoas em sofrimento ps\u00edquico. <\/span><\/span><\/p>\n<p>Na abertura do evento, o prefeito Murilo F\u00e9lix defendeu uma mudan\u00e7a de olhar da sociedade sobre o tema. &#8220;\u00c9 preciso entender que estamos tratando de pessoas e que o atendimento precisa ser humanizado. E f\u00f3runs como este s\u00e3o mais do que eventos. S\u00e3o afirma\u00e7\u00f5es p\u00fablicas de que a sa\u00fade mental importa&#8221;, afirmou.<\/p>\n<p>Murilo F\u00e9lix tamb\u00e9m citou avan\u00e7os recentes do munic\u00edpio na \u00e1rea: a inaugura\u00e7\u00e3o do Espa\u00e7o Fam\u00edlia Azul, voltado ao atendimento de crian\u00e7as e adolescentes com Transtorno do Espectro Autista, <span style=\"font-family: Times New Roman, serif;\"><span style=\"font-size: medium;\">e <\/span><\/span><span style=\"font-family: Times New Roman, serif;\"><span style=\"font-size: medium;\">a reabertura do Centro de Sa\u00fade Mental, que j\u00e1 abriga o Caps AD e a Farm\u00e1cia de Sa\u00fade Mental, e <\/span><\/span><span style=\"font-family: Times New Roman, serif;\"><span style=\"font-size: medium;\">que <\/span><\/span><span style=\"font-family: Times New Roman, serif;\"><span style=\"font-size: medium;\">deve receber at\u00e9 o fim do ano o Caps 3, unidade com funcionamento 24 horas. <\/span><\/span><\/p>\n<p>Ao abordar os desafios da \u00e1rea, Mois\u00e9s Baldo Taglietta ressaltou a necessidade de fortalecimento da Rede de Aten\u00e7\u00e3o Psicossocial. Segundo ele, o cuidado em sa\u00fade mental vai al\u00e9m do tratamento cl\u00ednico e exige a integra\u00e7\u00e3o de diferentes pol\u00edticas p\u00fablicas. \u201c\u00c9 preciso outras pol\u00edticas sociais, al\u00e9m do Caps, pois n\u00e3o podemos deixar que os muros sejam novamente constru\u00eddos\u201d, frisou.<\/p>\n<p>J\u00e1 o promotor de Justi\u00e7a Rafael Augusto Pressuto defendeu a garantia dos direitos das pessoas em sofrimento mental. Ele lembrou que, antes da Reforma Psiqui\u00e1trica, muitos pacientes permaneciam isolados da conviv\u00eancia social. \u201cQue esse F\u00f3rum seja um espa\u00e7o de di\u00e1logo\u201d, afirmou. O promotor tamb\u00e9m citou avan\u00e7os da pol\u00edtica municipal de sa\u00fade mental, como a cria\u00e7\u00e3o do Colegiado Gestor de Sa\u00fade Mental e da Resid\u00eancia Terap\u00eautica, destinada a ex-residentes de hospitais psiqui\u00e1tricos.<\/p>\n<p><span style=\"font-family: Times New Roman, serif;\"><span style=\"font-size: medium;\">O evento<\/span><\/span><span style=\"font-family: Times New Roman, serif;\"><span style=\"font-size: medium;\"><br \/>O 2\u00ba F\u00f3rum de Sa\u00fade Mental de Limeira \u00e9 uma iniciativa dos servi\u00e7os da Rede de Aten\u00e7\u00e3o Psicossocial de Limeira (Raps): Caps AD, Caps IJ, Caps 2 e Centro de Terapias Integradas \u2014 em parceria com o F\u00f3rum Limeirense da Luta Antimanicomial, com apoio das secretarias de Educa\u00e7\u00e3o e de Cultura, da Escola Legislativa da C\u00e2mara Municipal e da oficina de gera\u00e7\u00e3o de renda DoceMente. <\/span><\/span><span style=\"font-family: Times New Roman, serif;\"><span style=\"font-size: medium;\">Tamb\u00e9m compuseram a mesa de abertura do evento, o <\/span><\/span><span style=\"font-family: Times New Roman, serif;\"><span style=\"font-size: medium;\">secret\u00e1rio de Sa\u00fade, Alexandre Ferrari, <\/span><\/span><span style=\"font-family: Times New Roman, serif;\"><span style=\"font-size: medium;\">e o <\/span><\/span><span style=\"font-family: Times New Roman, serif;\"><span style=\"font-size: medium;\">secret\u00e1rio de Cultura, Bruno Bortolan.<\/span><\/span><\/p>\n<p><span style=\"font-family: Times New Roman, serif;\"><span style=\"font-size: medium;\">V\u00eddeo: \u201cAl\u00e9m do Muro\u201d<\/span><\/span><span style=\"font-family: Times New Roman, serif;\"><span style=\"font-size: medium;\"><br \/>Os participantes acompanharam a exibi\u00e7\u00e3o do v\u00eddeo \u201cAl\u00e9m do Muro\u201d, produzido por usu\u00e1rios do Caps AD, com coordena\u00e7\u00e3o de produ\u00e7\u00e3o e edi\u00e7\u00e3o de Bruno Eduardo Caetano da Silva. A cerim\u00f4nia contou tamb\u00e9m com exposi\u00e7\u00e3o de quadros elaborados durante os atendimentos e mostra de itens desenvolvidos nas oficinas de gera\u00e7\u00e3o de renda.<\/span><\/span><\/p>\n<p>Ainda participaram do encontro, o secret\u00e1rio de Comunica\u00e7\u00e3o da prefeitura, Bruno Cunha, o secret\u00e1rio de Comunica\u00e7\u00e3o da C\u00e2mara Municipal, Murilo Biagioli (que representou o presidente do Legislativo, Everton Ferreira), a presidente do Conselho Municipal de Sa\u00fade e diretora de Vigil\u00e2ncia em Sa\u00fade, Renata Albertim, a diretora de Aten\u00e7\u00e3o Secund\u00e1ria \u00e0 Sa\u00fade, Andresa Barros, a gestora executiva de Aten\u00e7\u00e3o Secund\u00e1ria, Mayra Ara\u00fajo, a coordenadora da Raps, Fernanda B\u00fchl Braga, a articuladora de Sa\u00fade Mental, Aline Bonetti, al\u00e9m de coordenadoras e profissionais dos Caps e do Centro de Terapias Integradas. <\/p>\n<p><span style=\"font-family: Times New Roman, serif;\"><span style=\"font-size: medium;\">Palestras<\/span><\/span><span style=\"font-family: Times New Roman, serif;\"><span style=\"font-size: medium;\"><br \/>Ap\u00f3s a abertura, os participantes acompanharam duas palestras. A psic\u00f3loga e especialista em Sa\u00fade Mental na Aten\u00e7\u00e3o B\u00e1sica, Silvana Pires de Caroli, relatou o processo de desinterna\u00e7\u00e3o dos antigos sanat\u00f3rios da regi\u00e3o durante sua atua\u00e7\u00e3o no Departamento Regional de Sa\u00fade de Piracicaba (DRS-X). Atualmente, a regi\u00e3o conta com dez resid\u00eancias terap\u00eauticas destinadas a acolher pessoas antes asiladas \u2014 uma delas em Limeira. \u201cHoje, em nossa regi\u00e3o, n\u00e3o h\u00e1 mais nenhuma pessoa morando em hospital psiqui\u00e1trico\u201d, afirmou.<\/span><\/span><\/p>\n<p>Apesar dos avan\u00e7os, Silvana observou que a Reforma Psiqui\u00e1trica ainda n\u00e3o foi conclu\u00edda no Brasil. \u201cEsse \u00e9 um processo cont\u00ednuo de avalia\u00e7\u00e3o e transforma\u00e7\u00e3o\u201d, destacou. Como pr\u00f3ximo passo, ela citou a Resolu\u00e7\u00e3o 487\/2023 do Conselho Nacional de Justi\u00e7a, que institui a Pol\u00edtica Antimanicomial do Poder Judici\u00e1rio e prev\u00ea o fechamento dos Hospitais de Cust\u00f3dia e Tratamento Psiqui\u00e1trico, priorizando o atendimento de pessoas com transtornos mentais em conflito com a lei pela rede do SUS, como os Caps.<\/p>\n<p><span style=\"font-family: Times New Roman, serif;\"><span style=\"font-size: medium;\"> Na sequ\u00eancia, a psic\u00f3loga e doutoranda em Sa\u00fade Coletiva pela Unicamp, Ana Cristina dos Santos Vangrelino, abordou o papel dos Centros de Conviv\u00eancia e Coopera\u00e7\u00e3o (Ceccos) como equipamentos da Raps voltados \u00e0 promo\u00e7\u00e3o da inclus\u00e3o social de pessoas em sofrimento ps\u00edquico e outros grupos em situa\u00e7\u00e3o de vulnerabilidade. Durante a palestra, ela apresentou a experi\u00eancia do Cecco Tear das Artes, em Campinas, destacando o espa\u00e7o como refer\u00eancia em conviv\u00eancia, cultura, educa\u00e7\u00e3o, gera\u00e7\u00e3o de renda e participa<\/span><\/span><strong><span style=\"font-family: Times New Roman, serif;\"><span style=\"font-size: medium;\">\u00e7\u00e3o social.<\/span><\/span><\/strong><\/p>\n<p>&#13;<br \/>\n&#13;<br \/>\n    &#13;<br \/>\n    &#13;<br \/>\n&#13;<br \/>\n&#13;<\/p>\n<article class=\"conteudo-relacionado no-print\">&#13;<br \/>\n        &#13;<br \/>\n&#13;<br \/>\n        &#13;<br \/>\n    <\/article>\n<p>&#13;<br \/>\n&#13;\n                <\/p><\/div>\n<p><br \/>\n<br \/><a href=\"https:\/\/limeira.sp.gov.br\/2-forum-de-saude-mental-de-limeira-debate-cuidado-humanizado-e-fortalecimento-da-rede\" rel=\"noopener\">Informa\u00e7\u00f5es da PML <\/a><\/p>\n","protected":false},"excerpt":{"rendered":"<p>&#13; &#13; &#13; &#13; &#13; &#13; &#13; &#13; &#13; &#13; O 2\u00ba F\u00f3rum de Sa\u00fade Mental de Limeira reuniu, nesta segunda (18) e ter\u00e7a-feira (19), profissionais da sa\u00fade, atendidos, familiares e representantes do poder p\u00fablico no Teatro Vit\u00f3ria para debater o fortalecimento da rede de atendimento e a humaniza\u00e7\u00e3o do cuidado \u00e0s pessoas em sofrimento [&hellip;]<\/p>\n","protected":false},"author":1,"featured_media":66165,"comment_status":"","ping_status":"open","sticky":false,"template":"","format":"standard","meta":{"_jetpack_newsletter_access":"","_jetpack_dont_email_post_to_subs":false,"_jetpack_newsletter_tier_id":0,"_jetpack_memberships_contains_paywalled_content":false,"_mbp_banners":[],"_jetpack_feature_clip_id":0,"_jetpack_memberships_contains_paid_content":false,"footnotes":"","jetpack_publicize_message":"","jetpack_publicize_feature_enabled":true,"jetpack_social_post_already_shared":true,"jetpack_social_options":{"image_generator_settings":{"template":"highway","default_image_id":0,"font":"","enabled":false},"version":2},"jetpack_post_was_ever_published":false},"categories":[16],"tags":[],"class_list":["post-66164","post","type-post","status-publish","format-standard","has-post-thumbnail","category-local"],"jetpack_publicize_connections":[],"jetpack-related-posts":[],"jetpack_shortlink":"https:\/\/wp.me\/p7Eq1F-hda","jetpack_sharing_enabled":true,"jetpack_featured_media_url":"https:\/\/i0.wp.com\/guialimeira.com.br\/news\/wp-content\/uploads\/2026\/05\/m_137_0_1_19052026165641.jpg?fit=1024%2C682&ssl=1","_links":{"self":[{"href":"https:\/\/guialimeira.com.br\/news\/wp-json\/wp\/v2\/posts\/66164","targetHints":{"allow":["GET"]}}],"collection":[{"href":"https:\/\/guialimeira.com.br\/news\/wp-json\/wp\/v2\/posts"}],"about":[{"href":"https:\/\/guialimeira.com.br\/news\/wp-json\/wp\/v2\/types\/post"}],"author":[{"embeddable":true,"href":"https:\/\/guialimeira.com.br\/news\/wp-json\/wp\/v2\/users\/1"}],"replies":[{"embeddable":true,"href":"https:\/\/guialimeira.com.br\/news\/wp-json\/wp\/v2\/comments?post=66164"}],"version-history":[{"count":0,"href":"https:\/\/guialimeira.com.br\/news\/wp-json\/wp\/v2\/posts\/66164\/revisions"}],"wp:featuredmedia":[{"embeddable":true,"href":"https:\/\/guialimeira.com.br\/news\/wp-json\/wp\/v2\/media\/66165"}],"wp:attachment":[{"href":"https:\/\/guialimeira.com.br\/news\/wp-json\/wp\/v2\/media?parent=66164"}],"wp:term":[{"taxonomy":"category","embeddable":true,"href":"https:\/\/guialimeira.com.br\/news\/wp-json\/wp\/v2\/categories?post=66164"},{"taxonomy":"post_tag","embeddable":true,"href":"https:\/\/guialimeira.com.br\/news\/wp-json\/wp\/v2\/tags?post=66164"}],"curies":[{"name":"wp","href":"https:\/\/api.w.org\/{rel}","templated":true}]}}