{"id":66154,"date":"2026-05-20T08:10:53","date_gmt":"2026-05-20T11:10:53","guid":{"rendered":"https:\/\/guialimeira.com.br\/camara-realiza-iii-simposio-de-gestao-da-saude-emocional-e-mental-no-dia-29-de-maio\/"},"modified":"2026-05-20T08:10:53","modified_gmt":"2026-05-20T11:10:53","slug":"camara-realiza-iii-simposio-de-gestao-da-saude-emocional-e-mental-no-dia-29-de-maio","status":"publish","type":"post","link":"https:\/\/guialimeira.com.br\/news\/camara-realiza-iii-simposio-de-gestao-da-saude-emocional-e-mental-no-dia-29-de-maio\/","title":{"rendered":"C\u00e2mara realiza III Simp\u00f3sio de Gest\u00e3o da Sa\u00fade Emocional e Mental no dia 29 de maio"},"content":{"rendered":"<p>C\u00e2mara realiza III Simp\u00f3sio de Gest\u00e3o da Sa\u00fade Emocional e Mental no dia 29 de maio<\/p>\n<p>A C\u00e2mara Municipal de Limeira realiza o III Simp\u00f3sio de Gest\u00e3o da Sa\u00fade Emocional e Mental no dia 29 de maio, a partir das 19h. O evento \u00e9 organizado pela Escola Legislativa Paulo Freire, em parceria com o Grupo Clamem e Prop\u00f3sitos, e os participantes ter\u00e3o direito a certificado.<\/p>\n<p>A atividade ser\u00e1 ministrada por psicanalista, psic\u00f3loga e nutricionista cl\u00ednica abordando a sa\u00fade emocional de forma global. As vagas s\u00e3o limitadas e as inscri\u00e7\u00f5es podem ser feitas no site da Escola Legislativa ou neste link.<\/p>\n<p>O evento \u00e9 gratuito e acontece no Plen\u00e1rio da C\u00e2mara Municipal de Limeira, localizada no Centro Empresarial Europa Center, rua Clarino Peixoto de Oliveira, 280, Jardim Maria Buchi Modeneis.<\/p>\n<p>Confira a programa\u00e7\u00e3o:<\/p>\n<p>19h\u00a0 &#8211; Abertura &#8211; Momento de acolhimento terap\u00eautico e Reflexologia. \u201cA Autorregula\u00e7\u00e3o Emocional e as Boas Escolhas para uma Vida Saud\u00e1vel e Leve\u201d.<\/p>\n<p>Palestrante: Katerine Barboza (psicanalista)<\/p>\n<p>19h15 &#8211; Agradecimentos &#8211; Momento de Gratid\u00e3o.<\/p>\n<p>Palestrante: Aldilene Claudino<\/p>\n<p>19h30 &#8211; Palestra Oficial &#8211; \u201cMente Saud\u00e1vel: Conectando Sa\u00fade Mental e H\u00e1bitos Saud\u00e1veis\u201d.<\/p>\n<p>Palestrante: Carla Rodrigues de Souza (psic\u00f3loga CRP 06\/173350)<\/p>\n<p>20h30 &#8211; Momento de Di\u00e1logo e Intera\u00e7\u00e3o. Coffee break.<\/p>\n<p>20h45 &#8211; Palestra \u201cDo Intestino ao C\u00e9rebro: A Chave da Sa\u00fade F\u00edsica e Emocional est\u00e1 na sua Alimenta\u00e7\u00e3o\u201d.<\/p>\n<p>Palestrante: doutora Tatiane Gon\u00e7alves (nutricionista cl\u00ednica \/ CRN-3 50728)<\/p>\n<p>21h45 &#8211; Encerramento.<\/p>\n<hr>\n<p><em>Fonte: <a href=\"https:\/\/www.limeira.sp.leg.br\/noticias\/view\/2026-05-20_camara-realiza-iii-simposio-de-gestao-da-saude-emocional-e-mental-no-dia-29-de-maio\" target=\"_blank\" rel=\"noopener\">C\u00e2mara Municipal de Limeira<\/a><\/em><\/p>\n","protected":false},"excerpt":{"rendered":"<p>C\u00e2mara realiza III Simp\u00f3sio de Gest\u00e3o da Sa\u00fade Emocional e Mental no dia 29 de maio<\/p>\n<p>A C\u00e2mara Municipal de Limeira realiza o III Simp\u00f3sio de Gest\u00e3o da Sa\u00fade Emocional e Mental no dia 29 de maio, a partir das 19h. O evento \u00e9 organizado pela Escola Legislativa Paulo Freire, em parceria com o Grupo Cla<\/p>\n","protected":false},"author":4,"featured_media":66153,"comment_status":"","ping_status":"open","sticky":false,"template":"","format":"standard","meta":{"_jetpack_newsletter_access":"","_jetpack_dont_email_post_to_subs":false,"_jetpack_newsletter_tier_id":0,"_jetpack_memberships_contains_paywalled_content":false,"_mbp_banners":[],"_jetpack_feature_clip_id":0,"_jetpack_memberships_contains_paid_content":false,"footnotes":"","jetpack_publicize_message":"","jetpack_publicize_feature_enabled":true,"jetpack_social_post_already_shared":true,"jetpack_social_options":{"image_generator_settings":{"template":"highway","default_image_id":0,"font":"","enabled":false},"version":2},"jetpack_post_was_ever_published":false},"categories":[19],"tags":[],"class_list":["post-66154","post","type-post","status-publish","format-standard","has-post-thumbnail","category-politica"],"jetpack_publicize_connections":[],"jetpack-related-posts":[],"jetpack_shortlink":"https:\/\/wp.me\/p7Eq1F-hd0","jetpack_sharing_enabled":true,"jetpack_featured_media_url":"https:\/\/i0.wp.com\/guialimeira.com.br\/news\/wp-content\/uploads\/2026\/05\/noticia-camara-79.jpg?fit=1280%2C640&ssl=1","_links":{"self":[{"href":"https:\/\/guialimeira.com.br\/news\/wp-json\/wp\/v2\/posts\/66154","targetHints":{"allow":["GET"]}}],"collection":[{"href":"https:\/\/guialimeira.com.br\/news\/wp-json\/wp\/v2\/posts"}],"about":[{"href":"https:\/\/guialimeira.com.br\/news\/wp-json\/wp\/v2\/types\/post"}],"author":[{"embeddable":true,"href":"https:\/\/guialimeira.com.br\/news\/wp-json\/wp\/v2\/users\/4"}],"replies":[{"embeddable":true,"href":"https:\/\/guialimeira.com.br\/news\/wp-json\/wp\/v2\/comments?post=66154"}],"version-history":[{"count":0,"href":"https:\/\/guialimeira.com.br\/news\/wp-json\/wp\/v2\/posts\/66154\/revisions"}],"wp:featuredmedia":[{"embeddable":true,"href":"https:\/\/guialimeira.com.br\/news\/wp-json\/wp\/v2\/media\/66153"}],"wp:attachment":[{"href":"https:\/\/guialimeira.com.br\/news\/wp-json\/wp\/v2\/media?parent=66154"}],"wp:term":[{"taxonomy":"category","embeddable":true,"href":"https:\/\/guialimeira.com.br\/news\/wp-json\/wp\/v2\/categories?post=66154"},{"taxonomy":"post_tag","embeddable":true,"href":"https:\/\/guialimeira.com.br\/news\/wp-json\/wp\/v2\/tags?post=66154"}],"curies":[{"name":"wp","href":"https:\/\/api.w.org\/{rel}","templated":true}]}}