{"id":6610,"date":"2024-05-27T20:18:52","date_gmt":"2024-05-27T23:18:52","guid":{"rendered":"https:\/\/guialimeira.com.br\/2024\/05\/27\/recapeamento-em-limeira-segue-com-obra-no-jd-do-lago\/"},"modified":"2024-05-27T20:18:52","modified_gmt":"2024-05-27T23:18:52","slug":"recapeamento-em-limeira-segue-com-obra-no-jd-do-lago","status":"publish","type":"post","link":"https:\/\/guialimeira.com.br\/news\/recapeamento-em-limeira-segue-com-obra-no-jd-do-lago\/","title":{"rendered":"Recapeamento em Limeira segue com obra no Jd. do Lago"},"content":{"rendered":"<p> <br \/>\n<\/p>\n<div>\n            <main class=\"\">&#13;<br \/>\n                &#13;<br \/>\n&#13;<br \/>\n&#13;<br \/>\n&#13;<br \/>\n    <img data-recalc-dims=\"1\" decoding=\"async\" src=\"https:\/\/i0.wp.com\/ecrie.com.br\/sistema\/conteudos\/imagem\/m_137_0_1_27052024192833.jpg?w=696&#038;ssl=1\" alt=\"Recapeamento em Limeira segue com obra no Jd. do Lago\"\/>&#13;<br \/>\n&#13;<\/p>\n<p>A Prefeitura de Limeira, por meio da Secretaria de Obras e Servi\u00e7os P\u00fablicos, come\u00e7a nesta ter\u00e7a-feira (28) o recapeamento da Rua Ver. Oswaldo Ferreira dos Santos, no Jd. do Lago. Em raz\u00e3o do trabalho, a via precisar\u00e1 ser interditada em todos os seus 610 metros de extens\u00e3o, apenas o trecho que cruza a Av. Dr. Lauro Corr\u00eaa da Silva ficar\u00e1 aberto ao tr\u00e1fego. O t\u00e9rmino da a\u00e7\u00e3o est\u00e1 previsto para quarta-feira (29), por\u00e9m, em caso de chuva, o cronograma ser\u00e1 alterado.<\/p>\n<p>&#13;<\/p>\n<p>O investimento total \u00e9 de R$ 292 mil, incluindo recursos do Finisa IV e contrapartida da prefeitura \u2013 valor obtido pelo deputado federal Paulo Freire (PL), por meio de verba de conv\u00eanio or\u00e7ament\u00e1rio da Uni\u00e3o.<\/p>\n<p>&#13;<\/p>\n<p>A Secretaria de Mobilidade Urbana informa que as linhas de \u00f4nibus que passam pelo local (11, 11B e 124) ser\u00e3o desviadas para a Rua Pascoal Soler Filho e, com o andamento da obra, para a Rua Jo\u00e3o Pompeu Filho.<\/p>\n<p>&#13;<\/p>\n<p>\u00a0<\/p>\n<p>&#13;<br \/>\n&#13;<br \/>\n&#13;<br \/>\n&#13;<\/p>\n<aside class=\"list-related no-print\">&#13;<br \/>\n        &#13;<br \/>\n&#13;<\/p>\n<article class=\"list-item noticias \">&#13;<br \/>\n                    <a class=\"list-item__img\" href=\"https:\/\/limeira.sp.gov.br\/imprensa\/noticias\/obras-e-servicos-publicos\/confira-os-servicos-municipais-no-feriado-de-corpuschristi\" tabindex=\"-1\" aria-hidden=\"true\" rel=\"noopener\">&#13;<br \/>\n                        <img data-recalc-dims=\"1\" decoding=\"async\" src=\"https:\/\/i0.wp.com\/ecrie.com.br\/sistema\/conteudos\/imagem\/m_137_0_1_27052024143547.jpg?w=696&#038;ssl=1\" alt=\"Confira os servi\u00e7os municipais no feriado de Corpus\u00a0Christi\"\/>&#13;<br \/>\n                    <\/a>&#13;<br \/>\n&#13;<br \/>\n                &#13;<br \/>\n            <\/article>\n<p>&#13;<\/p>\n<article class=\"list-item noticias \">&#13;<br \/>\n                    <a class=\"list-item__img\" href=\"https:\/\/limeira.sp.gov.br\/imprensa\/noticias\/obras-e-servicos-publicos\/melhorias-em-asfalto-avancam-e-mais-vias-serao-recapeadas\" tabindex=\"-1\" aria-hidden=\"true\" rel=\"noopener\">&#13;<br \/>\n                        <img data-recalc-dims=\"1\" decoding=\"async\" src=\"https:\/\/i0.wp.com\/ecrie.com.br\/sistema\/conteudos\/imagem\/m_137_0_1_09052024171126.jpg?w=696&#038;ssl=1\" alt=\"Melhorias em asfalto avan\u00e7am e mais vias ser\u00e3o recapeadas\"\/>&#13;<br \/>\n                    <\/a>&#13;<br \/>\n&#13;<br \/>\n                &#13;<br \/>\n            <\/article>\n<p>&#13;<\/p>\n<article class=\"list-item noticias \">&#13;<br \/>\n                    <a class=\"list-item__img\" href=\"https:\/\/limeira.sp.gov.br\/imprensa\/noticias\/obras-e-servicos-publicos\/acoes-voltadas-a-inovacao-e-tecnologia-rendem-premio-a-limeira\" tabindex=\"-1\" aria-hidden=\"true\" rel=\"noopener\">&#13;<br \/>\n                        <img data-recalc-dims=\"1\" decoding=\"async\" src=\"https:\/\/i0.wp.com\/ecrie.com.br\/sistema\/conteudos\/imagem\/m_137_2_2_14052024150439.jpg?w=696&#038;ssl=1\" alt=\"A\u00e7\u00f5es voltadas \u00e0 inova\u00e7\u00e3o e tecnologia rendem pr\u00eamio a Limeira\"\/>&#13;<br \/>\n                    <\/a>&#13;<br \/>\n&#13;<br \/>\n                &#13;<br \/>\n            <\/article>\n<p>&#13;<br \/>\n    <\/aside>\n<p>&#13;<br \/>\n&#13;<br \/>\n            <\/main><\/p><\/div>\n<p><br \/>\n<br \/><a href=\"https:\/\/limeira.sp.gov.br\/recapeamento-em-limeira-segue-com-obra-no-jd-do-lago\" rel=\"noopener\">Informa\u00e7\u00f5es da PML <\/a><\/p>\n","protected":false},"excerpt":{"rendered":"<p>&#13; &#13; &#13; &#13; &#13; &#13; &#13; A Prefeitura de Limeira, por meio da Secretaria de Obras e Servi\u00e7os P\u00fablicos, come\u00e7a nesta ter\u00e7a-feira (28) o recapeamento da Rua Ver. Oswaldo Ferreira dos Santos, no Jd. do Lago. Em raz\u00e3o do trabalho, a via precisar\u00e1 ser interditada em todos os seus 610 metros de extens\u00e3o, apenas [&hellip;]<\/p>\n","protected":false},"author":1,"featured_media":6611,"comment_status":"open","ping_status":"open","sticky":false,"template":"","format":"standard","meta":{"_jetpack_newsletter_access":"","_jetpack_dont_email_post_to_subs":false,"_jetpack_newsletter_tier_id":0,"_jetpack_memberships_contains_paywalled_content":false,"_mbp_banners":[],"_jetpack_feature_clip_id":0,"_jetpack_memberships_contains_paid_content":false,"footnotes":"","jetpack_publicize_message":"","jetpack_publicize_feature_enabled":true,"jetpack_social_post_already_shared":true,"jetpack_social_options":{"image_generator_settings":{"template":"highway","default_image_id":0,"font":"","enabled":false},"version":2},"jetpack_post_was_ever_published":false},"categories":[16],"tags":[],"class_list":["post-6610","post","type-post","status-publish","format-standard","has-post-thumbnail","category-local"],"jetpack_publicize_connections":[],"jetpack-related-posts":[],"jetpack_shortlink":"https:\/\/wp.me\/p7Eq1F-1IC","jetpack_sharing_enabled":true,"jetpack_featured_media_url":"https:\/\/i0.wp.com\/guialimeira.com.br\/news\/wp-content\/uploads\/2024\/05\/m_137_0_1_27052024192833.jpg?fit=900%2C600&ssl=1","_links":{"self":[{"href":"https:\/\/guialimeira.com.br\/news\/wp-json\/wp\/v2\/posts\/6610","targetHints":{"allow":["GET"]}}],"collection":[{"href":"https:\/\/guialimeira.com.br\/news\/wp-json\/wp\/v2\/posts"}],"about":[{"href":"https:\/\/guialimeira.com.br\/news\/wp-json\/wp\/v2\/types\/post"}],"author":[{"embeddable":true,"href":"https:\/\/guialimeira.com.br\/news\/wp-json\/wp\/v2\/users\/1"}],"replies":[{"embeddable":true,"href":"https:\/\/guialimeira.com.br\/news\/wp-json\/wp\/v2\/comments?post=6610"}],"version-history":[{"count":0,"href":"https:\/\/guialimeira.com.br\/news\/wp-json\/wp\/v2\/posts\/6610\/revisions"}],"wp:featuredmedia":[{"embeddable":true,"href":"https:\/\/guialimeira.com.br\/news\/wp-json\/wp\/v2\/media\/6611"}],"wp:attachment":[{"href":"https:\/\/guialimeira.com.br\/news\/wp-json\/wp\/v2\/media?parent=6610"}],"wp:term":[{"taxonomy":"category","embeddable":true,"href":"https:\/\/guialimeira.com.br\/news\/wp-json\/wp\/v2\/categories?post=6610"},{"taxonomy":"post_tag","embeddable":true,"href":"https:\/\/guialimeira.com.br\/news\/wp-json\/wp\/v2\/tags?post=6610"}],"curies":[{"name":"wp","href":"https:\/\/api.w.org\/{rel}","templated":true}]}}