{"id":66097,"date":"2026-05-19T19:14:52","date_gmt":"2026-05-19T22:14:52","guid":{"rendered":"https:\/\/guialimeira.com.br\/seprosom-abre-inscricoes-para-curso-gratuito-de-processamento-de-temperos-caseiros\/"},"modified":"2026-05-19T19:14:52","modified_gmt":"2026-05-19T22:14:52","slug":"seprosom-abre-inscricoes-para-curso-gratuito-de-processamento-de-temperos-caseiros","status":"publish","type":"post","link":"https:\/\/guialimeira.com.br\/news\/seprosom-abre-inscricoes-para-curso-gratuito-de-processamento-de-temperos-caseiros\/","title":{"rendered":"Seprosom abre inscri\u00e7\u00f5es para curso gratuito de processamento de temperos caseiros"},"content":{"rendered":"<p> <br \/>\n<\/p>\n<div id=\"\">&#13;<br \/>\n                    &#13;<br \/>\n&#13;<br \/>\n&#13;<br \/>\n&#13;<\/p>\n<header class=\"list-header\">&#13;<br \/>\n    &#13;<br \/>\n&#13;<\/p>\n<nav class=\"breadcrumbs__container no-print\">&#13;<br \/>\n    <a class=\"breadcrumbs__item\" href=\"https:\/\/limeira.sp.gov.br\/\" rel=\"noopener\">In\u00edcio<\/a>&#13;<br \/>\n&#13;<br \/>\n&#13;<br \/>\n&#13;<br \/>\n<\/nav>\n<p>&#13;<br \/>\n&#13;<br \/>\n    &#13;<br \/>\n&#13;<\/p>\n<p class=\"page-description\">&#13;<br \/>\n            Capacita\u00e7\u00e3o gratuita oferece 16 vagas e aborda produ\u00e7\u00e3o artesanal, alimenta\u00e7\u00e3o saud\u00e1vel e gera\u00e7\u00e3o de renda&#13;<br \/>\n&#13;<br \/>\n&#13;\n        <\/p>\n<p>&#13;<br \/>\n&#13;<br \/>\n    &#13;<br \/>\n<\/header>\n<p>&#13;<br \/>\n&#13;<br \/>\n    <img data-recalc-dims=\"1\" decoding=\"async\" src=\"https:\/\/i0.wp.com\/ecrie.com.br\/sistema\/conteudos\/imagem\/m_137_0_1_19052026143329.jpg?w=696&#038;ssl=1\" alt=\"Seprosom abre inscri\u00e7\u00f5es para curso gratuito de processamento de temperos caseiros\"\/>&#13;<br \/>\n&#13;<br \/>\n&#13;<\/p>\n<p data-start=\"201\" data-end=\"643\">A Secretaria de Promo\u00e7\u00e3o Social (Seprosom), em parceria com o Senar (Servi\u00e7o Nacional de Aprendizagem Rural), abre nesta quarta-feira (20) as inscri\u00e7\u00f5es para o curso gratuito <strong data-start=\"376\" data-end=\"416\">\u201cProcessamento de Temperos Caseiros\u201d<\/strong>. A iniciativa tem como objetivo ensinar t\u00e9cnicas de preparo artesanal de ervas e condimentos, incentivando h\u00e1bitos alimentares mais saud\u00e1veis, o aproveitamento integral dos alimentos e oportunidades de complementa\u00e7\u00e3o de renda.<\/p>\n<p>&#13;<\/p>\n<p data-start=\"645\" data-end=\"888\">As inscri\u00e7\u00f5es podem ser realizadas de forma on-line, por meio do formul\u00e1rio eletr\u00f4nico (<a class=\"decorated-link\" href=\"https:\/\/forms.gle\/WuEnyXgKYeJMQ2Hi7\" target=\"_new\" rel=\"noopener\" data-start=\"733\" data-end=\"768\">https:\/\/forms.gle\/WuEnyXgKYeJMQ2Hi7<\/a>), ou presencialmente no N\u00facleo de Atendimento ao Cidad\u00e3o (NAC), localizado na Avenida Dr. Lauro Corr\u00eaa da Silva, 3.800.<\/p>\n<p>&#13;<\/p>\n<p data-start=\"890\" data-end=\"1058\">Podem participar moradores de Limeira, com idade m\u00ednima de 18 anos e alfabetizados. Ao todo, ser\u00e3o disponibilizadas 16 vagas, preenchidas conforme a ordem de inscri\u00e7\u00e3o.<\/p>\n<p>&#13;<\/p>\n<p data-start=\"1060\" data-end=\"1190\">Com carga hor\u00e1ria de 16 horas, a capacita\u00e7\u00e3o ser\u00e1 nos dias 25 e 26 de maio, das 8h \u00e0s 12h e das 13h \u00e0s 17h, na cozinha do NAC.<\/p>\n<p>&#13;<\/p>\n<p data-start=\"1192\" data-end=\"1439\"><strong data-start=\"1192\" data-end=\"1203\">SERVI\u00c7O<\/strong><br data-start=\"1203\" data-end=\"1206\"\/> <strong data-start=\"1206\" data-end=\"1216\">Curso:<\/strong> Processamento de Temperos Caseiros<br data-start=\"1251\" data-end=\"1254\"\/> <strong data-start=\"1254\" data-end=\"1272\">Carga hor\u00e1ria:<\/strong> 16 horas<br data-start=\"1281\" data-end=\"1284\"\/> <strong data-start=\"1284\" data-end=\"1294\">Vagas:<\/strong> 16<br data-start=\"1297\" data-end=\"1300\"\/> <strong data-start=\"1300\" data-end=\"1310\">Datas:<\/strong> 25 e 26 de maio<br data-start=\"1326\" data-end=\"1329\"\/> <strong data-start=\"1329\" data-end=\"1341\">Hor\u00e1rio:<\/strong> das 8h \u00e0s 12h e das 13h \u00e0s 17h<br data-start=\"1372\" data-end=\"1375\"\/> <strong data-start=\"1375\" data-end=\"1385\">Local:<\/strong> Cozinha do NAC \u2013 Av. Dr. Lauro Corr\u00eaa da Silva, 3.800<\/p>\n<p>&#13;<\/p>\n<p data-start=\"1441\" data-end=\"1613\" data-is-last-node=\"\" data-is-only-node=\"\">Os interessados tamb\u00e9m podem acompanhar informa\u00e7\u00f5es sobre cursos e capacita\u00e7\u00f5es por meio do canal do Nisp no WhatsApp: <a class=\"decorated-link\" href=\"https:\/\/whatsapp.com\/channel\/0029VamHf0GIN9isteGu5l3N\" target=\"_new\" rel=\"noopener\" data-start=\"1560\" data-end=\"1613\" data-is-last-node=\"\">https:\/\/whatsapp.com\/channel\/0029VamHf0GIN9isteGu5l3N<\/a><\/p>\n<p>&#13;<br \/>\n&#13;<br \/>\n&#13;<br \/>\n&#13;<\/p>\n<article class=\"conteudo-relacionado no-print\">&#13;<\/p>\n<header class=\"list-header\">&#13;<\/p>\n<h4>Conte\u00fados Relacionados<\/h4>\n<p>&#13;<br \/>\n        <\/header>\n<p>&#13;<br \/>\n&#13;<br \/>\n        &#13;<br \/>\n    <\/article>\n<p>&#13;<br \/>\n&#13;\n                <\/p><\/div>\n<p><br \/>\n<br \/><a href=\"https:\/\/limeira.sp.gov.br\/seprosom-abre-inscricoes-para-curso-gratuito-de-processamento-de-temperos-caseiros\" rel=\"noopener\">Informa\u00e7\u00f5es da PML <\/a><\/p>\n","protected":false},"excerpt":{"rendered":"<p>&#13; &#13; &#13; &#13; &#13; &#13; &#13; &#13; &#13; In\u00edcio&#13; &#13; &#13; &#13; &#13; &#13; &#13; &#13; &#13; Capacita\u00e7\u00e3o gratuita oferece 16 vagas e aborda produ\u00e7\u00e3o artesanal, alimenta\u00e7\u00e3o saud\u00e1vel e gera\u00e7\u00e3o de renda&#13; &#13; &#13; &#13; &#13; &#13; &#13; &#13; &#13; &#13; &#13; A Secretaria de Promo\u00e7\u00e3o Social (Seprosom), em parceria com o Senar (Servi\u00e7o [&hellip;]<\/p>\n","protected":false},"author":1,"featured_media":66098,"comment_status":"","ping_status":"open","sticky":false,"template":"","format":"standard","meta":{"_jetpack_newsletter_access":"","_jetpack_dont_email_post_to_subs":false,"_jetpack_newsletter_tier_id":0,"_jetpack_memberships_contains_paywalled_content":false,"_mbp_banners":[],"_jetpack_feature_clip_id":0,"_jetpack_memberships_contains_paid_content":false,"footnotes":"","jetpack_publicize_message":"","jetpack_publicize_feature_enabled":true,"jetpack_social_post_already_shared":true,"jetpack_social_options":{"image_generator_settings":{"template":"highway","default_image_id":0,"font":"","enabled":false},"version":2},"jetpack_post_was_ever_published":false},"categories":[16],"tags":[],"class_list":["post-66097","post","type-post","status-publish","format-standard","has-post-thumbnail","category-local"],"jetpack_publicize_connections":[],"jetpack-related-posts":[],"jetpack_shortlink":"https:\/\/wp.me\/p7Eq1F-hc5","jetpack_sharing_enabled":true,"jetpack_featured_media_url":"https:\/\/i0.wp.com\/guialimeira.com.br\/news\/wp-content\/uploads\/2026\/05\/m_137_0_1_19052026143329.jpg?fit=1024%2C848&ssl=1","_links":{"self":[{"href":"https:\/\/guialimeira.com.br\/news\/wp-json\/wp\/v2\/posts\/66097","targetHints":{"allow":["GET"]}}],"collection":[{"href":"https:\/\/guialimeira.com.br\/news\/wp-json\/wp\/v2\/posts"}],"about":[{"href":"https:\/\/guialimeira.com.br\/news\/wp-json\/wp\/v2\/types\/post"}],"author":[{"embeddable":true,"href":"https:\/\/guialimeira.com.br\/news\/wp-json\/wp\/v2\/users\/1"}],"replies":[{"embeddable":true,"href":"https:\/\/guialimeira.com.br\/news\/wp-json\/wp\/v2\/comments?post=66097"}],"version-history":[{"count":0,"href":"https:\/\/guialimeira.com.br\/news\/wp-json\/wp\/v2\/posts\/66097\/revisions"}],"wp:featuredmedia":[{"embeddable":true,"href":"https:\/\/guialimeira.com.br\/news\/wp-json\/wp\/v2\/media\/66098"}],"wp:attachment":[{"href":"https:\/\/guialimeira.com.br\/news\/wp-json\/wp\/v2\/media?parent=66097"}],"wp:term":[{"taxonomy":"category","embeddable":true,"href":"https:\/\/guialimeira.com.br\/news\/wp-json\/wp\/v2\/categories?post=66097"},{"taxonomy":"post_tag","embeddable":true,"href":"https:\/\/guialimeira.com.br\/news\/wp-json\/wp\/v2\/tags?post=66097"}],"curies":[{"name":"wp","href":"https:\/\/api.w.org\/{rel}","templated":true}]}}