{"id":66064,"date":"2026-05-19T15:05:49","date_gmt":"2026-05-19T18:05:49","guid":{"rendered":"https:\/\/guialimeira.com.br\/tatiane-lopes-propoe-ampliacao-de-beneficios-de-iptu-para-pessoas-com-doencas-graves-e-terminais-em-limeira\/"},"modified":"2026-05-19T15:05:49","modified_gmt":"2026-05-19T18:05:49","slug":"tatiane-lopes-propoe-ampliacao-de-beneficios-de-iptu-para-pessoas-com-doencas-graves-e-terminais-em-limeira","status":"publish","type":"post","link":"https:\/\/guialimeira.com.br\/news\/tatiane-lopes-propoe-ampliacao-de-beneficios-de-iptu-para-pessoas-com-doencas-graves-e-terminais-em-limeira\/","title":{"rendered":"Tatiane Lopes prop\u00f5e amplia\u00e7\u00e3o de benef\u00edcios de IPTU para pessoas com doen\u00e7as graves e terminais em Limeira"},"content":{"rendered":"<p>Tatiane Lopes prop\u00f5e amplia\u00e7\u00e3o de benef\u00edcios de IPTU para pessoas com doen\u00e7as graves e terminais em Limeira<\/p>\n<p>A vereadora Tatiane Lopes (Avante) protocolou, no dia 7 de maio, a Indica\u00e7\u00e3o N\u00ba 2019\/2026, solicitando \u00e0 Prefeitura a realiza\u00e7\u00e3o de estudo para concess\u00e3o de desconto ou isen\u00e7\u00e3o no Imposto Predial e Territorial Urbano (IPTU) a contribuintes portadores de doen\u00e7as graves ou em estado terminal no munic\u00edpio de Limeira.<\/p>\n<p>A proposta, segundo a parlamentar, tem como objetivo garantir maior dignidade, justi\u00e7a social e apoio financeiro \u00e0s fam\u00edlias que enfrentam enfermidades severas, frequentemente acompanhadas de altos custos com medicamentos, exames, tratamentos m\u00e9dicos, deslocamentos e cuidados cont\u00ednuos.<\/p>\n<p>Segundo a autora, muitas dessas fam\u00edlias passam por significativa redu\u00e7\u00e3o da renda, seja pela impossibilidade de trabalhar durante o tratamento, seja pelo comprometimento quase integral do or\u00e7amento dom\u00e9stico com despesas de sa\u00fade.<\/p>\n<p>A indica\u00e7\u00e3o tamb\u00e9m refor\u00e7a a import\u00e2ncia de ampliar e fortalecer pol\u00edticas p\u00fablicas j\u00e1 existentes no Munic\u00edpio. Em resposta ao Requerimento N\u00ba 691\/2025, encaminhada pela Secretaria Municipal da Fazenda por meio do Of\u00edcio n\u00ba 118\/2025\/SMF, o Executivo informou que Limeira j\u00e1 possui modalidades de isen\u00e7\u00e3o voltadas a aposentados, pensionistas, benefici\u00e1rios do LOAS e portadores de doen\u00e7as graves, al\u00e9m de im\u00f3veis enquadrados em programas espec\u00edficos.<\/p>\n<p>De acordo com os dados oficiais apresentados pela Prefeitura, atualmente 9.172 im\u00f3veis recebem algum tipo de benef\u00edcio fiscal relacionado ao IPTU. Deste total, 72 isen\u00e7\u00f5es s\u00e3o destinadas especificamente a aposentados, pensionistas com doen\u00e7as graves e benefici\u00e1rios do LOAS, conforme previsto nas Leis Municipais N\u00ba 2.684\/1993 e N\u00ba 5.174\/2013.<\/p>\n<p>O documento tamb\u00e9m aponta que o impacto financeiro total das isen\u00e7\u00f5es e descontos concedidos pelo Munic\u00edpio em 2024 foi de R$ 5,8 milh\u00f5es, valor considerado pela vereadora como demonstra\u00e7\u00e3o de que pol\u00edticas tribut\u00e1rias de car\u00e1ter social j\u00e1 fazem parte da estrutura administrativa municipal.<\/p>\n<p>Al\u00e9m disso, a resposta da Secretaria da Fazenda revelou que n\u00e3o h\u00e1 atualmente benef\u00edcios espec\u00edficos para fam\u00edlias inscritas no Cad\u00danico ou benefici\u00e1rias de programas sociais, tampouco estudos em andamento para amplia\u00e7\u00e3o de isen\u00e7\u00f5es a outros grupos vulner\u00e1veis.<\/p>\n<p>Para Tatiane Lopes, a iniciativa busca justamente ampliar o alcance dessas pol\u00edticas p\u00fablicas, garantindo que mais pessoas em situa\u00e7\u00e3o de fragilidade possam receber suporte do Munic\u00edpio em um momento de extrema vulnerabilidade.<\/p>\n<p>\u201cA concess\u00e3o de desconto ou isen\u00e7\u00e3o do IPTU representa um gesto concreto de acolhimento e humanidade por parte do Poder P\u00fablico, proporcionando mais dignidade e al\u00edvio financeiro para fam\u00edlias que j\u00e1 enfrentam uma dura batalha pela sa\u00fade e pela vida\u201d, destacou a vereadora.<\/p>\n<p>Do Gabinete Parlamentar \u2013 Vereadora Tatiane Lopes (Avante)<\/p>\n<p>*Fotos do Gabinete Parlamentar<\/p>\n<p>As mat\u00e9rias de origem dos Gabinetes Parlamentares s\u00e3o de inteira\u00a0 responsabilidade dos parlamentares e de suas assessorias. S\u00e3o devidamente assinadas e n\u00e3o refletem, necessariamente, a opini\u00e3o institucional da C\u00e2mara Municipal de Limeira.<\/p>\n<hr>\n<p><em>Fonte: <a href=\"https:\/\/www.limeira.sp.leg.br\/noticias\/view\/2026-05-19_tatiane-lopes-propoe-ampliacao-de-beneficios-de-iptu-para-pessoas-com-doencas-graves-e-terminais-em-limeira\" target=\"_blank\" rel=\"noopener\">C\u00e2mara Municipal de Limeira<\/a><\/em><\/p>\n","protected":false},"excerpt":{"rendered":"<p>Tatiane Lopes prop\u00f5e amplia\u00e7\u00e3o de benef\u00edcios de IPTU para pessoas com doen\u00e7as graves e terminais em Limeira<\/p>\n<p>A vereadora Tatiane Lopes (Avante) protocolou, no dia 7 de maio, a Indica\u00e7\u00e3o N\u00ba 2019\/2026, solicitando \u00e0 Prefeitura a realiza\u00e7\u00e3o de estudo para concess\u00e3o de desconto ou isen\u00e7\u00e3o no Imposto Pre<\/p>\n","protected":false},"author":4,"featured_media":66063,"comment_status":"","ping_status":"open","sticky":false,"template":"","format":"standard","meta":{"_jetpack_newsletter_access":"","_jetpack_dont_email_post_to_subs":false,"_jetpack_newsletter_tier_id":0,"_jetpack_memberships_contains_paywalled_content":false,"_mbp_banners":[],"_jetpack_feature_clip_id":0,"_jetpack_memberships_contains_paid_content":false,"footnotes":"","jetpack_publicize_message":"","jetpack_publicize_feature_enabled":true,"jetpack_social_post_already_shared":true,"jetpack_social_options":{"image_generator_settings":{"template":"highway","default_image_id":0,"font":"","enabled":false},"version":2},"jetpack_post_was_ever_published":false},"categories":[19],"tags":[],"class_list":["post-66064","post","type-post","status-publish","format-standard","has-post-thumbnail","category-politica"],"jetpack_publicize_connections":[],"jetpack-related-posts":[],"jetpack_shortlink":"https:\/\/wp.me\/p7Eq1F-hby","jetpack_sharing_enabled":true,"jetpack_featured_media_url":"https:\/\/i0.wp.com\/guialimeira.com.br\/news\/wp-content\/uploads\/2026\/05\/noticia-camara-74.jpg?fit=1280%2C640&ssl=1","_links":{"self":[{"href":"https:\/\/guialimeira.com.br\/news\/wp-json\/wp\/v2\/posts\/66064","targetHints":{"allow":["GET"]}}],"collection":[{"href":"https:\/\/guialimeira.com.br\/news\/wp-json\/wp\/v2\/posts"}],"about":[{"href":"https:\/\/guialimeira.com.br\/news\/wp-json\/wp\/v2\/types\/post"}],"author":[{"embeddable":true,"href":"https:\/\/guialimeira.com.br\/news\/wp-json\/wp\/v2\/users\/4"}],"replies":[{"embeddable":true,"href":"https:\/\/guialimeira.com.br\/news\/wp-json\/wp\/v2\/comments?post=66064"}],"version-history":[{"count":0,"href":"https:\/\/guialimeira.com.br\/news\/wp-json\/wp\/v2\/posts\/66064\/revisions"}],"wp:featuredmedia":[{"embeddable":true,"href":"https:\/\/guialimeira.com.br\/news\/wp-json\/wp\/v2\/media\/66063"}],"wp:attachment":[{"href":"https:\/\/guialimeira.com.br\/news\/wp-json\/wp\/v2\/media?parent=66064"}],"wp:term":[{"taxonomy":"category","embeddable":true,"href":"https:\/\/guialimeira.com.br\/news\/wp-json\/wp\/v2\/categories?post=66064"},{"taxonomy":"post_tag","embeddable":true,"href":"https:\/\/guialimeira.com.br\/news\/wp-json\/wp\/v2\/tags?post=66064"}],"curies":[{"name":"wp","href":"https:\/\/api.w.org\/{rel}","templated":true}]}}