{"id":66062,"date":"2026-05-19T15:00:54","date_gmt":"2026-05-19T18:00:54","guid":{"rendered":"https:\/\/guialimeira.com.br\/helder-do-taxi-solicita-informacoes-sobre-projeto-de-interligacao-viaria-entre-vila-labaki-e-jardim-boa-vista\/"},"modified":"2026-05-19T15:00:54","modified_gmt":"2026-05-19T18:00:54","slug":"helder-do-taxi-solicita-informacoes-sobre-projeto-de-interligacao-viaria-entre-vila-labaki-e-jardim-boa-vista","status":"publish","type":"post","link":"https:\/\/guialimeira.com.br\/news\/helder-do-taxi-solicita-informacoes-sobre-projeto-de-interligacao-viaria-entre-vila-labaki-e-jardim-boa-vista\/","title":{"rendered":"Helder do T\u00e1xi solicita informa\u00e7\u00f5es sobre projeto de interliga\u00e7\u00e3o vi\u00e1ria entre Vila Labaki e Jardim Boa Vista"},"content":{"rendered":"<p>Helder do T\u00e1xi solicita informa\u00e7\u00f5es sobre projeto de interliga\u00e7\u00e3o vi\u00e1ria entre Vila Labaki e Jardim Boa Vista<\/p>\n<p>O vereador Helder do T\u00e1xi (PSD) protocolou, no dia 11 de maio, o Requerimento N\u00ba 414\/2026, solicitando \u00e0 Prefeitura informa\u00e7\u00f5es sobre a possibilidade de elabora\u00e7\u00e3o e execu\u00e7\u00e3o de um projeto de interliga\u00e7\u00e3o vi\u00e1ria entre a rua M\u00e1rio Sampaio de Barros, na Vila Labaki, e a rua Beatriz Bragotto Dermond, no Jardim Boa Vista, em Limeira.<\/p>\n<p>De acordo com o parlamentar, atualmente o local conta apenas com uma passarela destinada \u00e0 travessia de pedestres, sendo as vias separadas por uma \u00c1rea de Preserva\u00e7\u00e3o Permanente (APP). O objetivo do requerimento \u00e9 verificar a viabilidade t\u00e9cnica, urbana e ambiental para implanta\u00e7\u00e3o de uma liga\u00e7\u00e3o destinada tamb\u00e9m ao tr\u00e1fego de ve\u00edculos.<\/p>\n<p>No documento, o vereador destaca a import\u00e2ncia estrat\u00e9gica da regi\u00e3o, especialmente por concentrar um importante polo de comercializa\u00e7\u00e3o de semijoias, incluindo a \u201cRua da Alegria\u201d, que recebe visitantes, comerciantes e compradores de diversas regi\u00f5es do pa\u00eds.<\/p>\n<p>O requerimento tamb\u00e9m ressalta que a futura interliga\u00e7\u00e3o poder\u00e1 beneficiar moradores, comerciantes e trabalhadores da regi\u00e3o, al\u00e9m de facilitar o acesso a equipamentos p\u00fablicos e comunit\u00e1rios, como escolas, centros comunit\u00e1rios, igrejas e estabelecimentos comerciais.<\/p>\n<p>Entre os questionamentos apresentados ao Executivo est\u00e3o a exist\u00eancia de estudos ou projetos para a obra, an\u00e1lises de viabilidade t\u00e9cnica e ambiental, previs\u00e3o de elabora\u00e7\u00e3o de projeto executivo, estimativa de custos, possibilidade de utiliza\u00e7\u00e3o de recursos estaduais e federais, al\u00e9m dos impactos positivos na mobilidade urbana, seguran\u00e7a p\u00fablica e fortalecimento do com\u00e9rcio local.<\/p>\n<p>Segundo o vereador, a iniciativa busca contribuir para melhorias na infraestrutura urbana da regi\u00e3o e ampliar a integra\u00e7\u00e3o entre os bairros.<\/p>\n<p>Do Gabinete Parlamentar \u2013 Vereador Helder do T\u00e1xi (PSD)<\/p>\n<p>*Fotos do Gabinete Parlamentar<\/p>\n<p>As mat\u00e9rias de origem dos Gabinetes Parlamentares s\u00e3o de inteira\u00a0 responsabilidade dos parlamentares e de suas assessorias. S\u00e3o devidamente assinadas e n\u00e3o refletem, necessariamente, a opini\u00e3o institucional da C\u00e2mara Municipal de Limeira.<\/p>\n<hr>\n<p><em>Fonte: <a href=\"https:\/\/www.limeira.sp.leg.br\/noticias\/view\/2026-05-19_helder-do-taxi-solicita-informacoes-sobre-projeto-de-interligacao-viaria-entre-vila-labaki-e-jardim-boa-vista\" target=\"_blank\" rel=\"noopener\">C\u00e2mara Municipal de Limeira<\/a><\/em><\/p>\n","protected":false},"excerpt":{"rendered":"<p>Helder do T\u00e1xi solicita informa\u00e7\u00f5es sobre projeto de interliga\u00e7\u00e3o vi\u00e1ria entre Vila Labaki e Jardim Boa Vista<\/p>\n<p>O vereador Helder do T\u00e1xi (PSD) protocolou, no dia 11 de maio, o Requerimento N\u00ba 414\/2026, solicitando \u00e0 Prefeitura informa\u00e7\u00f5es sobre a possibilidade de elabora\u00e7\u00e3o e execu\u00e7\u00e3o de um projeto <\/p>\n","protected":false},"author":4,"featured_media":66061,"comment_status":"","ping_status":"open","sticky":false,"template":"","format":"standard","meta":{"_jetpack_newsletter_access":"","_jetpack_dont_email_post_to_subs":false,"_jetpack_newsletter_tier_id":0,"_jetpack_memberships_contains_paywalled_content":false,"_mbp_banners":[],"_jetpack_feature_clip_id":0,"_jetpack_memberships_contains_paid_content":false,"footnotes":"","jetpack_publicize_message":"","jetpack_publicize_feature_enabled":true,"jetpack_social_post_already_shared":true,"jetpack_social_options":{"image_generator_settings":{"template":"highway","default_image_id":0,"font":"","enabled":false},"version":2},"jetpack_post_was_ever_published":false},"categories":[19],"tags":[],"class_list":["post-66062","post","type-post","status-publish","format-standard","has-post-thumbnail","category-politica"],"jetpack_publicize_connections":[],"jetpack-related-posts":[],"jetpack_shortlink":"https:\/\/wp.me\/p7Eq1F-hbw","jetpack_sharing_enabled":true,"jetpack_featured_media_url":"https:\/\/i0.wp.com\/guialimeira.com.br\/news\/wp-content\/uploads\/2026\/05\/noticia-camara-73.jpg?fit=1280%2C640&ssl=1","_links":{"self":[{"href":"https:\/\/guialimeira.com.br\/news\/wp-json\/wp\/v2\/posts\/66062","targetHints":{"allow":["GET"]}}],"collection":[{"href":"https:\/\/guialimeira.com.br\/news\/wp-json\/wp\/v2\/posts"}],"about":[{"href":"https:\/\/guialimeira.com.br\/news\/wp-json\/wp\/v2\/types\/post"}],"author":[{"embeddable":true,"href":"https:\/\/guialimeira.com.br\/news\/wp-json\/wp\/v2\/users\/4"}],"replies":[{"embeddable":true,"href":"https:\/\/guialimeira.com.br\/news\/wp-json\/wp\/v2\/comments?post=66062"}],"version-history":[{"count":0,"href":"https:\/\/guialimeira.com.br\/news\/wp-json\/wp\/v2\/posts\/66062\/revisions"}],"wp:featuredmedia":[{"embeddable":true,"href":"https:\/\/guialimeira.com.br\/news\/wp-json\/wp\/v2\/media\/66061"}],"wp:attachment":[{"href":"https:\/\/guialimeira.com.br\/news\/wp-json\/wp\/v2\/media?parent=66062"}],"wp:term":[{"taxonomy":"category","embeddable":true,"href":"https:\/\/guialimeira.com.br\/news\/wp-json\/wp\/v2\/categories?post=66062"},{"taxonomy":"post_tag","embeddable":true,"href":"https:\/\/guialimeira.com.br\/news\/wp-json\/wp\/v2\/tags?post=66062"}],"curies":[{"name":"wp","href":"https:\/\/api.w.org\/{rel}","templated":true}]}}