{"id":66032,"date":"2026-05-19T10:05:10","date_gmt":"2026-05-19T13:05:10","guid":{"rendered":"https:\/\/guialimeira.com.br\/industria-de-limeira-reforca-competitividade-internacional-e-amplia-capacidade-produtiva-em-2026\/"},"modified":"2026-05-19T10:05:10","modified_gmt":"2026-05-19T13:05:10","slug":"industria-de-limeira-reforca-competitividade-internacional-e-amplia-capacidade-produtiva-em-2026","status":"publish","type":"post","link":"https:\/\/guialimeira.com.br\/news\/industria-de-limeira-reforca-competitividade-internacional-e-amplia-capacidade-produtiva-em-2026\/","title":{"rendered":"Ind\u00fastria de Limeira refor\u00e7a competitividade internacional e amplia capacidade produtiva em 2026"},"content":{"rendered":"<p> <br \/>\n<\/p>\n<div id=\"\">&#13;<br \/>\n                    &#13;<br \/>\n&#13;<br \/>\n&#13;<br \/>\n&#13;<\/p>\n<header class=\"list-header\">&#13;<br \/>\n    &#13;<br \/>\n&#13;<\/p>\n<nav class=\"breadcrumbs__container no-print\">&#13;<br \/>\n    <a class=\"breadcrumbs__item\" href=\"https:\/\/limeira.sp.gov.br\/\" rel=\"noopener\">In\u00edcio<\/a>&#13;<br \/>\n&#13;<br \/>\n&#13;<br \/>\n&#13;<br \/>\n<\/nav>\n<p>&#13;<br \/>\n&#13;<br \/>\n    &#13;<br \/>\n&#13;<\/p>\n<p class=\"page-description\">&#13;<br \/>\n            Compra de insumos, componentes e tecnologia no exterior impulsiona a produ\u00e7\u00e3o local e consolida o munic\u00edpio como polo industrial de peso no interior paulista&#13;\n        <\/p>\n<p>&#13;<br \/>\n&#13;<br \/>\n    &#13;<br \/>\n<\/header>\n<p>&#13;<br \/>\n&#13;<br \/>\n    <img data-recalc-dims=\"1\" decoding=\"async\" src=\"https:\/\/i0.wp.com\/ecrie.com.br\/sistema\/conteudos\/imagem\/m_137_0_1_19052026100332.jpg?w=696&#038;ssl=1\" alt=\"Ind\u00fastria de Limeira refor\u00e7a competitividade internacional e amplia capacidade produtiva em 2026\"\/>&#13;<br \/>\n&#13;<br \/>\n&#13;<\/p>\n<p style=\"text-align: justify;\">A ind\u00fastria de Limeira abriu 2026 com desempenho expressivo no com\u00e9rcio exterior. Dados da regional do Ciesp (Centro das Ind\u00fastrias do Estado de S\u00e3o Paulo) mostram crescimento de 70% nas importa\u00e7\u00f5es no primeiro trimestre, comparado ao mesmo per\u00edodo de 2025. O movimento n\u00e3o representa substitui\u00e7\u00e3o da produ\u00e7\u00e3o local, mas o oposto: as empresas est\u00e3o comprando mais insumos, componentes e tecnologia do exterior para produzir e competir mais aqui.<\/p>\n<p>&#13;<\/p>\n<p style=\"text-align: justify;\">Diante desse cen\u00e1rio favor\u00e1vel, a Prefeitura tem trabalhado para impulsionar ainda mais os n\u00fameros, com incentivos fiscais e apoio t\u00e9cnico \u00e0s empresas que buscam crescer no mercado externo. &#8220;A ind\u00fastria de Limeira j\u00e1 demonstra for\u00e7a por conta pr\u00f3pria. Nosso papel \u00e9 criar as condi\u00e7\u00f5es para que esse crescimento v\u00e1 ainda mais longe, com menos obst\u00e1culos e mais suporte para quem quer avan\u00e7ar no com\u00e9rcio exterior&#8221;, afirma o prefeito Murilo F\u00e9lix.<\/p>\n<p>&#13;<\/p>\n<p style=\"text-align: justify;\">O setor automotivo foi o principal destaque, respondendo por 46% do total importado e registrando alta de 163% em rela\u00e7\u00e3o ao ano anterior, evidenciando o papel de Limeira nas cadeias industriais de maior valor agregado do pa\u00eds, com destaque para autope\u00e7as, mobilidade e manufatura avan\u00e7ada. Outro movimento relevante foi o crescimento de 221% nas importa\u00e7\u00f5es vindas da China, que passaram a representar 56% do total, reflexo da busca por fornecedores diversificados e componentes estrat\u00e9gicos.<\/p>\n<p>&#13;<\/p>\n<p style=\"text-align: justify;\">&#8220;Mesmo com oscila\u00e7\u00f5es nas exporta\u00e7\u00f5es, as empresas seguem ajustando rotas, investindo em inova\u00e7\u00e3o e explorando novos mercados, ampliando sua presen\u00e7a internacional&#8221;, explicou Daniel Bonatti, secret\u00e1rio de Desenvolvimento Econ\u00f4mico.<\/p>\n<p>&#13;<br \/>\n&#13;<br \/>\n&#13;<br \/>\n&#13;<\/p>\n<article class=\"conteudo-relacionado no-print\">&#13;<\/p>\n<header class=\"list-header\">&#13;<\/p>\n<h4>Conte\u00fados Relacionados<\/h4>\n<p>&#13;<br \/>\n        <\/header>\n<p>&#13;<br \/>\n&#13;<br \/>\n        &#13;<br \/>\n    <\/article>\n<p>&#13;<br \/>\n&#13;\n                <\/p><\/div>\n<p><br \/>\n<br \/><a href=\"https:\/\/limeira.sp.gov.br\/industria-de-limeira-reforca-competitividade-internacional-e-amplia-capacidade-produtiva-em-2026\" rel=\"noopener\">Informa\u00e7\u00f5es da PML <\/a><\/p>\n","protected":false},"excerpt":{"rendered":"<p>&#13; &#13; &#13; &#13; &#13; &#13; &#13; &#13; &#13; In\u00edcio&#13; &#13; &#13; &#13; &#13; &#13; &#13; &#13; &#13; Compra de insumos, componentes e tecnologia no exterior impulsiona a produ\u00e7\u00e3o local e consolida o munic\u00edpio como polo industrial de peso no interior paulista&#13; &#13; &#13; &#13; &#13; &#13; &#13; &#13; &#13; A ind\u00fastria de Limeira abriu [&hellip;]<\/p>\n","protected":false},"author":1,"featured_media":66033,"comment_status":"","ping_status":"open","sticky":false,"template":"","format":"standard","meta":{"_jetpack_newsletter_access":"","_jetpack_dont_email_post_to_subs":false,"_jetpack_newsletter_tier_id":0,"_jetpack_memberships_contains_paywalled_content":false,"_mbp_banners":[],"_jetpack_feature_clip_id":0,"_jetpack_memberships_contains_paid_content":false,"footnotes":"","jetpack_publicize_message":"","jetpack_publicize_feature_enabled":true,"jetpack_social_post_already_shared":true,"jetpack_social_options":{"image_generator_settings":{"template":"highway","default_image_id":0,"font":"","enabled":false},"version":2},"jetpack_post_was_ever_published":false},"categories":[16],"tags":[],"class_list":["post-66032","post","type-post","status-publish","format-standard","has-post-thumbnail","category-local"],"jetpack_publicize_connections":[],"jetpack-related-posts":[],"jetpack_shortlink":"https:\/\/wp.me\/p7Eq1F-hb2","jetpack_sharing_enabled":true,"jetpack_featured_media_url":"https:\/\/i0.wp.com\/guialimeira.com.br\/news\/wp-content\/uploads\/2026\/05\/m_137_0_1_19052026100332.jpg?fit=1024%2C681&ssl=1","_links":{"self":[{"href":"https:\/\/guialimeira.com.br\/news\/wp-json\/wp\/v2\/posts\/66032","targetHints":{"allow":["GET"]}}],"collection":[{"href":"https:\/\/guialimeira.com.br\/news\/wp-json\/wp\/v2\/posts"}],"about":[{"href":"https:\/\/guialimeira.com.br\/news\/wp-json\/wp\/v2\/types\/post"}],"author":[{"embeddable":true,"href":"https:\/\/guialimeira.com.br\/news\/wp-json\/wp\/v2\/users\/1"}],"replies":[{"embeddable":true,"href":"https:\/\/guialimeira.com.br\/news\/wp-json\/wp\/v2\/comments?post=66032"}],"version-history":[{"count":0,"href":"https:\/\/guialimeira.com.br\/news\/wp-json\/wp\/v2\/posts\/66032\/revisions"}],"wp:featuredmedia":[{"embeddable":true,"href":"https:\/\/guialimeira.com.br\/news\/wp-json\/wp\/v2\/media\/66033"}],"wp:attachment":[{"href":"https:\/\/guialimeira.com.br\/news\/wp-json\/wp\/v2\/media?parent=66032"}],"wp:term":[{"taxonomy":"category","embeddable":true,"href":"https:\/\/guialimeira.com.br\/news\/wp-json\/wp\/v2\/categories?post=66032"},{"taxonomy":"post_tag","embeddable":true,"href":"https:\/\/guialimeira.com.br\/news\/wp-json\/wp\/v2\/tags?post=66032"}],"curies":[{"name":"wp","href":"https:\/\/api.w.org\/{rel}","templated":true}]}}