{"id":66024,"date":"2026-05-19T08:35:54","date_gmt":"2026-05-19T11:35:54","guid":{"rendered":"https:\/\/guialimeira.com.br\/camara-aprova-projetos-que-instituem-eventos-de-semijoias-no-calendario-oficial-do-municipio\/"},"modified":"2026-05-19T08:35:54","modified_gmt":"2026-05-19T11:35:54","slug":"camara-aprova-projetos-que-instituem-eventos-de-semijoias-no-calendario-oficial-do-municipio","status":"publish","type":"post","link":"https:\/\/guialimeira.com.br\/news\/camara-aprova-projetos-que-instituem-eventos-de-semijoias-no-calendario-oficial-do-municipio\/","title":{"rendered":"C\u00e2mara aprova projetos que instituem eventos de semijoias no Calend\u00e1rio Oficial do Munic\u00edpio"},"content":{"rendered":"<p>C\u00e2mara aprova projetos que instituem eventos de semijoias no Calend\u00e1rio Oficial do Munic\u00edpio<\/p>\n<p>Durante a sess\u00e3o ordin\u00e1ria da C\u00e2mara desta segunda-feira, 18 de maio, a C\u00e2mara Municipal aprovou tr\u00eas projetos de autoria do vereador Estev\u00e3o Nogueira (Avante), que instituem eventos no Calend\u00e1rio Oficial de Limeira, sendo eles o Fest Brutos Limeira (Projeto de Lei N\u00ba 24\/2026), o Alegria Expo Brutos (Projeto de Lei N\u00ba 25\/2026)\u00a0 e o Festival da Semijoia de Limeira (Projeto de Lei N\u00ba 26\/2026).<\/p>\n<p>Fest Brutos Limeira<\/p>\n<p>Conforme a propositura, o encontro poder\u00e1 ser realizado duas vezes ao ano, com prefer\u00eancia nos meses de mar\u00e7o e agosto. Aos organizadores \u00e9 previsto o ajuste do melhor per\u00edodo para a realiza\u00e7\u00e3o e a dura\u00e7\u00e3o do Fest Brutos Limeira, que poder\u00e1 se estender por at\u00e9 cinco dias. A a\u00e7\u00e3o deve ser voltada para lojistas e revendedores de semijoias, atacadistas e distribuidores de insumos e pe\u00e7as em bruto, fabricantes e fornecedores do setor e pessoas interessadas em iniciar neg\u00f3cios no setor de semijoias.<\/p>\n<p>De acordo com o texto, poder\u00e3o ser realizadas feiras, exposi\u00e7\u00f5es, palestras, workshops, rodadas de neg\u00f3cios e outras atividades destinadas \u00e0 promo\u00e7\u00e3o do setor de semijoias e ao incentivo ao empreendedorismo no Munic\u00edpio.<\/p>\n<p>Alegria Expo Brutos<\/p>\n<p>O Alegria Expo Brutos tamb\u00e9m pode ser realizado duas vezes no ano, com dura\u00e7\u00e3o de cinco dias e preferencialmente entre mar\u00e7o e setembro. Segundo a proposta, a finalidade ser\u00e1 de incentivar o desenvolvimento econ\u00f4mico e industrial do Munic\u00edpio; promover o p\u00f3lo produtivo de semijoias e acess\u00f3rios existente em Limeira; incentivar a gera\u00e7\u00e3o de neg\u00f3cios, parcerias e investimentos no setor; fortalecer a imagem do Munic\u00edpio como refer\u00eancia nacional na produ\u00e7\u00e3o de semijoias e estimular o turismo de neg\u00f3cios e a circula\u00e7\u00e3o econ\u00f4mica local.<\/p>\n<p>A Prefeitura poder\u00e1 apoiar institucionalmente o evento, por meio de divulga\u00e7\u00e3o nos canais oficiais do Munic\u00edpio, apoio institucional e log\u00edstico, parcerias com entidades representativas do setor produtivo e a\u00e7\u00f5es de incentivo ao turismo de neg\u00f3cios e \u00e0 economia.<\/p>\n<p>Festival da Semijoia de Limeira<\/p>\n<p>J\u00e1 o Festival da Semijoia de Limeira pode ser realizado entre abril e novembro, portanto, duas vezes no ano, com cinco dias de dura\u00e7\u00e3o em cada edi\u00e7\u00e3o. O intuito, segundo o autor, \u00e9 promover o lado econ\u00f4mico, tur\u00edstico e comercial, promovendo o fortalecimento da economia local; a valoriza\u00e7\u00e3o da identidade de Limeira como polo nacional de joias folheadas;\u00a0 o est\u00edmulo ao turismo e atra\u00e7\u00e3o de visitantes; a gera\u00e7\u00e3o de oportunidades de neg\u00f3cios para lojistas e fabricantes.<\/p>\n<p>O projeto destaca que a inclus\u00e3o do Festival da Semijoia no Calend\u00e1rio Oficial garante a divulga\u00e7\u00e3o pelos canais oficiais do Munic\u00edpio, a possibilidade de apoio institucional, respeitando a regulamenta\u00e7\u00e3o municipal;\u00a0 a integra\u00e7\u00e3o com pol\u00edticas p\u00fablicas de turismo, cultura e com\u00e9rcio e o apoio na log\u00edstica e planejamento urbano durante a realiza\u00e7\u00e3o da atividade.<\/p>\n<p>O autor das propostas justificou-as dizendo que os eventos s\u00e3o relevantes para o Munic\u00edpio, por ser a cidade refer\u00eancia como capital da joia folheada, atraindo p\u00fablico de v\u00e1rias regi\u00f5es, incluindo lojistas, revendedores e consumidores.<\/p>\n<p>O vereador ressaltou que Limeira \u00e9 conhecida como um dos principais polos produtivos do pa\u00eds, sendo uma regi\u00e3o que concentra milhares de empresas no ramo de semijoias e folheados. \u201cA realiza\u00e7\u00e3o desses eventos contribui em diversas \u00e1reas em Limeira, como a gera\u00e7\u00e3o de empregos, fechamento de parcerias comerciais, conhecer tend\u00eancias novas no mercado de semijoias, al\u00e9m de desenvolver economicamente o Munic\u00edpio, gerando milh\u00f5es de reais durante cada edi\u00e7\u00e3o\u201d, destacou.<\/p>\n<hr>\n<p><em>Fonte: <a href=\"https:\/\/www.limeira.sp.leg.br\/noticias\/view\/2026-05-19_camara-aprova-projetos-que-instituem-eventos-de-semijoias-no-calendario-oficial-do-municipio\" target=\"_blank\" rel=\"noopener\">C\u00e2mara Municipal de Limeira<\/a><\/em><\/p>\n","protected":false},"excerpt":{"rendered":"<p>C\u00e2mara aprova projetos que instituem eventos de semijoias no Calend\u00e1rio Oficial do Munic\u00edpio<\/p>\n<p>Durante a sess\u00e3o ordin\u00e1ria da C\u00e2mara desta segunda-feira, 18 de maio, a C\u00e2mara Municipal aprovou tr\u00eas projetos de autoria do vereador Estev\u00e3o Nogueira (Avante), que instituem eventos no Calend\u00e1rio Oficial d<\/p>\n","protected":false},"author":4,"featured_media":66023,"comment_status":"","ping_status":"open","sticky":false,"template":"","format":"standard","meta":{"_jetpack_newsletter_access":"","_jetpack_dont_email_post_to_subs":false,"_jetpack_newsletter_tier_id":0,"_jetpack_memberships_contains_paywalled_content":false,"_mbp_banners":[],"_jetpack_feature_clip_id":0,"_jetpack_memberships_contains_paid_content":false,"footnotes":"","jetpack_publicize_message":"","jetpack_publicize_feature_enabled":true,"jetpack_social_post_already_shared":true,"jetpack_social_options":{"image_generator_settings":{"template":"highway","default_image_id":0,"font":"","enabled":false},"version":2},"jetpack_post_was_ever_published":false},"categories":[19],"tags":[],"class_list":["post-66024","post","type-post","status-publish","format-standard","has-post-thumbnail","category-politica"],"jetpack_publicize_connections":[],"jetpack-related-posts":[],"jetpack_shortlink":"https:\/\/wp.me\/p7Eq1F-haU","jetpack_sharing_enabled":true,"jetpack_featured_media_url":"https:\/\/i0.wp.com\/guialimeira.com.br\/news\/wp-content\/uploads\/2026\/05\/noticia-camara-70.jpg?fit=1280%2C640&ssl=1","_links":{"self":[{"href":"https:\/\/guialimeira.com.br\/news\/wp-json\/wp\/v2\/posts\/66024","targetHints":{"allow":["GET"]}}],"collection":[{"href":"https:\/\/guialimeira.com.br\/news\/wp-json\/wp\/v2\/posts"}],"about":[{"href":"https:\/\/guialimeira.com.br\/news\/wp-json\/wp\/v2\/types\/post"}],"author":[{"embeddable":true,"href":"https:\/\/guialimeira.com.br\/news\/wp-json\/wp\/v2\/users\/4"}],"replies":[{"embeddable":true,"href":"https:\/\/guialimeira.com.br\/news\/wp-json\/wp\/v2\/comments?post=66024"}],"version-history":[{"count":0,"href":"https:\/\/guialimeira.com.br\/news\/wp-json\/wp\/v2\/posts\/66024\/revisions"}],"wp:featuredmedia":[{"embeddable":true,"href":"https:\/\/guialimeira.com.br\/news\/wp-json\/wp\/v2\/media\/66023"}],"wp:attachment":[{"href":"https:\/\/guialimeira.com.br\/news\/wp-json\/wp\/v2\/media?parent=66024"}],"wp:term":[{"taxonomy":"category","embeddable":true,"href":"https:\/\/guialimeira.com.br\/news\/wp-json\/wp\/v2\/categories?post=66024"},{"taxonomy":"post_tag","embeddable":true,"href":"https:\/\/guialimeira.com.br\/news\/wp-json\/wp\/v2\/tags?post=66024"}],"curies":[{"name":"wp","href":"https:\/\/api.w.org\/{rel}","templated":true}]}}