{"id":660,"date":"2024-04-01T17:08:46","date_gmt":"2024-04-01T20:08:46","guid":{"rendered":"https:\/\/guialimeira.com.br\/2024\/04\/01\/ministerio-publico-defende-cassacao-de-sergio-moro\/"},"modified":"2024-04-01T17:08:46","modified_gmt":"2024-04-01T20:08:46","slug":"ministerio-publico-defende-cassacao-de-sergio-moro","status":"publish","type":"post","link":"https:\/\/guialimeira.com.br\/news\/ministerio-publico-defende-cassacao-de-sergio-moro\/","title":{"rendered":"Minist\u00e9rio P\u00fablico defende cassa\u00e7\u00e3o de Sergio Moro"},"content":{"rendered":"<p> <br \/>\n<\/p>\n<div>\n<p>O Minist\u00e9rio P\u00fablico Eleitoral (MPE) defendeu nesta segunda-feira (1\u00ba) a cassa\u00e7\u00e3o do senador Sergio Moro (Uni\u00e3o-PR).<img data-recalc-dims=\"1\" decoding=\"async\" src=\"https:\/\/i0.wp.com\/agenciabrasil.ebc.com.br\/ebc.png?w=696&#038;ssl=1\" style=\"width:1px; height:1px; display:inline;\"\/><img data-recalc-dims=\"1\" decoding=\"async\" src=\"https:\/\/i0.wp.com\/agenciabrasil.ebc.com.br\/ebc.gif?w=696&#038;ssl=1\" style=\"width:1px; height:1px; display:inline;\"\/><\/p>\n<p>A manifesta\u00e7\u00e3o foi lida pelo procurador Marcelo Godoy durante a <a href=\"https:\/\/agenciabrasil.ebc.com.br\/justica\/noticia\/2024-04\/tre-inicia-julgamento-que-pode-cassar-mandato-de-sergio-moro\" target=\"_blank\" rel=\"noopener\">sess\u00e3o na qual o Tribunal Regional Eleitoral (TRE) do Paran\u00e1 julga dois processos<\/a> nos quais o PT e o PL acusam Moro de abuso de poder econ\u00f4mico pela suposta realiza\u00e7\u00e3o de gastos irregulares no per\u00edodo de pr\u00e9-campanha em 2022.<\/p>\n<p>Em 2021, Moro estava no Podemos e realizou atos de pr\u00e9-candidatura \u00e0 Presid\u00eancia da Rep\u00fablica. De acordo com a acusa\u00e7\u00e3o, houve &#8220;desvantagem il\u00edcita&#8221; em favor dos demais concorrentes ao cargo de senador diante dos &#8220;altos investimentos financeiros&#8221; realizados antes de Moro deixar a sigla e decidir se candidatar ao Senado pelo Uni\u00e3o.<\/p>\n<p>Conforme a acusa\u00e7\u00e3o, foram gastos de aproximadamente R$ 2 milh\u00f5es oriundos do Fundo Partid\u00e1rio com o evento de filia\u00e7\u00e3o de Moro ao Podemos, com a contrata\u00e7\u00e3o de produ\u00e7\u00e3o de v\u00eddeos para promo\u00e7\u00e3o pessoal e consultorias eleitorais.<\/p>\n<p>Durante a sustenta\u00e7\u00e3o, o procurador reiterou parecer a favor da cassa\u00e7\u00e3o, publicado em dezembro do ano passado, e citou que houve \u201cbenef\u00edcio pessoal\u201d de Moro em parte dos gastos realizados.<\/p>\n<p>\u201cA procuradoria manifesta-se pela proced\u00eancia parcial dos pedidos para que se reconhe\u00e7a a pr\u00e1tica do abuso de poder econ\u00f4mico, com a consequente cassa\u00e7\u00e3o da chapa eleita e a decreta\u00e7\u00e3o da inelegibilidade do titular [ Moro] e do primeiro-suplente [Luiz Felipe Cunha]\u201d, afirmou.<\/p>\n<p>O julgamento prossegue para a manifesta\u00e7\u00e3o do voto do relator, desembargador Luciano Carrasco Falavinha Souza. Mais seis magistrados poder\u00e3o votar.<\/p>\n<p>Caso o julgamento n\u00e3o seja conclu\u00eddo hoje, o TRE reservou mais duas sess\u00f5es para os dias 3 e 8 de abril para o t\u00e9rmino do julgamento.<\/p>\n<\/p><\/div>\n<p><br \/>\n<br \/><a href=\"https:\/\/agenciabrasil.ebc.com.br\/justica\/noticia\/2024-04\/ministerio-publico-defende-cassacao-de-sergio-moro\" rel=\"noopener\">Ag\u00eancia Brasil<\/a><\/p>\n","protected":false},"excerpt":{"rendered":"<p>O Minist\u00e9rio P\u00fablico Eleitoral (MPE) defendeu nesta segunda-feira (1\u00ba) a cassa\u00e7\u00e3o do senador Sergio Moro (Uni\u00e3o-PR). A manifesta\u00e7\u00e3o foi lida pelo procurador Marcelo Godoy durante a sess\u00e3o na qual o Tribunal Regional Eleitoral (TRE) do Paran\u00e1 julga dois processos nos quais o PT e o PL acusam Moro de abuso de poder econ\u00f4mico pela suposta [&hellip;]<\/p>\n","protected":false},"author":1,"featured_media":661,"comment_status":"open","ping_status":"open","sticky":false,"template":"","format":"standard","meta":{"_jetpack_newsletter_access":"","_jetpack_dont_email_post_to_subs":false,"_jetpack_newsletter_tier_id":0,"_jetpack_memberships_contains_paywalled_content":false,"_mbp_banners":[],"_jetpack_feature_clip_id":0,"_jetpack_memberships_contains_paid_content":false,"footnotes":"","jetpack_publicize_message":"","jetpack_publicize_feature_enabled":true,"jetpack_social_post_already_shared":true,"jetpack_social_options":{"image_generator_settings":{"template":"highway","default_image_id":0,"font":"","enabled":false},"version":2},"jetpack_post_was_ever_published":false},"categories":[22],"tags":[],"class_list":["post-660","post","type-post","status-publish","format-standard","has-post-thumbnail","category-nacional"],"jetpack_publicize_connections":[],"jetpack-related-posts":[],"jetpack_shortlink":"https:\/\/wp.me\/p7Eq1F-aE","jetpack_sharing_enabled":true,"jetpack_featured_media_url":"https:\/\/i0.wp.com\/guialimeira.com.br\/news\/wp-content\/uploads\/2024\/04\/discurso_senador_sergio_moro-11.jpg?fit=1600%2C800&ssl=1","_links":{"self":[{"href":"https:\/\/guialimeira.com.br\/news\/wp-json\/wp\/v2\/posts\/660","targetHints":{"allow":["GET"]}}],"collection":[{"href":"https:\/\/guialimeira.com.br\/news\/wp-json\/wp\/v2\/posts"}],"about":[{"href":"https:\/\/guialimeira.com.br\/news\/wp-json\/wp\/v2\/types\/post"}],"author":[{"embeddable":true,"href":"https:\/\/guialimeira.com.br\/news\/wp-json\/wp\/v2\/users\/1"}],"replies":[{"embeddable":true,"href":"https:\/\/guialimeira.com.br\/news\/wp-json\/wp\/v2\/comments?post=660"}],"version-history":[{"count":0,"href":"https:\/\/guialimeira.com.br\/news\/wp-json\/wp\/v2\/posts\/660\/revisions"}],"wp:featuredmedia":[{"embeddable":true,"href":"https:\/\/guialimeira.com.br\/news\/wp-json\/wp\/v2\/media\/661"}],"wp:attachment":[{"href":"https:\/\/guialimeira.com.br\/news\/wp-json\/wp\/v2\/media?parent=660"}],"wp:term":[{"taxonomy":"category","embeddable":true,"href":"https:\/\/guialimeira.com.br\/news\/wp-json\/wp\/v2\/categories?post=660"},{"taxonomy":"post_tag","embeddable":true,"href":"https:\/\/guialimeira.com.br\/news\/wp-json\/wp\/v2\/tags?post=660"}],"curies":[{"name":"wp","href":"https:\/\/api.w.org\/{rel}","templated":true}]}}