{"id":6598,"date":"2024-05-27T19:17:49","date_gmt":"2024-05-27T22:17:49","guid":{"rendered":"https:\/\/guialimeira.com.br\/2024\/05\/27\/bem-estar-animal-realiza-180-atendimentos-no-jd-do-lago-e-agora-vai-para-o-parque-cidade\/"},"modified":"2024-05-27T19:17:49","modified_gmt":"2024-05-27T22:17:49","slug":"bem-estar-animal-realiza-180-atendimentos-no-jd-do-lago-e-agora-vai-para-o-parque-cidade","status":"publish","type":"post","link":"https:\/\/guialimeira.com.br\/news\/bem-estar-animal-realiza-180-atendimentos-no-jd-do-lago-e-agora-vai-para-o-parque-cidade\/","title":{"rendered":"Bem-Estar Animal realiza 180 atendimentos no Jd. do Lago e agora vai para o Parque Cidade"},"content":{"rendered":"<p> <br \/>\n<\/p>\n<div>\n            <main class=\"\">&#13;<br \/>\n                &#13;<br \/>\n&#13;<br \/>\n&#13;<br \/>\n&#13;<br \/>\n    <img data-recalc-dims=\"1\" decoding=\"async\" src=\"https:\/\/i0.wp.com\/ecrie.com.br\/sistema\/conteudos\/imagem\/m_137_0_1_25082023143256.jpeg?w=696&#038;ssl=1\" alt=\"Bem-Estar Animal realiza 180 atendimentos no Jd. do Lago e agora vai para o Parque Cidade\"\/>&#13;<br \/>\n&#13;<\/p>\n<p style=\"text-align: justify;\" align=\"justify\">O projeto \u201cBem-Estar Animal nos Bairros\u201d, da Prefeitura de Limeira, encerrou nesta segunda-feira (27) os servi\u00e7os descentralizados no Jardim do Lago \u2013 em cerca de dois meses, foram mais de 180 atendimentos. A partir da pr\u00f3xima segunda-feira (3 de junho), a iniciativa passa a atender no Parque Cidade, pr\u00f3ximo \u00e0 Secretaria de Meio Ambiente e Agricultura (Rua Dr. Jos\u00e9 Botelho Veloso, s\/n).<\/p>\n<p>&#13;<\/p>\n<p style=\"text-align: justify;\" align=\"justify\">O atendimento do \u201cBem-Estar Animal nos Bairros\u201d ocorre de segunda, quarta e sexta-feira, das 9h30 \u00e0s 14h30. Nos demais dias \u2013 ter\u00e7as e quintas \u2013 o servi\u00e7o \u00e9 oferecido no Departamento de Prote\u00e7\u00e3o e Bem-Estar Animal (DPBEA), das 8h as 11h. O DPBEA fica na Rua Prof. S\u00f3lon Borges dos Reis, n\u00ba 251, Jd. Campos El\u00edseos.<\/p>\n<p>&#13;<\/p>\n<p style=\"text-align: justify;\" align=\"justify\">Respons\u00e1vel pela pasta, Reinaldo Buck Belussi explica que a descentraliza\u00e7\u00e3o do servi\u00e7o amplia o acesso ao atendimento dos animais. \u201cNo local oferecemos consulta orientativa, microchipagem, al\u00e9m de levarmos informa\u00e7\u00f5es importantes sobre guarda respons\u00e1vel. Tudo isso garante mais sa\u00fade e bem-estar aos animais, o que tem sido uma das prioridades do governo Mario Botion\u201d, destaca.<\/p>\n<p>&#13;<\/p>\n<p style=\"text-align: justify;\" align=\"justify\">Para ser atendido, os tutores devem apresentar RG ou CPF e comprovante de endere\u00e7o. Os c\u00e3es devem usar coleira e guia. A focinheira \u00e9 recomendada para animais bravos. J\u00e1 os gatos devem ser levados em caixas de transporte.<\/p>\n<p>&#13;<br \/>\n&#13;<br \/>\n&#13;<br \/>\n&#13;<\/p>\n<aside class=\"list-related no-print\">&#13;<br \/>\n        &#13;<br \/>\n&#13;<\/p>\n<article class=\"list-item noticias \">&#13;<br \/>\n                    <a class=\"list-item__img\" href=\"https:\/\/limeira.sp.gov.br\/imprensa\/noticias\/meio-ambiente-e-agricultura\/mes-do-meio-ambiente-2024-tera-conscientizacao-sobre-sustentabilidade\" tabindex=\"-1\" aria-hidden=\"true\" rel=\"noopener\">&#13;<br \/>\n                        <img data-recalc-dims=\"1\" decoding=\"async\" src=\"https:\/\/i0.wp.com\/ecrie.com.br\/sistema\/conteudos\/imagem\/m_137_0_1_27052024170307.jpeg?w=696&#038;ssl=1\" alt=\"M\u00eas do Meio Ambiente 2024 ter\u00e1 conscientiza\u00e7\u00e3o sobre sustentabilidade\"\/>&#13;<br \/>\n                    <\/a>&#13;<br \/>\n&#13;<br \/>\n                &#13;<br \/>\n            <\/article>\n<p>&#13;<\/p>\n<article class=\"list-item noticias \">&#13;<br \/>\n                    <a class=\"list-item__img\" href=\"https:\/\/limeira.sp.gov.br\/imprensa\/noticias\/meio-ambiente-e-agricultura\/confira-os-servicos-municipais-no-feriado-de-corpuschristi\" tabindex=\"-1\" aria-hidden=\"true\" rel=\"noopener\">&#13;<br \/>\n                        <img data-recalc-dims=\"1\" decoding=\"async\" src=\"https:\/\/i0.wp.com\/ecrie.com.br\/sistema\/conteudos\/imagem\/m_137_0_1_27052024143547.jpg?w=696&#038;ssl=1\" alt=\"Confira os servi\u00e7os municipais no feriado de Corpus\u00a0Christi\"\/>&#13;<br \/>\n                    <\/a>&#13;<br \/>\n&#13;<br \/>\n                &#13;<br \/>\n            <\/article>\n<p>&#13;<\/p>\n<article class=\"list-item noticias \">&#13;<br \/>\n                    <a class=\"list-item__img\" href=\"https:\/\/limeira.sp.gov.br\/imprensa\/noticias\/meio-ambiente-e-agricultura\/evento-de-adocao-e-neste-sabado-25-no-lar-temporario-de-animais\" tabindex=\"-1\" aria-hidden=\"true\" rel=\"noopener\">&#13;<br \/>\n                        <img data-recalc-dims=\"1\" decoding=\"async\" src=\"https:\/\/i0.wp.com\/ecrie.com.br\/sistema\/conteudos\/imagem\/m_137_0_1_22052024163533.jpg?w=696&#038;ssl=1\" alt=\"Evento de ado\u00e7\u00e3o \u00e9 neste s\u00e1bado (25) no Lar Tempor\u00e1rio de Animais\"\/>&#13;<br \/>\n                    <\/a>&#13;<br \/>\n&#13;<br \/>\n                &#13;<br \/>\n            <\/article>\n<p>&#13;<br \/>\n    <\/aside>\n<p>&#13;<br \/>\n&#13;<br \/>\n            <\/main><\/p><\/div>\n<p><br \/>\n<br \/><a href=\"https:\/\/limeira.sp.gov.br\/bem-estar-animal-realiza-180-atendimentos-no-jd-do-lago-e-agora-vai-para-o-parque-cidade\" rel=\"noopener\">Informa\u00e7\u00f5es da PML <\/a><\/p>\n","protected":false},"excerpt":{"rendered":"<p>&#13; &#13; &#13; &#13; &#13; &#13; &#13; O projeto \u201cBem-Estar Animal nos Bairros\u201d, da Prefeitura de Limeira, encerrou nesta segunda-feira (27) os servi\u00e7os descentralizados no Jardim do Lago \u2013 em cerca de dois meses, foram mais de 180 atendimentos. A partir da pr\u00f3xima segunda-feira (3 de junho), a iniciativa passa a atender no Parque Cidade, [&hellip;]<\/p>\n","protected":false},"author":1,"featured_media":6599,"comment_status":"open","ping_status":"open","sticky":false,"template":"","format":"standard","meta":{"_jetpack_newsletter_access":"","_jetpack_dont_email_post_to_subs":false,"_jetpack_newsletter_tier_id":0,"_jetpack_memberships_contains_paywalled_content":false,"_mbp_banners":[],"_jetpack_feature_clip_id":0,"_jetpack_memberships_contains_paid_content":false,"footnotes":"","jetpack_publicize_message":"","jetpack_publicize_feature_enabled":true,"jetpack_social_post_already_shared":true,"jetpack_social_options":{"image_generator_settings":{"template":"highway","default_image_id":0,"font":"","enabled":false},"version":2},"jetpack_post_was_ever_published":false},"categories":[16],"tags":[],"class_list":["post-6598","post","type-post","status-publish","format-standard","has-post-thumbnail","category-local"],"jetpack_publicize_connections":[],"jetpack-related-posts":[],"jetpack_shortlink":"https:\/\/wp.me\/p7Eq1F-1Iq","jetpack_sharing_enabled":true,"jetpack_featured_media_url":"https:\/\/i0.wp.com\/guialimeira.com.br\/news\/wp-content\/uploads\/2024\/05\/m_137_0_1_25082023143256.jpeg?fit=900%2C562&ssl=1","_links":{"self":[{"href":"https:\/\/guialimeira.com.br\/news\/wp-json\/wp\/v2\/posts\/6598","targetHints":{"allow":["GET"]}}],"collection":[{"href":"https:\/\/guialimeira.com.br\/news\/wp-json\/wp\/v2\/posts"}],"about":[{"href":"https:\/\/guialimeira.com.br\/news\/wp-json\/wp\/v2\/types\/post"}],"author":[{"embeddable":true,"href":"https:\/\/guialimeira.com.br\/news\/wp-json\/wp\/v2\/users\/1"}],"replies":[{"embeddable":true,"href":"https:\/\/guialimeira.com.br\/news\/wp-json\/wp\/v2\/comments?post=6598"}],"version-history":[{"count":0,"href":"https:\/\/guialimeira.com.br\/news\/wp-json\/wp\/v2\/posts\/6598\/revisions"}],"wp:featuredmedia":[{"embeddable":true,"href":"https:\/\/guialimeira.com.br\/news\/wp-json\/wp\/v2\/media\/6599"}],"wp:attachment":[{"href":"https:\/\/guialimeira.com.br\/news\/wp-json\/wp\/v2\/media?parent=6598"}],"wp:term":[{"taxonomy":"category","embeddable":true,"href":"https:\/\/guialimeira.com.br\/news\/wp-json\/wp\/v2\/categories?post=6598"},{"taxonomy":"post_tag","embeddable":true,"href":"https:\/\/guialimeira.com.br\/news\/wp-json\/wp\/v2\/tags?post=6598"}],"curies":[{"name":"wp","href":"https:\/\/api.w.org\/{rel}","templated":true}]}}