{"id":65958,"date":"2026-05-18T16:30:54","date_gmt":"2026-05-18T19:30:54","guid":{"rendered":"https:\/\/guialimeira.com.br\/3o-forum-mulheres-na-politica-reune-liderancas-femininas-em-limeira\/"},"modified":"2026-05-18T16:30:54","modified_gmt":"2026-05-18T19:30:54","slug":"3o-forum-mulheres-na-politica-reune-liderancas-femininas-em-limeira","status":"publish","type":"post","link":"https:\/\/guialimeira.com.br\/news\/3o-forum-mulheres-na-politica-reune-liderancas-femininas-em-limeira\/","title":{"rendered":"3\u00ba F\u00f3rum Mulheres na Pol\u00edtica re\u00fane lideran\u00e7as femininas em Limeira"},"content":{"rendered":"<p>3\u00ba F\u00f3rum Mulheres na Pol\u00edtica re\u00fane lideran\u00e7as femininas em Limeira<\/p>\n<p>A vereadora Mariana Calsa (PSB) promoveu, no dia 15 de maio, no Teatro Nair Bello, o 3\u00ba F\u00f3rum Mulheres na Pol\u00edtica, um encontro dedicado ao fortalecimento da presen\u00e7a feminina nos espa\u00e7os de decis\u00e3o e lideran\u00e7a pol\u00edtica. Com o tema voltado ao posicionamento das mulheres, o f\u00f3rum prop\u00f4s um bate-papo sobre representatividade, participa\u00e7\u00e3o feminina na pol\u00edtica, desafios enfrentados pelas mulheres em cargos de lideran\u00e7a e o combate aos preconceitos ainda presentes nesses espa\u00e7os.<\/p>\n<p>Conforme Mariana, o encontro contou com a participa\u00e7\u00e3o de lideran\u00e7as femininas da pol\u00edtica nacional: Tabata Amaral (deputada federal), Marina Helou (deputada estadual), Simone Tebet (ex-ministra do Planejamento e Or\u00e7amento), Jacqueline Moraes (ex-secret\u00e1ria de Estado das Mulheres e ex-vice-governadora do Esp\u00edrito Santo) e Marina Silva (deputada federal). O evento tamb\u00e9m contou com a participa\u00e7\u00e3o de duas alunas do CAMPL Patrulheiro, Rafaela e Sara, que mediaram dois pain\u00e9is.<\/p>\n<p>\u201cEssas lideran\u00e7as deixaram uma mensagem sobre a import\u00e2ncia de eventos como esse, que discute um tema fundamental nos dias de hoje. Mais do que um debate pol\u00edtico, o f\u00f3rum foi um espa\u00e7o de escuta, troca de experi\u00eancias e incentivo \u00e0 participa\u00e7\u00e3o das mulheres na constru\u00e7\u00e3o de um futuro mais representativo e igualit\u00e1rio. \u00c9 um encontro de mulheres que transformam a pol\u00edtica com di\u00e1logo, coragem e compromisso com o futuro do Brasil\u201d, destacou Mariana Calsa.<\/p>\n<p>&#8220;Nesse contexto que a gente vive de tanto \u00f3dio, viol\u00eancia contra as mulheres, tantas mulheres sendo assassinadas e violentadas, mais do que nunca a gente precisa se unir para dar um basta a isso tudo. Estar aqui com mulheres que s\u00e3o refer\u00eancia para mim, aprendendo, trocando, mobilizando, me d\u00e1 muita esperan\u00e7a de que a gente vai enfrentar essa situa\u00e7\u00e3o&#8221;, afirmou Tabata Amaral.<\/p>\n<p>&#8220;Mulher vota em mulher, mulher protege mulher, mulher \u00e9 forte, mulher \u00e9 poderosa, mulher \u00e9 capaz. Acho que eventos como este, que s\u00e3o espa\u00e7os de fala femininos, fazem toda a diferen\u00e7a para aquelas mulheres que n\u00e3o t\u00eam essa percep\u00e7\u00e3o, e que, \u00e0s vezes, numa \u00fanica frase dita aqui despertam e falam: &#8216;\u00c9 isso mesmo, eu acredito, \u00e9 a minha vez'&#8221;, observou Simone Tebet.<\/p>\n<p>&#8220;A gente n\u00e3o vai conseguir mudar essa realidade terr\u00edvel de viol\u00eancia contra as mulheres, de feminic\u00eddio, sozinhas. N\u00f3s precisamos que os homens tamb\u00e9m estejam nessa luta. Mas quanto mais n\u00f3s ampliamos os espa\u00e7os de representa\u00e7\u00e3o das mulheres, seja dentro do poder p\u00fablico, dentro das empresas, em qualquer que seja o lugar, \u00e9 a forma que a gente tem de acabar com o preconceito, com a viol\u00eancia, com tudo aquilo que est\u00e1 destruindo a vida das mulheres\u201d, afirmou Marina Silva.<\/p>\n<p>\u201cA gente teve um evento inteiro pensado em como a gente deve valorizar as mulheres. E os pain\u00e9is foram mediados por jovens do projeto CAMPL Patrulheiros, que mostraram que a gente pode ter transforma\u00e7\u00f5es intergeracionais e que a inspira\u00e7\u00e3o transforma vidas\u201d, disse Marina Helou.<\/p>\n<p>&#8220;Evento como esse faz toda a diferen\u00e7a, porque \u00e9 um evento que conecta mulheres. Trazer a minha trajet\u00f3ria, a minha vida na pol\u00edtica, para mim \u00e9 muito importante. E, principalmente, ver os estudantes participando, temos a certeza que estamos pavimentando o caminho para que essa nova gera\u00e7\u00e3o se interesse pela vida p\u00fablica e pela pol\u00edtica, principalmente pela boa pol\u00edtica,&#8221; pontuou Jacqueline Moraes.<\/p>\n<p>O evento contou com a parceria do RenovaBR, Grupo Mulheres do Brasil, Multi Espa\u00e7o Na\u00e7\u00f5es, C\u00e2mara Municipal de Limeira e Prefeitura de Limeira.<\/p>\n<p>Do Gabinete Parlamentar \u2013 Vereadora Mariana Calsa (PSB)<\/p>\n<p>*Fotos do Gabinete Parlamentar<\/p>\n<p>As mat\u00e9rias de origem dos Gabinetes Parlamentares s\u00e3o de inteira\u00a0 responsabilidade dos parlamentares e de suas assessorias. S\u00e3o devidamente assinadas e n\u00e3o refletem, necessariamente, a opini\u00e3o institucional da C\u00e2mara Municipal de Limeira.<\/p>\n<hr>\n<p><em>Fonte: <a href=\"https:\/\/www.limeira.sp.leg.br\/noticias\/view\/2026-05-18_3-forum-mulheres-na-politica-reune-liderancas-femininas-em-limeira\" target=\"_blank\" rel=\"noopener\">C\u00e2mara Municipal de Limeira<\/a><\/em><\/p>\n","protected":false},"excerpt":{"rendered":"<p>3\u00ba F\u00f3rum Mulheres na Pol\u00edtica re\u00fane lideran\u00e7as femininas em Limeira<\/p>\n<p>A vereadora Mariana Calsa (PSB) promoveu, no dia 15 de maio, no Teatro Nair Bello, o 3\u00ba F\u00f3rum Mulheres na Pol\u00edtica, um encontro dedicado ao fortalecimento da presen\u00e7a feminina nos espa\u00e7os de decis\u00e3o e lideran\u00e7a pol\u00edtica. Com o tema<\/p>\n","protected":false},"author":4,"featured_media":65957,"comment_status":"","ping_status":"open","sticky":false,"template":"","format":"standard","meta":{"_jetpack_newsletter_access":"","_jetpack_dont_email_post_to_subs":false,"_jetpack_newsletter_tier_id":0,"_jetpack_memberships_contains_paywalled_content":false,"_mbp_banners":[],"_jetpack_feature_clip_id":0,"_jetpack_memberships_contains_paid_content":false,"footnotes":"","jetpack_publicize_message":"","jetpack_publicize_feature_enabled":true,"jetpack_social_post_already_shared":true,"jetpack_social_options":{"image_generator_settings":{"template":"highway","default_image_id":0,"font":"","enabled":false},"version":2},"jetpack_post_was_ever_published":false},"categories":[19],"tags":[],"class_list":["post-65958","post","type-post","status-publish","format-standard","has-post-thumbnail","category-politica"],"jetpack_publicize_connections":[],"jetpack-related-posts":[],"jetpack_shortlink":"https:\/\/wp.me\/p7Eq1F-h9Q","jetpack_sharing_enabled":true,"jetpack_featured_media_url":"https:\/\/i0.wp.com\/guialimeira.com.br\/news\/wp-content\/uploads\/2026\/05\/noticia-camara-67.jpg?fit=1280%2C640&ssl=1","_links":{"self":[{"href":"https:\/\/guialimeira.com.br\/news\/wp-json\/wp\/v2\/posts\/65958","targetHints":{"allow":["GET"]}}],"collection":[{"href":"https:\/\/guialimeira.com.br\/news\/wp-json\/wp\/v2\/posts"}],"about":[{"href":"https:\/\/guialimeira.com.br\/news\/wp-json\/wp\/v2\/types\/post"}],"author":[{"embeddable":true,"href":"https:\/\/guialimeira.com.br\/news\/wp-json\/wp\/v2\/users\/4"}],"replies":[{"embeddable":true,"href":"https:\/\/guialimeira.com.br\/news\/wp-json\/wp\/v2\/comments?post=65958"}],"version-history":[{"count":0,"href":"https:\/\/guialimeira.com.br\/news\/wp-json\/wp\/v2\/posts\/65958\/revisions"}],"wp:featuredmedia":[{"embeddable":true,"href":"https:\/\/guialimeira.com.br\/news\/wp-json\/wp\/v2\/media\/65957"}],"wp:attachment":[{"href":"https:\/\/guialimeira.com.br\/news\/wp-json\/wp\/v2\/media?parent=65958"}],"wp:term":[{"taxonomy":"category","embeddable":true,"href":"https:\/\/guialimeira.com.br\/news\/wp-json\/wp\/v2\/categories?post=65958"},{"taxonomy":"post_tag","embeddable":true,"href":"https:\/\/guialimeira.com.br\/news\/wp-json\/wp\/v2\/tags?post=65958"}],"curies":[{"name":"wp","href":"https:\/\/api.w.org\/{rel}","templated":true}]}}