{"id":65955,"date":"2026-05-18T16:29:05","date_gmt":"2026-05-18T19:29:05","guid":{"rendered":"https:\/\/guialimeira.com.br\/maio-laranja-limeira-reforca-acoes-de-combate-a-exploracao-sexual-de-criancas-e-adolescentes\/"},"modified":"2026-05-18T16:29:05","modified_gmt":"2026-05-18T19:29:05","slug":"maio-laranja-limeira-reforca-acoes-de-combate-a-exploracao-sexual-de-criancas-e-adolescentes","status":"publish","type":"post","link":"https:\/\/guialimeira.com.br\/news\/maio-laranja-limeira-reforca-acoes-de-combate-a-exploracao-sexual-de-criancas-e-adolescentes\/","title":{"rendered":"Maio Laranja: Limeira refor\u00e7a a\u00e7\u00f5es de combate \u00e0 explora\u00e7\u00e3o sexual de crian\u00e7as e adolescentes"},"content":{"rendered":"<p> <br \/>\n<\/p>\n<div id=\"\">&#13;<br \/>\n                    &#13;<br \/>\n&#13;<br \/>\n&#13;<br \/>\n&#13;<br \/>\n&#13;<br \/>\n&#13;<br \/>\n    <img data-recalc-dims=\"1\" decoding=\"async\" src=\"https:\/\/i0.wp.com\/ecrie.com.br\/sistema\/conteudos\/imagem\/m_137_0_1_18052026162631.png?w=696&#038;ssl=1\" alt=\"Maio Laranja: Limeira refor\u00e7a a\u00e7\u00f5es de combate \u00e0 explora\u00e7\u00e3o sexual de crian\u00e7as e adolescentes\"\/>&#13;<br \/>\n&#13;<br \/>\n&#13;<\/p>\n<p style=\"text-align: justify;\">A Prefeitura de Limeira, por meio da Secretaria de Promo\u00e7\u00e3o Social (Seprosom), refor\u00e7a durante o Maio Laranja a import\u00e2ncia do enfrentamento ao abuso e \u00e0 explora\u00e7\u00e3o sexual de crian\u00e7as e adolescentes. A campanha destaca a\u00e7\u00f5es permanentes de conscientiza\u00e7\u00e3o, preven\u00e7\u00e3o e fortalecimento da rede de prote\u00e7\u00e3o infantojuvenil, com aten\u00e7\u00e3o ao Dia Nacional de Combate ao Abuso e \u00e0 Explora\u00e7\u00e3o Sexual de Crian\u00e7as e Adolescentes, celebrado nesta segunda-feira (18).<\/p>\n<p>&#13;<\/p>\n<p style=\"text-align: justify;\">A Seprosom tem articulado pol\u00edticas p\u00fablicas para garantir que a rede de prote\u00e7\u00e3o esteja atenta e preparada para acolher as v\u00edtimas. Segundo a secret\u00e1ria da pasta, Constancia F\u00e9lix, o trabalho intersetorial \u00e9 essencial. \u201cO Maio Laranja em Limeira n\u00e3o \u00e9 apenas um s\u00edmbolo, mas um per\u00edodo de intensifica\u00e7\u00e3o de pol\u00edticas p\u00fablicas que j\u00e1 executamos durante todo o ano para tirar essas crian\u00e7as da invisibilidade\u201d, afirma.<\/p>\n<p>&#13;<\/p>\n<p style=\"text-align: justify;\"><strong>Servi\u00e7os especializados<\/strong><\/p>\n<p>&#13;<\/p>\n<p style=\"text-align: justify;\">No enfrentamento da viol\u00eancia sexual infantojuvenil, o munic\u00edpio mant\u00e9m a\u00e7\u00f5es permanentes de fortalecimento da rede de prote\u00e7\u00e3o, com capacita\u00e7\u00f5es da equipe da Escuta Especializada, orienta\u00e7\u00f5es em escolas e reuni\u00f5es do Comit\u00ea Gestor, formado por representantes da Sa\u00fade, Educa\u00e7\u00e3o, Seprosom, Conselhos Tutelares, CMDCA e Tribunal de Justi\u00e7a.<\/p>\n<p>&#13;<\/p>\n<p style=\"text-align: justify;\">Em Limeira, desde maio de 2025, passou a funcionar o servi\u00e7o de Escuta Especializada, procedimento de acolhimento previsto em lei para crian\u00e7as e adolescentes v\u00edtimas ou testemunhas de viol\u00eancia. O atendimento \u00e9 realizado de forma humanizada, com o objetivo de evitar a revitimiza\u00e7\u00e3o, e conduzido por uma dupla psicossocial composta por assistente social da Seprosom e psic\u00f3loga da Sa\u00fade.<\/p>\n<p>&#13;<\/p>\n<p style=\"text-align: justify;\">Dados da Escuta Especializada refor\u00e7am a import\u00e2ncia da campanha. Em 2025, foram registrados 408 casos encaminhados ao servi\u00e7o no munic\u00edpio. Em 2026, at\u00e9 o momento, j\u00e1 foram contabilizados 87 atendimentos. Os n\u00fameros, por\u00e9m, referem-se exclusivamente aos casos que chegaram formalmente \u00e0 Escuta Especializada e n\u00e3o correspondem \u00e0 totalidade das situa\u00e7\u00f5es de viol\u00eancia sexual contra crian\u00e7as e adolescentes ocorridas em Limeira.<\/p>\n<p>&#13;<\/p>\n<p style=\"text-align: justify;\">O levantamento global desses registros envolve diferentes portas de entrada e sistemas de notifica\u00e7\u00e3o, como Conselho Tutelar, Delegacia de Defesa da Mulher (DDM), Vigil\u00e2ncia Epidemiol\u00f3gica \u2014 por meio de notifica\u00e7\u00f5es compuls\u00f3rias, e demais \u00f3rg\u00e3os que comp\u00f5em o Sistema de Garantia de Direitos.<\/p>\n<p>&#13;<\/p>\n<p style=\"text-align: justify;\"><strong>Conscientiza\u00e7\u00e3o nas escolas<\/strong><\/p>\n<p>&#13;<\/p>\n<p style=\"text-align: justify;\">O Conselho Tutelar tamb\u00e9m desempenha papel fundamental no trabalho preventivo, levando palestras educativas diretamente \u00e0s institui\u00e7\u00f5es de ensino. A conselheira Ana Paula Massaro destaca a import\u00e2ncia de abordar o tema de forma acess\u00edvel para crian\u00e7as e adolescentes. \u201cQuando levamos a palestra para dentro da escola, estamos capacitando a crian\u00e7a a identificar sinais de perigo e a entender que ela tem voz. O Conselho Tutelar est\u00e1 de portas abertas para acolher e agir\u201d, refor\u00e7a.<\/p>\n<p>&#13;<\/p>\n<p style=\"text-align: justify;\"><strong>Como denunciar<\/strong><\/p>\n<p>&#13;<\/p>\n<p style=\"text-align: justify;\">A den\u00fancia \u00e9 a principal ferramenta para interromper o ciclo de viol\u00eancia. O cidad\u00e3o pode denunciar de forma an\u00f4nima e segura:<\/p>\n<p>&#13;<\/p>\n<p style=\"text-align: justify;\">* Disque 100: canal nacional de Direitos Humanos, gratuito e com atendimento 24 horas.<br \/>* Conselho Tutelar: atendimento presencial ou por telefone:<br \/>&#8211; CT 1 &#8211; Rua Thomaz Ceneviva, 201 &#8211; (19) 3442-8629 | (19) 3443-4426<br \/>&#8211; CT 2 &#8211; Av. Dr. Lauro Corr\u00eaa da Silva, 3800 &#8211; (19) 3404-6111<br \/>&#8211; CT 3 &#8211; Rua Piau\u00ed, 171 &#8211; (19) 3441-0394<\/p>\n<p>&#13;<\/p>\n<p style=\"text-align: justify;\"><strong>O cen\u00e1rio em n\u00fameros no Brasil<\/strong><\/p>\n<p>&#13;<\/p>\n<p style=\"text-align: justify;\">Os dados nacionais que fundamentam a urg\u00eancia da campanha s\u00e3o alarmantes:<br \/>* A cada hora, tr\u00eas crian\u00e7as s\u00e3o abusadas no Brasil.<br \/>* Cerca de 51% das v\u00edtimas t\u00eam entre 1 e 5 anos de idade.<br \/>* Estima-se que 500 mil crian\u00e7as e adolescentes sejam explorados sexualmente todos os anos, mas apenas 7,5% dos casos chegam ao conhecimento das autoridades.<\/p>\n<p>&#13;<br \/>\n&#13;<br \/>\n&#13;<br \/>\n&#13;<\/p>\n<article class=\"conteudo-relacionado no-print\">&#13;<br \/>\n        &#13;<br \/>\n&#13;<br \/>\n        &#13;<br \/>\n    <\/article>\n<p>&#13;<br \/>\n&#13;\n                <\/p><\/div>\n<p><br \/>\n<br \/><a href=\"https:\/\/limeira.sp.gov.br\/maio-laranja-limeira-reforca-acoes-de-combate-a-exploracao-sexual-de-criancas-e-adolescentes\" rel=\"noopener\">Informa\u00e7\u00f5es da PML <\/a><\/p>\n","protected":false},"excerpt":{"rendered":"<p>&#13; &#13; &#13; &#13; &#13; &#13; &#13; &#13; &#13; &#13; A Prefeitura de Limeira, por meio da Secretaria de Promo\u00e7\u00e3o Social (Seprosom), refor\u00e7a durante o Maio Laranja a import\u00e2ncia do enfrentamento ao abuso e \u00e0 explora\u00e7\u00e3o sexual de crian\u00e7as e adolescentes. A campanha destaca a\u00e7\u00f5es permanentes de conscientiza\u00e7\u00e3o, preven\u00e7\u00e3o e fortalecimento da rede de prote\u00e7\u00e3o [&hellip;]<\/p>\n","protected":false},"author":1,"featured_media":65956,"comment_status":"","ping_status":"open","sticky":false,"template":"","format":"standard","meta":{"_jetpack_newsletter_access":"","_jetpack_dont_email_post_to_subs":false,"_jetpack_newsletter_tier_id":0,"_jetpack_memberships_contains_paywalled_content":false,"_mbp_banners":[],"_jetpack_feature_clip_id":0,"_jetpack_memberships_contains_paid_content":false,"footnotes":"","jetpack_publicize_message":"","jetpack_publicize_feature_enabled":true,"jetpack_social_post_already_shared":true,"jetpack_social_options":{"image_generator_settings":{"template":"highway","default_image_id":0,"font":"","enabled":false},"version":2},"jetpack_post_was_ever_published":false},"categories":[16],"tags":[],"class_list":["post-65955","post","type-post","status-publish","format-standard","has-post-thumbnail","category-local"],"jetpack_publicize_connections":[],"jetpack-related-posts":[],"jetpack_shortlink":"https:\/\/wp.me\/p7Eq1F-h9N","jetpack_sharing_enabled":true,"jetpack_featured_media_url":"https:\/\/i0.wp.com\/guialimeira.com.br\/news\/wp-content\/uploads\/2026\/05\/m_137_0_1_18052026162631.png?fit=1024%2C575&ssl=1","_links":{"self":[{"href":"https:\/\/guialimeira.com.br\/news\/wp-json\/wp\/v2\/posts\/65955","targetHints":{"allow":["GET"]}}],"collection":[{"href":"https:\/\/guialimeira.com.br\/news\/wp-json\/wp\/v2\/posts"}],"about":[{"href":"https:\/\/guialimeira.com.br\/news\/wp-json\/wp\/v2\/types\/post"}],"author":[{"embeddable":true,"href":"https:\/\/guialimeira.com.br\/news\/wp-json\/wp\/v2\/users\/1"}],"replies":[{"embeddable":true,"href":"https:\/\/guialimeira.com.br\/news\/wp-json\/wp\/v2\/comments?post=65955"}],"version-history":[{"count":0,"href":"https:\/\/guialimeira.com.br\/news\/wp-json\/wp\/v2\/posts\/65955\/revisions"}],"wp:featuredmedia":[{"embeddable":true,"href":"https:\/\/guialimeira.com.br\/news\/wp-json\/wp\/v2\/media\/65956"}],"wp:attachment":[{"href":"https:\/\/guialimeira.com.br\/news\/wp-json\/wp\/v2\/media?parent=65955"}],"wp:term":[{"taxonomy":"category","embeddable":true,"href":"https:\/\/guialimeira.com.br\/news\/wp-json\/wp\/v2\/categories?post=65955"},{"taxonomy":"post_tag","embeddable":true,"href":"https:\/\/guialimeira.com.br\/news\/wp-json\/wp\/v2\/tags?post=65955"}],"curies":[{"name":"wp","href":"https:\/\/api.w.org\/{rel}","templated":true}]}}