{"id":6595,"date":"2024-05-27T19:08:53","date_gmt":"2024-05-27T22:08:53","guid":{"rendered":"https:\/\/guialimeira.com.br\/2024\/05\/27\/agro-sp-solidario-arrecada-200-mil-litros-de-agua-e-700-toneladas-de-mantimentos-a-rs\/"},"modified":"2024-05-27T19:08:53","modified_gmt":"2024-05-27T22:08:53","slug":"agro-sp-solidario-arrecada-200-mil-litros-de-agua-e-700-toneladas-de-mantimentos-a-rs","status":"publish","type":"post","link":"https:\/\/guialimeira.com.br\/news\/agro-sp-solidario-arrecada-200-mil-litros-de-agua-e-700-toneladas-de-mantimentos-a-rs\/","title":{"rendered":"Agro SP Solid\u00e1rio arrecada 200 mil litros de \u00e1gua e 700 toneladas de mantimentos a RS"},"content":{"rendered":"<p> <br \/>\n<\/p>\n<div id=\"\">&#13;<\/p>\n<figure id=\"attachment_5892090\" style=\"width: 100%;max-width: 1000px\" class=\"wp-caption alignnone\"><img data-recalc-dims=\"1\" decoding=\"async\" loading=\"lazy\" class=\"wp-image-5892090 size-full\" src=\"https:\/\/i0.wp.com\/www.saopaulo.sp.gov.br\/wp-content\/uploads\/2024\/05\/Campanha-emergencial-RS-3.jpg?resize=696%2C321&#038;ssl=1\" alt=\"\" width=\"696\" height=\"321\" srcset=\"https:\/\/www.saopaulo.sp.gov.br\/wp-content\/uploads\/2024\/05\/Campanha-emergencial-RS-3.jpg 1000w, https:\/\/www.saopaulo.sp.gov.br\/wp-content\/uploads\/2024\/05\/Campanha-emergencial-RS-3-300x138.jpg 300w, https:\/\/www.saopaulo.sp.gov.br\/wp-content\/uploads\/2024\/05\/Campanha-emergencial-RS-3-768x354.jpg 768w, https:\/\/www.saopaulo.sp.gov.br\/wp-content\/uploads\/2024\/05\/Campanha-emergencial-RS-3-210x98.jpg 210w\" sizes=\"auto, (max-width: 1000px) 100vw, 1000px\"\/><figcaption class=\"wp-caption-text\">Campanha emergencial de apoio ao Rio Grande do Sul<\/figcaption><\/figure>\n<p>A Secretaria de Agricultura e Abastecimento de S\u00e3o Paulo, atrav\u00e9s de suas coordenadorias, institutos de pesquisa com apoio de entidades do setor, est\u00e1 mobilizando o agro paulista para oferecer suporte \u00e0s comunidades rurais e urbanas do Rio Grande do Sul, afetadas pelos fortes temporais que causaram inunda\u00e7\u00f5es em praticamente todo o estado.<\/p>\n<p>Num levantamento pr\u00e9vio, a fase emerg\u00eancia da campanha da SAA j\u00e1 arrecadou 200 mil litros de \u00e1gua, 700 toneladas de mantimentos (alimentos, rem\u00e9dios e utens\u00edlios) principalmente atrav\u00e9s da a\u00e7\u00e3o dos presidentes das C\u00e2maras Setoriais e Tem\u00e1ticas da Agricultura. \u201cS\u00e3o muitas a\u00e7\u00f5es paralelas e as doa\u00e7\u00f5es n\u00e3o param de chegar. Com apoio log\u00edstico, \u00e1gua e mantimentos chegaram rapidamente ao Sul, mas ainda temos muito material a enviar, como 10 canoas que foram enviados pela C\u00e2mara Setorial do Amendoim, regi\u00e3o de Tup\u00e3 e ser\u00e3o levados de avi\u00e3o a partir da base a\u00e9rea na capital paulista\u201d, afirma Jos\u00e9 Carlos Faria Jr, coordenador das C\u00e2maras Setoriais e Tem\u00e1ticas da SAA.<\/p>\n<p>Entre as toneladas de mantimentos arrecadados atrav\u00e9s das unidades regionais da Cati, enviados com apoio do Fundo Social de Solidariedade do Estado de S\u00e3o Paulo, est\u00e3o <a href=\"https:\/\/www.saopaulo.sp.gov.br\/spnoticias\/ultimas-noticias\/ajuda-humanitaria-paulista-ao-rio-grande-do-sul-foca-em-itens-de-primeira-necessidade\/\" rel=\"noopener\">produtos de limpeza, higiene, alimentos<\/a> e roupas. Essa rede de solidariedade contou com a parceria de entidades p\u00fablicas, privadas e organiza\u00e7\u00f5es da sociedade civil, visando garantir uma resposta eficaz e coordenada \u00e0s necessidades emergenciais das comunidades afetadas.<\/p>\n<p>Agora, na segunda fase, a campanha tem como foco o apoio t\u00e9cnico \u00e0 Secretaria da Agricultura, Pecu\u00e1ria, Produ\u00e7\u00e3o Sustent\u00e1vel e Irriga\u00e7\u00e3o (Seapi\/RS), Emater\/RS, aos produtores rurais e \u00e0s entidades do agro ga\u00facho. \u201cAgora \u00e9 hora de colaborar com a recomposi\u00e7\u00e3o das \u00e1reas de produ\u00e7\u00e3o agr\u00edcola do estado. Vamos trabalhar para que os campos ga\u00fachos voltem a produzir com qualidade e efici\u00eancia\u201d, ressalta Guilherme Piai, secret\u00e1rio de Agricultura e Abastecimento de S\u00e3o Paulo.<\/p>\n<p>A pr\u00f3xima fase do Agro SP Solid\u00e1rio prev\u00ea a disponibiliza\u00e7\u00e3o de t\u00e9cnicos das Coordenadorias de Defesa Agropecu\u00e1ria (CDA), Assist\u00eancia T\u00e9cnica Integral (CATI) e Institutos de Pesquisa (APTA), al\u00e9m de profissionais de T.I.. Cerca de 100 profissionais divididos em equipes seguir\u00e3o para o Rio Grande do Sul para auxiliar nas diversas atividades nas \u00e1reas rurais atingidas, apoiando e avaliando os impactos da emerg\u00eancia clim\u00e1tica. \u201cOs munic\u00edpios est\u00e3o sem estrutura para atender aos produtores rurais. Todo o setor foi afetado. Desde os t\u00e9cnicos, que perderam suas casas, at\u00e9 as casas de agricultura que est\u00e3o debaixo d\u2019\u00e1gua\u201d, relata Ricardo Domingues, Coordenador da CATI.<\/p>\n<figure id=\"attachment_5892094\" style=\"width: 100%;max-width: 1024px\" class=\"wp-caption alignnone\"><img data-recalc-dims=\"1\" decoding=\"async\" loading=\"lazy\" class=\"wp-image-5892094 size-large\" src=\"https:\/\/i0.wp.com\/www.saopaulo.sp.gov.br\/wp-content\/uploads\/2024\/05\/Campanha-emergencial-RS-4-1024x472.jpeg?resize=696%2C321&#038;ssl=1\" alt=\"\" width=\"696\" height=\"321\" srcset=\"https:\/\/www.saopaulo.sp.gov.br\/wp-content\/uploads\/2024\/05\/Campanha-emergencial-RS-4-1024x472.jpeg 1024w, https:\/\/www.saopaulo.sp.gov.br\/wp-content\/uploads\/2024\/05\/Campanha-emergencial-RS-4-300x138.jpeg 300w, https:\/\/www.saopaulo.sp.gov.br\/wp-content\/uploads\/2024\/05\/Campanha-emergencial-RS-4-768x354.jpeg 768w, https:\/\/www.saopaulo.sp.gov.br\/wp-content\/uploads\/2024\/05\/Campanha-emergencial-RS-4-1536x708.jpeg 1536w, https:\/\/www.saopaulo.sp.gov.br\/wp-content\/uploads\/2024\/05\/Campanha-emergencial-RS-4-210x98.jpeg 210w, https:\/\/www.saopaulo.sp.gov.br\/wp-content\/uploads\/2024\/05\/Campanha-emergencial-RS-4.jpeg 1600w\" sizes=\"auto, (max-width: 1024px) 100vw, 1024px\"\/><figcaption class=\"wp-caption-text\">Estoque do Fundo Social<\/figcaption><\/figure>\n<p>No pr\u00f3ximo dia 1\u00ba de junho partem de S\u00e3o Paulo tr\u00eas equipes \u2013 formadas por m\u00e9dicos veterin\u00e1rios da Defesa Agropecu\u00e1ria da SAA, com carros e equipamentos \u2013 para a regi\u00e3o de Lajeado. Eles v\u00e3o levar vacinas contra brucelose e tuberculose, fornecidas pelo Instituto Biol\u00f3gico. \u201cEssas equipes ficar\u00e3o sete dias no Sul e na semana seguinte parte a equipe de extens\u00e3o rural com t\u00e9cnicos da CATI\u201d, revela Luiz Henrique Barrochelo, coordenador da Defesa Agropecu\u00e1ria da SAA.<\/p>\n<p>Nesta segunda fase de ajuda, a SAA tamb\u00e9m inclui suporte tecnol\u00f3gico, pois servi\u00e7os de Assist\u00eancia T\u00e9cnica e Extens\u00e3o Rural, da Emater\/RS, est\u00e3o sem acesso aos sistemas digitais at\u00e9 para emitir uma simples Guia de Tr\u00e2nsito Animal (GTA).<\/p>\n<p>Tamb\u00e9m faz parte da a\u00e7\u00e3o a promo\u00e7\u00e3o de leil\u00f5es organizados por parceiros da secretaria. A renda ser\u00e1 revertida para a Seapi\/RS e Emater\/RS, com o objetivo de reconstruir as infraestruturas locais. Al\u00e9m disso, est\u00e3o previstas doa\u00e7\u00f5es de equipamentos e aquisi\u00e7\u00e3o de itens para a retomada da extens\u00e3o rural no estado ga\u00facho. E com apoio do setor privado, ser\u00e3o enviadas ra\u00e7\u00f5es, sementes, medicamentos e defensivos, de acordo com a necessidade dos produtores, ap\u00f3s o levantamento dos t\u00e9cnicos.<\/p>\n<p>A iniciativa da Secretaria de Agricultura e Abastecimento do Estado de SP, em conjunto com o setor produtivo, tem como objetivo promover o bem-estar e a seguran\u00e7a alimentar das popula\u00e7\u00f5es afetadas pela calamidade no Rio Grande do Sul em apoio aos esfor\u00e7os do Governo de SP, por meio do Fundo Social de S\u00e3o Paulo. \u201cRecompor um setor inteiro leva tempo, dinheiro e requer conhecimento t\u00e9cnico. O solo foi contaminado pela lama e os animais perdidos com a invas\u00e3o das \u00e1guas durante os temporais. Nossos t\u00e9cnicos n\u00e3o medir\u00e3o esfor\u00e7os para ajudar na reconstru\u00e7\u00e3o do agro ga\u00facho\u201d, afirma Piai.<\/p>\n<p>Siga o canal \u201cGoverno de S\u00e3o Paulo\u201d no WhatsApp:<br \/><a href=\"https:\/\/bit.ly\/govspnozap\" target=\"_blank\" rel=\"noopener noreferrer\">https:\/\/bit.ly\/govspnozap<\/a><\/p>\n<\/p><\/div>\n<p><br \/>\n<br \/><a href=\"https:\/\/www.saopaulo.sp.gov.br\/spnoticias\/ultimas-noticias\/primeira-fase-da-campanha-agro-sp-solidario-arrecada-e-700-toneladas-de-mantimentos\/\" rel=\"noopener\">Informa\u00e7\u00f5es GOV.SP<\/a><\/p>\n","protected":false},"excerpt":{"rendered":"<p>&#13; Campanha emergencial de apoio ao Rio Grande do Sul A Secretaria de Agricultura e Abastecimento de S\u00e3o Paulo, atrav\u00e9s de suas coordenadorias, institutos de pesquisa com apoio de entidades do setor, est\u00e1 mobilizando o agro paulista para oferecer suporte \u00e0s comunidades rurais e urbanas do Rio Grande do Sul, afetadas pelos fortes temporais que [&hellip;]<\/p>\n","protected":false},"author":1,"featured_media":6596,"comment_status":"open","ping_status":"open","sticky":false,"template":"","format":"standard","meta":{"_jetpack_newsletter_access":"","_jetpack_dont_email_post_to_subs":false,"_jetpack_newsletter_tier_id":0,"_jetpack_memberships_contains_paywalled_content":false,"_mbp_banners":[],"_jetpack_feature_clip_id":0,"_jetpack_memberships_contains_paid_content":false,"footnotes":"","jetpack_publicize_message":"","jetpack_publicize_feature_enabled":true,"jetpack_social_post_already_shared":true,"jetpack_social_options":{"image_generator_settings":{"template":"highway","default_image_id":0,"font":"","enabled":false},"version":2},"jetpack_post_was_ever_published":false},"categories":[21],"tags":[],"class_list":["post-6595","post","type-post","status-publish","format-standard","has-post-thumbnail","category-sp-news"],"jetpack_publicize_connections":[],"jetpack-related-posts":[],"jetpack_shortlink":"https:\/\/wp.me\/p7Eq1F-1In","jetpack_sharing_enabled":true,"jetpack_featured_media_url":"https:\/\/i0.wp.com\/guialimeira.com.br\/news\/wp-content\/uploads\/2024\/05\/Agro-SP-Solidario-arrecada-200-mil-litros-de-agua-e.jpg?fit=1000%2C461&ssl=1","_links":{"self":[{"href":"https:\/\/guialimeira.com.br\/news\/wp-json\/wp\/v2\/posts\/6595","targetHints":{"allow":["GET"]}}],"collection":[{"href":"https:\/\/guialimeira.com.br\/news\/wp-json\/wp\/v2\/posts"}],"about":[{"href":"https:\/\/guialimeira.com.br\/news\/wp-json\/wp\/v2\/types\/post"}],"author":[{"embeddable":true,"href":"https:\/\/guialimeira.com.br\/news\/wp-json\/wp\/v2\/users\/1"}],"replies":[{"embeddable":true,"href":"https:\/\/guialimeira.com.br\/news\/wp-json\/wp\/v2\/comments?post=6595"}],"version-history":[{"count":0,"href":"https:\/\/guialimeira.com.br\/news\/wp-json\/wp\/v2\/posts\/6595\/revisions"}],"wp:featuredmedia":[{"embeddable":true,"href":"https:\/\/guialimeira.com.br\/news\/wp-json\/wp\/v2\/media\/6596"}],"wp:attachment":[{"href":"https:\/\/guialimeira.com.br\/news\/wp-json\/wp\/v2\/media?parent=6595"}],"wp:term":[{"taxonomy":"category","embeddable":true,"href":"https:\/\/guialimeira.com.br\/news\/wp-json\/wp\/v2\/categories?post=6595"},{"taxonomy":"post_tag","embeddable":true,"href":"https:\/\/guialimeira.com.br\/news\/wp-json\/wp\/v2\/tags?post=6595"}],"curies":[{"name":"wp","href":"https:\/\/api.w.org\/{rel}","templated":true}]}}