{"id":65936,"date":"2026-05-18T13:35:53","date_gmt":"2026-05-18T16:35:53","guid":{"rendered":"https:\/\/guialimeira.com.br\/bruna-magalhaes-protocola-projeto-para-fortalecer-tratamento-e-internacao-de-dependentes-quimicos-em-limeira\/"},"modified":"2026-05-18T13:35:53","modified_gmt":"2026-05-18T16:35:53","slug":"bruna-magalhaes-protocola-projeto-para-fortalecer-tratamento-e-internacao-de-dependentes-quimicos-em-limeira","status":"publish","type":"post","link":"https:\/\/guialimeira.com.br\/news\/bruna-magalhaes-protocola-projeto-para-fortalecer-tratamento-e-internacao-de-dependentes-quimicos-em-limeira\/","title":{"rendered":"Bruna Magalh\u00e3es protocola projeto para fortalecer tratamento e interna\u00e7\u00e3o de dependentes qu\u00edmicos em Limeira"},"content":{"rendered":"<p>Bruna Magalh\u00e3es protocola projeto para fortalecer tratamento e interna\u00e7\u00e3o de dependentes qu\u00edmicos em Limeira<\/p>\n<p>Com o objetivo de garantir mais transpar\u00eancia, agilidade, seguran\u00e7a jur\u00eddica e dignidade no acesso ao tratamento de pessoas em situa\u00e7\u00e3o de depend\u00eancia qu\u00edmica, a vereadora Bruna Magalh\u00e3es (PRTB) protocolou, no dia 11 de maio, o Projeto de Lei N\u00ba 64\/2026, que altera dispositivos da legisla\u00e7\u00e3o municipal para aprimorar crit\u00e9rios relacionados ao tratamento e \u00e0 interna\u00e7\u00e3o desses pacientes em Limeira.<\/p>\n<p>Segundo a parlamentar, a proposta surge diante das dificuldades enfrentadas por fam\u00edlias e pacientes durante o encaminhamento para tratamento e interna\u00e7\u00e3o. \u201cEm muitos casos, mesmo quando existe a vontade do paciente em buscar ajuda e a indica\u00e7\u00e3o cl\u00ednica para tratamento especializado, obst\u00e1culos burocr\u00e1ticos, aus\u00eancia de crit\u00e9rios objetivos e demora nos encaminhamentos acabam dificultando o acesso ao atendimento adequado\u201d, explicou Bruna Magalh\u00e3es.<\/p>\n<p>A vereadora disse que o projeto busca aperfei\u00e7oar esses procedimentos, estabelecendo regras mais claras para a Prefeitura, tornando os fluxos mais eficientes e garantindo maior transpar\u00eancia durante todo o processo. \u201cEntre os avan\u00e7os previstos pela proposta est\u00e3o a obrigatoriedade da elabora\u00e7\u00e3o de relat\u00f3rio t\u00e9cnico formal pelas equipes respons\u00e1veis, a comunica\u00e7\u00e3o adequada aos familiares e a ado\u00e7\u00e3o de medidas emergenciais quando n\u00e3o houver vagas dispon\u00edveis\u201d, relatou.<\/p>\n<p>A proposta tamb\u00e9m prev\u00ea prazo preferencial de at\u00e9 72 horas para efetiva\u00e7\u00e3o da interna\u00e7\u00e3o quando houver indica\u00e7\u00e3o t\u00e9cnica favor\u00e1vel, observados os crit\u00e9rios cl\u00ednicos e administrativos previstos em lei.<\/p>\n<p>Outro ponto da iniciativa \u00e9 a garantia de acolhimento e tratamento para dependentes qu\u00edmicos em situa\u00e7\u00e3o de rua ou que n\u00e3o possuam familiares ou respons\u00e1veis legais no Munic\u00edpio, desde que haja manifesta\u00e7\u00e3o volunt\u00e1ria do paciente e avalia\u00e7\u00e3o t\u00e9cnica favor\u00e1vel.<\/p>\n<p>Para Bruna Magalh\u00e3es, a proposta nasce da necessidade de transformar o acolhimento em algo mais humano, acess\u00edvel e eficiente. \u201cRecebemos relatos frequentes de fam\u00edlias que vivem um verdadeiro sofrimento tentando buscar ajuda para algu\u00e9m que amam. Muitas vezes existe a vontade do paciente em iniciar o tratamento, existe a necessidade cl\u00ednica, mas o caminho acaba sendo marcado por burocracias e dificuldades que atrasam um processo que precisa ser r\u00e1pido e efetivo. Depend\u00eancia qu\u00edmica n\u00e3o pode ser tratada apenas como uma quest\u00e3o administrativa, estamos falando de vidas\u201d, destacou.<\/p>\n<p>A parlamentar ressaltou que a proposta n\u00e3o cria apenas mecanismos de controle e transpar\u00eancia, mas tamb\u00e9m fortalece a prote\u00e7\u00e3o das pessoas em situa\u00e7\u00e3o de vulnerabilidade. \u201cQuando algu\u00e9m decide buscar ajuda, esse pode ser o momento mais importante para mudar uma vida. O Poder P\u00fablico precisa estar preparado para acolher, agir com rapidez e oferecer suporte adequado. Estamos falando de sa\u00fade p\u00fablica, dignidade humana e prote\u00e7\u00e3o \u00e0s fam\u00edlias\u201d, afirmou a vereadora.<\/p>\n<p>Bruna Magalh\u00e3es finalizou afirmando que a proposta segue os par\u00e2metros estabelecidos pela legisla\u00e7\u00e3o federal, fortalecendo as pol\u00edticas p\u00fablicas de sa\u00fade mental e promovendo maior efici\u00eancia nos servi\u00e7os prestados \u00e0 popula\u00e7\u00e3o.<\/p>\n<p>Do Gabinete Parlamentar \u2013 Vereadora Bruna Magalh\u00e3es (PRTB)<\/p>\n<p>As mat\u00e9rias de origem dos Gabinetes Parlamentares s\u00e3o de inteira\u00a0 responsabilidade dos parlamentares e de suas assessorias. S\u00e3o devidamente assinadas e n\u00e3o refletem, necessariamente, a opini\u00e3o institucional da C\u00e2mara Municipal de Limeira.<\/p>\n<hr>\n<p><em>Fonte: <a href=\"https:\/\/www.limeira.sp.leg.br\/noticias\/view\/2026-05-18_bruna-magalhaes-protocola-projeto-para-fortalecer-tratamento-e-internacao-de-dependentes-quimicos-em-limeira\" target=\"_blank\" rel=\"noopener\">C\u00e2mara Municipal de Limeira<\/a><\/em><\/p>\n","protected":false},"excerpt":{"rendered":"<p>Bruna Magalh\u00e3es protocola projeto para fortalecer tratamento e interna\u00e7\u00e3o de dependentes qu\u00edmicos em Limeira<\/p>\n<p>Com o objetivo de garantir mais transpar\u00eancia, agilidade, seguran\u00e7a jur\u00eddica e dignidade no acesso ao tratamento de pessoas em situa\u00e7\u00e3o de depend\u00eancia qu\u00edmica, a vereadora Bruna Magalh\u00e3es (P<\/p>\n","protected":false},"author":4,"featured_media":65935,"comment_status":"","ping_status":"open","sticky":false,"template":"","format":"standard","meta":{"_jetpack_newsletter_access":"","_jetpack_dont_email_post_to_subs":false,"_jetpack_newsletter_tier_id":0,"_jetpack_memberships_contains_paywalled_content":false,"_mbp_banners":[],"_jetpack_feature_clip_id":0,"_jetpack_memberships_contains_paid_content":false,"footnotes":"","jetpack_publicize_message":"","jetpack_publicize_feature_enabled":true,"jetpack_social_post_already_shared":true,"jetpack_social_options":{"image_generator_settings":{"template":"highway","default_image_id":0,"font":"","enabled":false},"version":2},"jetpack_post_was_ever_published":false},"categories":[19],"tags":[],"class_list":["post-65936","post","type-post","status-publish","format-standard","has-post-thumbnail","category-politica"],"jetpack_publicize_connections":[],"jetpack-related-posts":[],"jetpack_shortlink":"https:\/\/wp.me\/p7Eq1F-h9u","jetpack_sharing_enabled":true,"jetpack_featured_media_url":"https:\/\/i0.wp.com\/guialimeira.com.br\/news\/wp-content\/uploads\/2026\/05\/noticia-camara-66.jpg?fit=1280%2C640&ssl=1","_links":{"self":[{"href":"https:\/\/guialimeira.com.br\/news\/wp-json\/wp\/v2\/posts\/65936","targetHints":{"allow":["GET"]}}],"collection":[{"href":"https:\/\/guialimeira.com.br\/news\/wp-json\/wp\/v2\/posts"}],"about":[{"href":"https:\/\/guialimeira.com.br\/news\/wp-json\/wp\/v2\/types\/post"}],"author":[{"embeddable":true,"href":"https:\/\/guialimeira.com.br\/news\/wp-json\/wp\/v2\/users\/4"}],"replies":[{"embeddable":true,"href":"https:\/\/guialimeira.com.br\/news\/wp-json\/wp\/v2\/comments?post=65936"}],"version-history":[{"count":0,"href":"https:\/\/guialimeira.com.br\/news\/wp-json\/wp\/v2\/posts\/65936\/revisions"}],"wp:featuredmedia":[{"embeddable":true,"href":"https:\/\/guialimeira.com.br\/news\/wp-json\/wp\/v2\/media\/65935"}],"wp:attachment":[{"href":"https:\/\/guialimeira.com.br\/news\/wp-json\/wp\/v2\/media?parent=65936"}],"wp:term":[{"taxonomy":"category","embeddable":true,"href":"https:\/\/guialimeira.com.br\/news\/wp-json\/wp\/v2\/categories?post=65936"},{"taxonomy":"post_tag","embeddable":true,"href":"https:\/\/guialimeira.com.br\/news\/wp-json\/wp\/v2\/tags?post=65936"}],"curies":[{"name":"wp","href":"https:\/\/api.w.org\/{rel}","templated":true}]}}