{"id":6589,"date":"2024-05-27T19:05:44","date_gmt":"2024-05-27T22:05:44","guid":{"rendered":"https:\/\/guialimeira.com.br\/2024\/05\/27\/chuvas-mp-do-auxilio-a-empresas-do-rs-deve-sair-na-terca-diz-alckmin\/"},"modified":"2024-05-27T19:05:44","modified_gmt":"2024-05-27T22:05:44","slug":"chuvas-mp-do-auxilio-a-empresas-do-rs-deve-sair-na-terca-diz-alckmin","status":"publish","type":"post","link":"https:\/\/guialimeira.com.br\/news\/chuvas-mp-do-auxilio-a-empresas-do-rs-deve-sair-na-terca-diz-alckmin\/","title":{"rendered":"Chuvas: MP do aux\u00edlio a empresas do RS deve sair na ter\u00e7a, diz Alckmin"},"content":{"rendered":"<p> <br \/>\n<\/p>\n<div>\n<p>O vice-presidente e ministro do Desenvolvimento, Ind\u00fastria, Com\u00e9rcio e Servi\u00e7os, Geraldo Alckmin (PSB), disse nesta segunda-feira (27) que o governo anunciar\u00e1, at\u00e9 amanh\u00e3 (28), o aux\u00edlio para as empresas afetadas pelas enchentes no Rio Grande do Sul. A estimativa \u00e9 de que sejam destinados R$ 15 bilh\u00f5es em cr\u00e9ditos oferecidos por meio do Banco Nacional de Desenvolvimento Econ\u00f4mico e Social (BNDES).<img data-recalc-dims=\"1\" decoding=\"async\" src=\"https:\/\/i0.wp.com\/agenciabrasil.ebc.com.br\/ebc.png?w=696&#038;ssl=1\" style=\"width:1px; height:1px; display:inline;\"\/><img data-recalc-dims=\"1\" decoding=\"async\" src=\"https:\/\/i0.wp.com\/agenciabrasil.ebc.com.br\/ebc.gif?w=696&#038;ssl=1\" style=\"width:1px; height:1px; display:inline;\"\/><\/p>\n<p>De acordo com o vice-presidente, a medida provis\u00f3ria com o pacote de ajuda \u201cest\u00e1 praticamente elaborada\u201d. Uma reuni\u00e3o entre o presidente Luiz In\u00e1cio Lula da Silva e o ministro da Fazenda, Fernando Haddad, ainda hoje, vai definir os \u00faltimos detalhes.\u00a0<\/p>\n<p>\u201cEst\u00e1 praticamente elaborada a medida provis\u00f3ria que deve definir a quest\u00e3o desse cr\u00e9dito para as grandes empresas. Mas tenho certeza que vai nos surpreender positivamente a todos\u201d, disse Alckmin durante entrevista coletiva na C\u00e2mara de Ind\u00fastria, Com\u00e9rcio e Servi\u00e7os de Caxias do Sul (RS).<\/p>\n<p>Ainda de acordo com o vice-presidente, uma segunda MP, voltada para as cooperativas de cr\u00e9dito, est\u00e1 sendo elaborada.<\/p>\n<p>\u201cFoi liberado o recurso do Pronaf [Programa Nacional de Fortalecimento da Agricultura Familiar], a juros zero, \u00e0 rede de bancos p\u00fablicos e tamb\u00e9m \u00e0s cooperativas. O Rio Grande do Sul tem um sistema de cooperativas de cr\u00e9dito muito forte, com grande capilaridade e nasceram aqui as cooperativas de cr\u00e9dito\u201d, disse.<\/p>\n<p>\u201cAl\u00e9m do Pronaf, o Pronamp [Programa Nacional de Apoio ao M\u00e9dio Produtor Rural] com \u2018p\u2019 mudo atender\u00e1 \u00e0s m\u00e9dias empresas agr\u00edcolas, com juros real zero, e todos os recursos com Fundo de Garantia de Opera\u00e7\u00f5es (FGO). O governo garante atrav\u00e9s do FGO e tamb\u00e9m incluindo, al\u00e9m dos bancos p\u00fablicos, o sistema cooperativista, as cooperativas de cr\u00e9dito\u201d, acrescentou.<\/p>\n<p>J\u00e1 as m\u00e9dias empresas ser\u00e3o atendidas pelo Programa Nacional de Apoio \u00e0s Microempresas e Empresas de Pequeno Porte (Pronampe).<\/p>\n<h2>Visita<\/h2>\n<p>Pela manh\u00e3, Alckmin visitou o parque fabril da Marcopolo, em Caxias, e conheceu projetos de descarboniza\u00e7\u00e3o. Outra iniciativa anunciada pelo vice-presidente \u00e9 a de uma unidade avan\u00e7ada do BNDES em Porto Alegre.<\/p>\n<p>Alckmin disse ainda que amanh\u00e3 ser\u00e1 sancionado o projeto de lei que autoriza a concess\u00e3o de quotas diferenciadas de deprecia\u00e7\u00e3o acelerada para m\u00e1quinas, equipamentos, aparelhos e instrumentos novos.<\/p>\n<p>\u201cUma deprecia\u00e7\u00e3o de uma m\u00e1quina geralmente ocorre em 15 anos e vai ser feita em dois anos. S\u00e3o R$ 3,4 bilh\u00f5es\u201d, anunciou Alckmin, que esteve acompanhado dos ministros extraordin\u00e1rio de Apoio \u00e0 Reconstru\u00e7\u00e3o, Paulo Pimenta, do Desenvolvimento Regional, Waldez G\u00f3es, do Empreendedorismo e Microempresa, M\u00e1rcio Fran\u00e7a, e do governador do estado, Eduardo Leite.<\/p>\n<p>\u00a0<\/p>\n<\/p><\/div>\n<p><br \/>\n<br \/><a href=\"https:\/\/agenciabrasil.ebc.com.br\/economia\/noticia\/2024-05\/chuvas-mp-do-auxilio-empresas-do-rs-deve-sair-na-terca-diz-alckmin\" rel=\"noopener\">Ag\u00eancia Brasil<\/a><\/p>\n","protected":false},"excerpt":{"rendered":"<p>O vice-presidente e ministro do Desenvolvimento, Ind\u00fastria, Com\u00e9rcio e Servi\u00e7os, Geraldo Alckmin (PSB), disse nesta segunda-feira (27) que o governo anunciar\u00e1, at\u00e9 amanh\u00e3 (28), o aux\u00edlio para as empresas afetadas pelas enchentes no Rio Grande do Sul. A estimativa \u00e9 de que sejam destinados R$ 15 bilh\u00f5es em cr\u00e9ditos oferecidos por meio do Banco Nacional [&hellip;]<\/p>\n","protected":false},"author":1,"featured_media":6590,"comment_status":"open","ping_status":"open","sticky":false,"template":"","format":"standard","meta":{"_jetpack_newsletter_access":"","_jetpack_dont_email_post_to_subs":false,"_jetpack_newsletter_tier_id":0,"_jetpack_memberships_contains_paywalled_content":false,"_mbp_banners":[],"_jetpack_feature_clip_id":0,"_jetpack_memberships_contains_paid_content":false,"footnotes":"","jetpack_publicize_message":"","jetpack_publicize_feature_enabled":true,"jetpack_social_post_already_shared":true,"jetpack_social_options":{"image_generator_settings":{"template":"highway","default_image_id":0,"font":"","enabled":false},"version":2},"jetpack_post_was_ever_published":false},"categories":[24],"tags":[],"class_list":["post-6589","post","type-post","status-publish","format-standard","has-post-thumbnail","category-economia"],"jetpack_publicize_connections":[],"jetpack-related-posts":[],"jetpack_shortlink":"https:\/\/wp.me\/p7Eq1F-1Ih","jetpack_sharing_enabled":true,"jetpack_featured_media_url":"https:\/\/i0.wp.com\/guialimeira.com.br\/news\/wp-content\/uploads\/2024\/05\/53751001980_9e5737c623_o_0.jpg?fit=1600%2C800&ssl=1","_links":{"self":[{"href":"https:\/\/guialimeira.com.br\/news\/wp-json\/wp\/v2\/posts\/6589","targetHints":{"allow":["GET"]}}],"collection":[{"href":"https:\/\/guialimeira.com.br\/news\/wp-json\/wp\/v2\/posts"}],"about":[{"href":"https:\/\/guialimeira.com.br\/news\/wp-json\/wp\/v2\/types\/post"}],"author":[{"embeddable":true,"href":"https:\/\/guialimeira.com.br\/news\/wp-json\/wp\/v2\/users\/1"}],"replies":[{"embeddable":true,"href":"https:\/\/guialimeira.com.br\/news\/wp-json\/wp\/v2\/comments?post=6589"}],"version-history":[{"count":0,"href":"https:\/\/guialimeira.com.br\/news\/wp-json\/wp\/v2\/posts\/6589\/revisions"}],"wp:featuredmedia":[{"embeddable":true,"href":"https:\/\/guialimeira.com.br\/news\/wp-json\/wp\/v2\/media\/6590"}],"wp:attachment":[{"href":"https:\/\/guialimeira.com.br\/news\/wp-json\/wp\/v2\/media?parent=6589"}],"wp:term":[{"taxonomy":"category","embeddable":true,"href":"https:\/\/guialimeira.com.br\/news\/wp-json\/wp\/v2\/categories?post=6589"},{"taxonomy":"post_tag","embeddable":true,"href":"https:\/\/guialimeira.com.br\/news\/wp-json\/wp\/v2\/tags?post=6589"}],"curies":[{"name":"wp","href":"https:\/\/api.w.org\/{rel}","templated":true}]}}