{"id":6587,"date":"2024-05-27T18:56:45","date_gmt":"2024-05-27T21:56:45","guid":{"rendered":"https:\/\/guialimeira.com.br\/2024\/05\/27\/rio-inicia-nova-etapa-de-vacinacao-contra-a-covid-nesta-terca-feira\/"},"modified":"2024-05-27T18:56:45","modified_gmt":"2024-05-27T21:56:45","slug":"rio-inicia-nova-etapa-de-vacinacao-contra-a-covid-nesta-terca-feira","status":"publish","type":"post","link":"https:\/\/guialimeira.com.br\/news\/rio-inicia-nova-etapa-de-vacinacao-contra-a-covid-nesta-terca-feira\/","title":{"rendered":"Rio inicia nova etapa de vacina\u00e7\u00e3o contra a covid nesta ter\u00e7a-feira"},"content":{"rendered":"<p> <br \/>\n<\/p>\n<div>\n<p>A cidade do Rio de Janeiro inicia nesta ter\u00e7a-feira (28) a vacina\u00e7\u00e3o contra a covid-19 para a cepa XBB, subtipo da variante \u00d4micron que atualmente predomina nas an\u00e1lises de sequenciamento gen\u00f4mico. Nesta primeira etapa, a campanha \u00e9 voltada para idosos com 85 anos ou mais. Outras idades ser\u00e3o contempladas nas pr\u00f3ximas semanas, de maneira escalonada, conforme o cronograma de envio de doses pelo Minist\u00e9rio da Sa\u00fade.<img data-recalc-dims=\"1\" decoding=\"async\" src=\"https:\/\/i0.wp.com\/agenciabrasil.ebc.com.br\/ebc.png?w=696&#038;ssl=1\" style=\"width:1px; height:1px; display:inline;\"\/><img data-recalc-dims=\"1\" decoding=\"async\" src=\"https:\/\/i0.wp.com\/agenciabrasil.ebc.com.br\/ebc.gif?w=696&#038;ssl=1\" style=\"width:1px; height:1px; display:inline;\"\/><\/p>\n<p>Atualizar a vacina\u00e7\u00e3o da covid-19 contra a cepa predominante ser\u00e1 fundamental para o controle dos indicadores da doen\u00e7a, assim como acontece anualmente com a gripe. De acordo com o secret\u00e1rio municipal de Sa\u00fade, Daniel Soranz, \u201cas pessoas devem ficar atentas ao calend\u00e1rio para n\u00e3o perder a data da nova dose, que tende a se tornar anual. A covid-19 j\u00e1 provocou muitas mortes e foi controlada, gra\u00e7as \u00e0 ades\u00e3o da popula\u00e7\u00e3o \u00e0 vacina. N\u00e3o podemos dar chance para a doen\u00e7a\u201d.<\/p>\n<p>A Secretaria Municipal de Sa\u00fade informou que a vacina estar\u00e1 dispon\u00edvel em todas as 238 cl\u00ednicas da fam\u00edlia e centros municipais de sa\u00fade espalhados pela cidade, al\u00e9m do Super Centro Carioca de Vacina\u00e7\u00e3o, em Botafogo, que funciona todos os dias, das 8h \u00e0s 22h; e do Super Centro Carioca de Vacina\u00e7\u00e3o de Campo Grande, no ParkShoping Campo Grande, que tamb\u00e9m abre todos os dias, de acordo com o hor\u00e1rio de funcionamento do centro comercial.\u00a0<\/p>\n<p>A atual etapa da campanha tamb\u00e9m contemplar\u00e1 idosos internados em institutos de longa perman\u00eancia para idosos (ILPI), independentemente da faixa de idade.<\/p>\n<\/p><\/div>\n<p><br \/>\n<br \/><a href=\"https:\/\/agenciabrasil.ebc.com.br\/saude\/noticia\/2024-05\/rio-inicia-nova-etapa-de-vacinacao-contra-covid-nesta-terca-feira\" rel=\"noopener\">Ag\u00eancia Brasil <\/a><\/p>\n","protected":false},"excerpt":{"rendered":"<p>A cidade do Rio de Janeiro inicia nesta ter\u00e7a-feira (28) a vacina\u00e7\u00e3o contra a covid-19 para a cepa XBB, subtipo da variante \u00d4micron que atualmente predomina nas an\u00e1lises de sequenciamento gen\u00f4mico. Nesta primeira etapa, a campanha \u00e9 voltada para idosos com 85 anos ou mais. Outras idades ser\u00e3o contempladas nas pr\u00f3ximas semanas, de maneira escalonada, [&hellip;]<\/p>\n","protected":false},"author":1,"featured_media":6588,"comment_status":"open","ping_status":"open","sticky":false,"template":"","format":"standard","meta":{"_jetpack_newsletter_access":"","_jetpack_dont_email_post_to_subs":false,"_jetpack_newsletter_tier_id":0,"_jetpack_memberships_contains_paywalled_content":false,"_mbp_banners":[],"_jetpack_feature_clip_id":0,"_jetpack_memberships_contains_paid_content":false,"footnotes":"","jetpack_publicize_message":"","jetpack_publicize_feature_enabled":true,"jetpack_social_post_already_shared":true,"jetpack_social_options":{"image_generator_settings":{"template":"highway","default_image_id":0,"font":"","enabled":false},"version":2},"jetpack_post_was_ever_published":false},"categories":[15],"tags":[],"class_list":["post-6587","post","type-post","status-publish","format-standard","has-post-thumbnail","category-saude"],"jetpack_publicize_connections":[],"jetpack-related-posts":[],"jetpack_shortlink":"https:\/\/wp.me\/p7Eq1F-1If","jetpack_sharing_enabled":true,"jetpack_featured_media_url":"https:\/\/i0.wp.com\/guialimeira.com.br\/news\/wp-content\/uploads\/2024\/05\/vacinacao_contra_a_covid-19_no_parque_da_cidade19062101578.jpg?fit=1600%2C800&ssl=1","_links":{"self":[{"href":"https:\/\/guialimeira.com.br\/news\/wp-json\/wp\/v2\/posts\/6587","targetHints":{"allow":["GET"]}}],"collection":[{"href":"https:\/\/guialimeira.com.br\/news\/wp-json\/wp\/v2\/posts"}],"about":[{"href":"https:\/\/guialimeira.com.br\/news\/wp-json\/wp\/v2\/types\/post"}],"author":[{"embeddable":true,"href":"https:\/\/guialimeira.com.br\/news\/wp-json\/wp\/v2\/users\/1"}],"replies":[{"embeddable":true,"href":"https:\/\/guialimeira.com.br\/news\/wp-json\/wp\/v2\/comments?post=6587"}],"version-history":[{"count":0,"href":"https:\/\/guialimeira.com.br\/news\/wp-json\/wp\/v2\/posts\/6587\/revisions"}],"wp:featuredmedia":[{"embeddable":true,"href":"https:\/\/guialimeira.com.br\/news\/wp-json\/wp\/v2\/media\/6588"}],"wp:attachment":[{"href":"https:\/\/guialimeira.com.br\/news\/wp-json\/wp\/v2\/media?parent=6587"}],"wp:term":[{"taxonomy":"category","embeddable":true,"href":"https:\/\/guialimeira.com.br\/news\/wp-json\/wp\/v2\/categories?post=6587"},{"taxonomy":"post_tag","embeddable":true,"href":"https:\/\/guialimeira.com.br\/news\/wp-json\/wp\/v2\/tags?post=6587"}],"curies":[{"name":"wp","href":"https:\/\/api.w.org\/{rel}","templated":true}]}}