{"id":6584,"date":"2024-05-27T18:16:45","date_gmt":"2024-05-27T21:16:45","guid":{"rendered":"https:\/\/guialimeira.com.br\/2024\/05\/27\/vacinacao-com-monovalente-comeca-nesta-terca-feira-28-em-limeira\/"},"modified":"2024-05-27T18:16:45","modified_gmt":"2024-05-27T21:16:45","slug":"vacinacao-com-monovalente-comeca-nesta-terca-feira-28-em-limeira","status":"publish","type":"post","link":"https:\/\/guialimeira.com.br\/news\/vacinacao-com-monovalente-comeca-nesta-terca-feira-28-em-limeira\/","title":{"rendered":"Vacina\u00e7\u00e3o com monovalente come\u00e7a nesta ter\u00e7a-feira (28) em Limeira"},"content":{"rendered":"<p> <br \/>\n<\/p>\n<div>\n            <main class=\"\">&#13;<br \/>\n                &#13;<br \/>\n&#13;<br \/>\n&#13;<br \/>\n&#13;<br \/>\n    <img data-recalc-dims=\"1\" decoding=\"async\" src=\"https:\/\/i0.wp.com\/ecrie.com.br\/sistema\/conteudos\/imagem\/m_137_0_1_04112023092716.jpg?w=696&#038;ssl=1\" alt=\"Vacina\u00e7\u00e3o com monovalente come\u00e7a nesta ter\u00e7a-feira (28) em Limeira\"\/>&#13;<br \/>\n&#13;<\/p>\n<p style=\"text-align: justify;\" align=\"justify\">A Secretaria de Sa\u00fade informa que iniciar\u00e1 a partir desta ter\u00e7a-feira (28) a vacina\u00e7\u00e3o contra a Covid-19 com a vacina monovalente. O p\u00fablico-alvo s\u00e3o as pessoas maiores de 6 meses de idade. A vacina\u00e7\u00e3o estar\u00e1 dispon\u00edvel de segunda a sexta-feira, das 8h \u00e0s 12h e das 13h \u00e0s 16h. \u00c9 necess\u00e1rio apresentar a carteira de vacina\u00e7\u00e3o atualizada.<\/p>\n<p>&#13;<\/p>\n<p style=\"text-align: justify;\" align=\"justify\">Para as crian\u00e7as at\u00e9 11 anos, a vacina\u00e7\u00e3o est\u00e1 dispon\u00edvel nas Unidades B\u00e1sicas de Sa\u00fade (UBSs) do Novo Horizonte, Graminha, Ab\u00edlio Pedro, Nova Su\u00ed\u00e7a, Nova Limeira. J\u00e1 para a popula\u00e7\u00e3o maior de 12 anos, a imuniza\u00e7\u00e3o pode ser feitas nas UBSs Planalto, Nova Europa, Hip\u00f3lito 1, Dores 1, Campo Belo, Aeroporto, Morro Azul e no Ambulat\u00f3rio de Especialidades do Residencial Rubi.<\/p>\n<p>&#13;<br \/>\n&#13;<br \/>\n&#13;<br \/>\n&#13;<\/p>\n<aside class=\"list-related no-print\">&#13;<br \/>\n        &#13;<br \/>\n&#13;<\/p>\n<article class=\"list-item noticias \">&#13;<br \/>\n                    <a class=\"list-item__img\" href=\"https:\/\/limeira.sp.gov.br\/imprensa\/noticias\/saude\/confira-os-servicos-municipais-no-feriado-de-corpuschristi\" tabindex=\"-1\" aria-hidden=\"true\" rel=\"noopener\">&#13;<br \/>\n                        <img data-recalc-dims=\"1\" decoding=\"async\" src=\"https:\/\/i0.wp.com\/ecrie.com.br\/sistema\/conteudos\/imagem\/m_137_0_1_27052024143547.jpg?w=696&#038;ssl=1\" alt=\"Confira os servi\u00e7os municipais no feriado de Corpus\u00a0Christi\"\/>&#13;<br \/>\n                    <\/a>&#13;<br \/>\n&#13;<br \/>\n                &#13;<br \/>\n            <\/article>\n<p>&#13;<\/p>\n<article class=\"list-item noticias \">&#13;<br \/>\n                    <a class=\"list-item__img\" href=\"https:\/\/limeira.sp.gov.br\/imprensa\/noticias\/saude\/secretaria-de-saude-presta-contas-em-86-audiencia-publica\" tabindex=\"-1\" aria-hidden=\"true\" rel=\"noopener\">&#13;<br \/>\n                        <img data-recalc-dims=\"1\" decoding=\"async\" src=\"https:\/\/i0.wp.com\/ecrie.com.br\/sistema\/conteudos\/imagem\/m_137_6_169_15122022144819.jpg?w=696&#038;ssl=1\" alt=\"Secretaria de Sa\u00fade presta contas em 86\u00aa Audi\u00eancia P\u00fablica\"\/>&#13;<br \/>\n                    <\/a>&#13;<br \/>\n&#13;<br \/>\n                &#13;<br \/>\n            <\/article>\n<p>&#13;<\/p>\n<article class=\"list-item noticias \">&#13;<br \/>\n                    <a class=\"list-item__img\" href=\"https:\/\/limeira.sp.gov.br\/imprensa\/noticias\/saude\/limeira-inicia-campanha-de-vacinacao-contra-poliomielite-na-segunda-27\" tabindex=\"-1\" aria-hidden=\"true\" rel=\"noopener\">&#13;<br \/>\n                        <img data-recalc-dims=\"1\" decoding=\"async\" src=\"https:\/\/i0.wp.com\/ecrie.com.br\/sistema\/conteudos\/imagem\/m_137_0_1_20092023112446.jpg?w=696&#038;ssl=1\" alt=\"Limeira inicia campanha de vacina\u00e7\u00e3o contra poliomielite na segunda (27)\"\/>&#13;<br \/>\n                    <\/a>&#13;<br \/>\n&#13;<br \/>\n                &#13;<br \/>\n            <\/article>\n<p>&#13;<br \/>\n    <\/aside>\n<p>&#13;<br \/>\n&#13;<br \/>\n            <\/main><\/p><\/div>\n<p><br \/>\n<br \/><a href=\"https:\/\/limeira.sp.gov.br\/vacinacao-com-monovalente-comeca-nesta-terca-feira-28-em-limeira\" rel=\"noopener\">Informa\u00e7\u00f5es da PML <\/a><\/p>\n","protected":false},"excerpt":{"rendered":"<p>&#13; &#13; &#13; &#13; &#13; &#13; &#13; A Secretaria de Sa\u00fade informa que iniciar\u00e1 a partir desta ter\u00e7a-feira (28) a vacina\u00e7\u00e3o contra a Covid-19 com a vacina monovalente. O p\u00fablico-alvo s\u00e3o as pessoas maiores de 6 meses de idade. A vacina\u00e7\u00e3o estar\u00e1 dispon\u00edvel de segunda a sexta-feira, das 8h \u00e0s 12h e das 13h \u00e0s [&hellip;]<\/p>\n","protected":false},"author":1,"featured_media":3263,"comment_status":"open","ping_status":"open","sticky":false,"template":"","format":"standard","meta":{"_jetpack_newsletter_access":"","_jetpack_dont_email_post_to_subs":false,"_jetpack_newsletter_tier_id":0,"_jetpack_memberships_contains_paywalled_content":false,"_mbp_banners":[],"_jetpack_feature_clip_id":0,"_jetpack_memberships_contains_paid_content":false,"footnotes":"","jetpack_publicize_message":"","jetpack_publicize_feature_enabled":true,"jetpack_social_post_already_shared":true,"jetpack_social_options":{"image_generator_settings":{"template":"highway","default_image_id":0,"font":"","enabled":false},"version":2},"jetpack_post_was_ever_published":false},"categories":[16],"tags":[],"class_list":["post-6584","post","type-post","status-publish","format-standard","has-post-thumbnail","category-local"],"jetpack_publicize_connections":[],"jetpack-related-posts":[],"jetpack_shortlink":"https:\/\/wp.me\/p7Eq1F-1Ic","jetpack_sharing_enabled":true,"jetpack_featured_media_url":"https:\/\/i0.wp.com\/guialimeira.com.br\/news\/wp-content\/uploads\/2024\/04\/m_137_0_1_04112023092716.jpg?fit=1280%2C852&ssl=1","_links":{"self":[{"href":"https:\/\/guialimeira.com.br\/news\/wp-json\/wp\/v2\/posts\/6584","targetHints":{"allow":["GET"]}}],"collection":[{"href":"https:\/\/guialimeira.com.br\/news\/wp-json\/wp\/v2\/posts"}],"about":[{"href":"https:\/\/guialimeira.com.br\/news\/wp-json\/wp\/v2\/types\/post"}],"author":[{"embeddable":true,"href":"https:\/\/guialimeira.com.br\/news\/wp-json\/wp\/v2\/users\/1"}],"replies":[{"embeddable":true,"href":"https:\/\/guialimeira.com.br\/news\/wp-json\/wp\/v2\/comments?post=6584"}],"version-history":[{"count":0,"href":"https:\/\/guialimeira.com.br\/news\/wp-json\/wp\/v2\/posts\/6584\/revisions"}],"wp:featuredmedia":[{"embeddable":true,"href":"https:\/\/guialimeira.com.br\/news\/wp-json\/wp\/v2\/media\/3263"}],"wp:attachment":[{"href":"https:\/\/guialimeira.com.br\/news\/wp-json\/wp\/v2\/media?parent=6584"}],"wp:term":[{"taxonomy":"category","embeddable":true,"href":"https:\/\/guialimeira.com.br\/news\/wp-json\/wp\/v2\/categories?post=6584"},{"taxonomy":"post_tag","embeddable":true,"href":"https:\/\/guialimeira.com.br\/news\/wp-json\/wp\/v2\/tags?post=6584"}],"curies":[{"name":"wp","href":"https:\/\/api.w.org\/{rel}","templated":true}]}}