{"id":65836,"date":"2026-05-16T21:05:48","date_gmt":"2026-05-17T00:05:48","guid":{"rendered":"https:\/\/guialimeira.com.br\/marcio-do-estacionamento-representa-limeira-em-reuniao-do-parlamento-metropolitano\/"},"modified":"2026-05-16T21:05:48","modified_gmt":"2026-05-17T00:05:48","slug":"marcio-do-estacionamento-representa-limeira-em-reuniao-do-parlamento-metropolitano","status":"publish","type":"post","link":"https:\/\/guialimeira.com.br\/news\/marcio-do-estacionamento-representa-limeira-em-reuniao-do-parlamento-metropolitano\/","title":{"rendered":"Marcio do Estacionamento representa Limeira em reuni\u00e3o do Parlamento Metropolitano"},"content":{"rendered":"<p>Marcio do Estacionamento representa Limeira em reuni\u00e3o do Parlamento Metropolitano<\/p>\n<p>O vereador M\u00e1rcio do Estacionamento (DC) representou a C\u00e2mara Municipal de Limeira, nesta quarta-feira, 13 de maio, na reuni\u00e3o oficial do Parlamento Metropolitano de Piracicaba, no qual \u00e9 membro efetivo. O encontro debateu o tema &#8220;Cidades Inteligentes e Sustent\u00e1veis&#8221;. Segundo o parlamentar, o evento \u00e9 voltado para quem pensa, decide e constr\u00f3i o futuro das cidades, reunindo lideran\u00e7as pol\u00edticas, especialistas e gestores para discutir solu\u00e7\u00f5es que melhorem a qualidade de vida dos cidad\u00e3os nos munic\u00edpios da regi\u00e3o.<\/p>\n<p>M\u00e1rcio relatou que o objetivo central do debate foi a constru\u00e7\u00e3o de marcos legais para novas tecnologias. A pauta buscou integrar governos, iniciativa privada, startups e a sociedade civil. As discuss\u00f5es usaram como base o Objetivo de Desenvolvimento Sustent\u00e1vel (ODS) 11 da ONU. De acordo com o vereador, a meta visa tornar as cidades inclusivas, seguras, resilientes e sustent\u00e1veis at\u00e9 2030. O evento teve forte base acad\u00eamica e t\u00e9cnica e representantes das universidades p\u00fablicas UNICAMP, USP-ESALQ e UFSCar-Araras tamb\u00e9m participaram.<\/p>\n<p>Marcio salienta que a Secretaria de Turismo e Viagens do Estado de S\u00e3o Paulo tamb\u00e9m integrou os debates, e abordou o agroturismo e turismo rural, nas cidades inteligentes. &#8220;As cidades inteligentes transformam a tecnologia em bem-estar direto para o cidad\u00e3o, e \u00e9 uma grande satisfa\u00e7\u00e3o representar a C\u00e2mara de Limeira em um debate que constr\u00f3i o futuro sustent\u00e1vel da nossa regi\u00e3o, trazendo e implementando melhorias para os nossos mun\u00edcipes&#8221;, destacou o parlamentar.<\/p>\n<p>Conforme convite informado pelo vereador M\u00e1rcio do Estacionamento, o secret\u00e1rio de Tecnologia e Efici\u00eancia de Limeira, Roger Willians, e Ana Luiza, da Secretaria de Desenvolvimento Econ\u00f4mico de Limeira, acompanharam a agenda. Na ocasi\u00e3o, o presidente do Parlamento Metropolitano, vereador Rodrigo Soares, entregou a Roger Willians um documento oficial. O material re\u00fane as a\u00e7\u00f5es do parlamento e propostas tecnol\u00f3gicas para aplicar em Limeira.<\/p>\n<p>Do Gabinete Parlamentar &#8211; Vereador M\u00e1rcio do Estacionamento (DC)<\/p>\n<p>*Fotos do Gabinete Parlamentar<\/p>\n<p>As mat\u00e9rias de origem dos Gabinetes Parlamentares s\u00e3o de inteira\u00a0 responsabilidade dos parlamentares e de suas assessorias. S\u00e3o devidamente assinadas e n\u00e3o refletem, necessariamente, a opini\u00e3o institucional da C\u00e2mara Municipal de Limeira.<\/p>\n<hr>\n<p><em>Fonte: <a href=\"https:\/\/www.limeira.sp.leg.br\/noticias\/view\/2026-05-14_marcio-do-estacionamento-representa-limeira-em-reuniao-do-parlamento-metropolitano\" target=\"_blank\" rel=\"noopener\">C\u00e2mara Municipal de Limeira<\/a><\/em><\/p>\n","protected":false},"excerpt":{"rendered":"<p>Marcio do Estacionamento representa Limeira em reuni\u00e3o do Parlamento Metropolitano<\/p>\n<p>O vereador M\u00e1rcio do Estacionamento (DC) representou a C\u00e2mara Municipal de Limeira, nesta quarta-feira, 13 de maio, na reuni\u00e3o oficial do Parlamento Metropolitano de Piracicaba, no qual \u00e9 membro efetivo. O encontro d<\/p>\n","protected":false},"author":4,"featured_media":65835,"comment_status":"","ping_status":"open","sticky":false,"template":"","format":"standard","meta":{"_jetpack_newsletter_access":"","_jetpack_dont_email_post_to_subs":false,"_jetpack_newsletter_tier_id":0,"_jetpack_memberships_contains_paywalled_content":false,"_mbp_banners":[],"_jetpack_feature_clip_id":0,"_jetpack_memberships_contains_paid_content":false,"footnotes":"","jetpack_publicize_message":"","jetpack_publicize_feature_enabled":true,"jetpack_social_post_already_shared":true,"jetpack_social_options":{"image_generator_settings":{"template":"highway","default_image_id":0,"font":"","enabled":false},"version":2},"jetpack_post_was_ever_published":false},"categories":[19],"tags":[],"class_list":["post-65836","post","type-post","status-publish","format-standard","has-post-thumbnail","category-politica"],"jetpack_publicize_connections":[],"jetpack-related-posts":[],"jetpack_shortlink":"https:\/\/wp.me\/p7Eq1F-h7S","jetpack_sharing_enabled":true,"jetpack_featured_media_url":"https:\/\/i0.wp.com\/guialimeira.com.br\/news\/wp-content\/uploads\/2026\/05\/noticia-camara-65.jpg?fit=1280%2C640&ssl=1","_links":{"self":[{"href":"https:\/\/guialimeira.com.br\/news\/wp-json\/wp\/v2\/posts\/65836","targetHints":{"allow":["GET"]}}],"collection":[{"href":"https:\/\/guialimeira.com.br\/news\/wp-json\/wp\/v2\/posts"}],"about":[{"href":"https:\/\/guialimeira.com.br\/news\/wp-json\/wp\/v2\/types\/post"}],"author":[{"embeddable":true,"href":"https:\/\/guialimeira.com.br\/news\/wp-json\/wp\/v2\/users\/4"}],"replies":[{"embeddable":true,"href":"https:\/\/guialimeira.com.br\/news\/wp-json\/wp\/v2\/comments?post=65836"}],"version-history":[{"count":0,"href":"https:\/\/guialimeira.com.br\/news\/wp-json\/wp\/v2\/posts\/65836\/revisions"}],"wp:featuredmedia":[{"embeddable":true,"href":"https:\/\/guialimeira.com.br\/news\/wp-json\/wp\/v2\/media\/65835"}],"wp:attachment":[{"href":"https:\/\/guialimeira.com.br\/news\/wp-json\/wp\/v2\/media?parent=65836"}],"wp:term":[{"taxonomy":"category","embeddable":true,"href":"https:\/\/guialimeira.com.br\/news\/wp-json\/wp\/v2\/categories?post=65836"},{"taxonomy":"post_tag","embeddable":true,"href":"https:\/\/guialimeira.com.br\/news\/wp-json\/wp\/v2\/tags?post=65836"}],"curies":[{"name":"wp","href":"https:\/\/api.w.org\/{rel}","templated":true}]}}