{"id":65830,"date":"2026-05-16T20:55:52","date_gmt":"2026-05-16T23:55:52","guid":{"rendered":"https:\/\/guialimeira.com.br\/comissao-de-seguranca-visita-delegacia-integrada-em-leme\/"},"modified":"2026-05-16T20:55:52","modified_gmt":"2026-05-16T23:55:52","slug":"comissao-de-seguranca-visita-delegacia-integrada-em-leme","status":"publish","type":"post","link":"https:\/\/guialimeira.com.br\/news\/comissao-de-seguranca-visita-delegacia-integrada-em-leme\/","title":{"rendered":"Comiss\u00e3o de Seguran\u00e7a visita delegacia integrada em Leme"},"content":{"rendered":"<p>Comiss\u00e3o de Seguran\u00e7a visita delegacia integrada em Leme<\/p>\n<p>A Comiss\u00e3o de Seguran\u00e7a P\u00fablica da C\u00e2mara Municipal de Limeira realizou nesta quinta-feira, 14 de maio, uma visita t\u00e9cnica \u00e0 Delegacia de Leme para conhecer o funcionamento do modelo integrado de atendimento implantado. A unidade re\u00fane, em um \u00fanico pr\u00e9dio, a Delegacia de Defesa da Mulher (DDM), o 1\u00ba e 2\u00ba Distritos Policiais, a Delegacia do Munic\u00edpio e o plant\u00e3o policial, que funciona 24 horas no mesmo endere\u00e7o, localizado na regi\u00e3o central da cidade. O im\u00f3vel possui cerca de dois mil metros quadrados e abriga 26 policiais.<\/p>\n<p>Segundo o delegado de Leme, Jo\u00e3o Pinheiro Neto, o espa\u00e7o foi projetado para oferecer atendimento humanizado \u00e0s v\u00edtimas, com ambientes modernos, monitoramento em tempo integral e salas espec\u00edficas para cada setor da Pol\u00edcia Civil. \u201cA estrutura tamb\u00e9m se destaca por ser a \u00fanica delegacia do Estado de S\u00e3o Paulo com cela adaptada para acessibilidade\u201d, destacou.<\/p>\n<p>O delegado explicou que o local abrigava a antiga cadeia p\u00fablica da cidade, que funcionava em condi\u00e7\u00f5es prec\u00e1rias. Em 2015, foi elaborado o projeto da nova estrutura e, dois anos depois, aberta a licita\u00e7\u00e3o para execu\u00e7\u00e3o da obra. O pr\u00e9dio foi conclu\u00eddo em 2024 pelo Estado, e est\u00e1 em funcionamento h\u00e1 cerca de um ano, ap\u00f3s um investimento aproximado de R$ 7 milh\u00f5es. A Associa\u00e7\u00e3o Comercial de Leme tamb\u00e9m colaborou com a destina\u00e7\u00e3o de equipamentos para a unidade.<\/p>\n<p>Participaram da visita o vereador Costa J\u00fanior (Podemos), presidente; Carlinhos do Grotta, secret\u00e1rio, e representando o vereador Felipe Penedo (PL), vice-presidente, sua assessora Renata Caram. O colegiado foi recebido por Jo\u00e3o Pinheiro Neto, delegado titular de Leme e o vereador Airton C\u00e2ndido da Silva (PSD), vice-presidente da C\u00e2mara Municipal de Leme.<\/p>\n<hr>\n<p><em>Fonte: <a href=\"https:\/\/www.limeira.sp.leg.br\/noticias\/view\/2026-05-14_comissao-de-seguranca-visita-delegacia-integrada-em-leme\" target=\"_blank\" rel=\"noopener\">C\u00e2mara Municipal de Limeira<\/a><\/em><\/p>\n","protected":false},"excerpt":{"rendered":"<p>Comiss\u00e3o de Seguran\u00e7a visita delegacia integrada em Leme<\/p>\n<p>A Comiss\u00e3o de Seguran\u00e7a P\u00fablica da C\u00e2mara Municipal de Limeira realizou nesta quinta-feira, 14 de maio, uma visita t\u00e9cnica \u00e0 Delegacia de Leme para conhecer o funcionamento do modelo integrado de atendimento implantado. A unidade re\u00fane, em um<\/p>\n","protected":false},"author":4,"featured_media":65829,"comment_status":"","ping_status":"open","sticky":false,"template":"","format":"standard","meta":{"_jetpack_newsletter_access":"","_jetpack_dont_email_post_to_subs":false,"_jetpack_newsletter_tier_id":0,"_jetpack_memberships_contains_paywalled_content":false,"_mbp_banners":[],"_jetpack_feature_clip_id":0,"_jetpack_memberships_contains_paid_content":false,"footnotes":"","jetpack_publicize_message":"","jetpack_publicize_feature_enabled":true,"jetpack_social_post_already_shared":true,"jetpack_social_options":{"image_generator_settings":{"template":"highway","default_image_id":0,"font":"","enabled":false},"version":2},"jetpack_post_was_ever_published":false},"categories":[19],"tags":[],"class_list":["post-65830","post","type-post","status-publish","format-standard","has-post-thumbnail","category-politica"],"jetpack_publicize_connections":[],"jetpack-related-posts":[],"jetpack_shortlink":"https:\/\/wp.me\/p7Eq1F-h7M","jetpack_sharing_enabled":true,"jetpack_featured_media_url":"https:\/\/i0.wp.com\/guialimeira.com.br\/news\/wp-content\/uploads\/2026\/05\/noticia-camara-63.jpg?fit=1280%2C640&ssl=1","_links":{"self":[{"href":"https:\/\/guialimeira.com.br\/news\/wp-json\/wp\/v2\/posts\/65830","targetHints":{"allow":["GET"]}}],"collection":[{"href":"https:\/\/guialimeira.com.br\/news\/wp-json\/wp\/v2\/posts"}],"about":[{"href":"https:\/\/guialimeira.com.br\/news\/wp-json\/wp\/v2\/types\/post"}],"author":[{"embeddable":true,"href":"https:\/\/guialimeira.com.br\/news\/wp-json\/wp\/v2\/users\/4"}],"replies":[{"embeddable":true,"href":"https:\/\/guialimeira.com.br\/news\/wp-json\/wp\/v2\/comments?post=65830"}],"version-history":[{"count":0,"href":"https:\/\/guialimeira.com.br\/news\/wp-json\/wp\/v2\/posts\/65830\/revisions"}],"wp:featuredmedia":[{"embeddable":true,"href":"https:\/\/guialimeira.com.br\/news\/wp-json\/wp\/v2\/media\/65829"}],"wp:attachment":[{"href":"https:\/\/guialimeira.com.br\/news\/wp-json\/wp\/v2\/media?parent=65830"}],"wp:term":[{"taxonomy":"category","embeddable":true,"href":"https:\/\/guialimeira.com.br\/news\/wp-json\/wp\/v2\/categories?post=65830"},{"taxonomy":"post_tag","embeddable":true,"href":"https:\/\/guialimeira.com.br\/news\/wp-json\/wp\/v2\/tags?post=65830"}],"curies":[{"name":"wp","href":"https:\/\/api.w.org\/{rel}","templated":true}]}}