{"id":65828,"date":"2026-05-16T20:50:52","date_gmt":"2026-05-16T23:50:52","guid":{"rendered":"https:\/\/guialimeira.com.br\/comissao-de-obras-recebe-respostas-da-prefeitura-sobre-melhoria-viaria-e-coleta-de-lixo-na-area-rural\/"},"modified":"2026-05-16T20:50:52","modified_gmt":"2026-05-16T23:50:52","slug":"comissao-de-obras-recebe-respostas-da-prefeitura-sobre-melhoria-viaria-e-coleta-de-lixo-na-area-rural","status":"publish","type":"post","link":"https:\/\/guialimeira.com.br\/news\/comissao-de-obras-recebe-respostas-da-prefeitura-sobre-melhoria-viaria-e-coleta-de-lixo-na-area-rural\/","title":{"rendered":"Comiss\u00e3o de Obras recebe respostas da Prefeitura sobre melhoria vi\u00e1ria e coleta de lixo na \u00e1rea rural"},"content":{"rendered":"<p>Comiss\u00e3o de Obras recebe respostas da Prefeitura sobre melhoria vi\u00e1ria e coleta de lixo na \u00e1rea rural<\/p>\n<p>A Comiss\u00e3o Permanente de Obras e Planejamento Urbano analisou, durante a reuni\u00e3o desta quinta-feira, 14 de maio, a resposta ao Of\u00edcio N\u00ba 1.260\/2026, encaminhado pelo colegiado \u00e0 Prefeitura em mar\u00e7o. O documento solicitava informa\u00e7\u00f5es sobre poss\u00edveis melhorias estruturais na mobilidade urbana nas proximidades da Escola Municipal de Ensino Infantil e Ensino Fundamental (Emeief) Martim Lutero, no bairro dos Pires. O Executivo informou que implantou um dispositivo redutor de velocidade do tipo sonorizador a 50 metros da faixa de pedestres para auxiliar na seguran\u00e7a de alunos e pais na regi\u00e3o.<\/p>\n<p>Acerca do tema, o presidente da Comiss\u00e3o, vereador Helder do T\u00e1xi (PSD) afirmou que a situa\u00e7\u00e3o continuar\u00e1 sendo acompanhada pelo colegiado, uma vez que houve um crescimento do fluxo de pedestres e ve\u00edculos na regi\u00e3o, o que exige monitoramento constante da efic\u00e1cia das medidas de mobilidade. Ele informou ainda sobre a possibilidade de debater com a Prefeitura outras medidas para melhorar o tr\u00e2nsito na localidade.<\/p>\n<p>Coleta de lixo<\/p>\n<p>Outro tema abordado esta semana foi o descarte de res\u00edduos no bairro do Pinhal. Em resposta ao Of\u00edcio N\u00ba 1.417\/2026, a Secretaria Municipal de Obras e Servi\u00e7os P\u00fablicos explicou que a coleta de res\u00edduos org\u00e2nicos ocorre por meio de cont\u00eaineres instalados na Estrada Municipal Guido Tetzner (LIM 235) e na Estrada Municipal Jorge Carlos Ivers (LIM 324). Segundo a Prefeitura, a inclus\u00e3o de condom\u00ednios rurais no atendimento regular ser\u00e1 poss\u00edvel \u201csomente ap\u00f3s a conclus\u00e3o do processo de regulariza\u00e7\u00e3o fundi\u00e1ria e a adequada implanta\u00e7\u00e3o das estruturas para armazenamento dos res\u00edduos\u201d.<\/p>\n<p>A Comiss\u00e3o<\/p>\n<p>A Comiss\u00e3o de Obras e Planejamento Urbano \u00e9 respons\u00e1vel por temas como servi\u00e7os p\u00fablicos, uso, ocupa\u00e7\u00e3o e parcelamento do solo, e \u00e9 formada pelos vereadores Helder do T\u00e1xi (PSD), presidente; M\u00e1rcio do Estacionamento (DC), vice-presidente; e Jo\u00e3o Antunes Bano (Solidariedade), secret\u00e1rio. Eles se re\u00fanem ordinariamente \u00e0s quintas-feiras, a partir das 13h30. As delibera\u00e7\u00f5es constam na ata da reuni\u00e3o.<\/p>\n<hr>\n<p><em>Fonte: <a href=\"https:\/\/www.limeira.sp.leg.br\/noticias\/view\/2026-05-14_comissao-de-obras-recebe-respostas-da-prefeitura-sobre-melhoria-viaria-e-coleta-de-lixo-na-area-rural\" target=\"_blank\" rel=\"noopener\">C\u00e2mara Municipal de Limeira<\/a><\/em><\/p>\n","protected":false},"excerpt":{"rendered":"<p>Comiss\u00e3o de Obras recebe respostas da Prefeitura sobre melhoria vi\u00e1ria e coleta de lixo na \u00e1rea rural<\/p>\n<p>A Comiss\u00e3o Permanente de Obras e Planejamento Urbano analisou, durante a reuni\u00e3o desta quinta-feira, 14 de maio, a resposta ao Of\u00edcio N\u00ba 1.260\/2026, encaminhado pelo colegiado \u00e0 Prefeitura em mar\u00e7o<\/p>\n","protected":false},"author":4,"featured_media":65827,"comment_status":"","ping_status":"open","sticky":false,"template":"","format":"standard","meta":{"_jetpack_newsletter_access":"","_jetpack_dont_email_post_to_subs":false,"_jetpack_newsletter_tier_id":0,"_jetpack_memberships_contains_paywalled_content":false,"_mbp_banners":[],"_jetpack_feature_clip_id":0,"_jetpack_memberships_contains_paid_content":false,"footnotes":"","jetpack_publicize_message":"","jetpack_publicize_feature_enabled":true,"jetpack_social_post_already_shared":true,"jetpack_social_options":{"image_generator_settings":{"template":"highway","default_image_id":0,"font":"","enabled":false},"version":2},"jetpack_post_was_ever_published":false},"categories":[19],"tags":[],"class_list":["post-65828","post","type-post","status-publish","format-standard","has-post-thumbnail","category-politica"],"jetpack_publicize_connections":[],"jetpack-related-posts":[],"jetpack_shortlink":"https:\/\/wp.me\/p7Eq1F-h7K","jetpack_sharing_enabled":true,"jetpack_featured_media_url":"https:\/\/i0.wp.com\/guialimeira.com.br\/news\/wp-content\/uploads\/2026\/05\/noticia-camara-62.jpg?fit=1280%2C640&ssl=1","_links":{"self":[{"href":"https:\/\/guialimeira.com.br\/news\/wp-json\/wp\/v2\/posts\/65828","targetHints":{"allow":["GET"]}}],"collection":[{"href":"https:\/\/guialimeira.com.br\/news\/wp-json\/wp\/v2\/posts"}],"about":[{"href":"https:\/\/guialimeira.com.br\/news\/wp-json\/wp\/v2\/types\/post"}],"author":[{"embeddable":true,"href":"https:\/\/guialimeira.com.br\/news\/wp-json\/wp\/v2\/users\/4"}],"replies":[{"embeddable":true,"href":"https:\/\/guialimeira.com.br\/news\/wp-json\/wp\/v2\/comments?post=65828"}],"version-history":[{"count":0,"href":"https:\/\/guialimeira.com.br\/news\/wp-json\/wp\/v2\/posts\/65828\/revisions"}],"wp:featuredmedia":[{"embeddable":true,"href":"https:\/\/guialimeira.com.br\/news\/wp-json\/wp\/v2\/media\/65827"}],"wp:attachment":[{"href":"https:\/\/guialimeira.com.br\/news\/wp-json\/wp\/v2\/media?parent=65828"}],"wp:term":[{"taxonomy":"category","embeddable":true,"href":"https:\/\/guialimeira.com.br\/news\/wp-json\/wp\/v2\/categories?post=65828"},{"taxonomy":"post_tag","embeddable":true,"href":"https:\/\/guialimeira.com.br\/news\/wp-json\/wp\/v2\/tags?post=65828"}],"curies":[{"name":"wp","href":"https:\/\/api.w.org\/{rel}","templated":true}]}}