{"id":65822,"date":"2026-05-16T20:35:55","date_gmt":"2026-05-16T23:35:55","guid":{"rendered":"https:\/\/guialimeira.com.br\/helder-do-taxi-fiscaliza-obras-da-nova-passarela-que-liga-duas-vias-no-parque-hipolito\/"},"modified":"2026-05-16T20:35:55","modified_gmt":"2026-05-16T23:35:55","slug":"helder-do-taxi-fiscaliza-obras-da-nova-passarela-que-liga-duas-vias-no-parque-hipolito","status":"publish","type":"post","link":"https:\/\/guialimeira.com.br\/news\/helder-do-taxi-fiscaliza-obras-da-nova-passarela-que-liga-duas-vias-no-parque-hipolito\/","title":{"rendered":"Helder do T\u00e1xi fiscaliza obras da nova passarela que liga duas vias no Parque Hip\u00f3lito"},"content":{"rendered":"<p>Helder do T\u00e1xi fiscaliza obras da nova passarela que liga duas vias no Parque Hip\u00f3lito<\/p>\n<p>O vereador H\u00e9lder do T\u00e1xi (PSD) fiscalizou nesta quinta-feira, 14 de maio, as obras da passarela que liga a rua Professor Sebasti\u00e3o Nogueira de Lima, com a rua Higino de Barros Camargo, no bairro Parque Hip\u00f3lito. Conforme o parlamentar, a reforma atendeu a Indica\u00e7\u00e3o N\u00ba 1453\/2026.<\/p>\n<p>\u201cA melhoria era extremamente necess\u00e1ria, j\u00e1 que a antiga estrutura se encontrava em situa\u00e7\u00e3o prec\u00e1ria, oferecendo riscos aos moradores, pedestres, crian\u00e7as e idosos que utilizam diariamente o local para travessia\u201d, destacou Helder do Taxi.<\/p>\n<p>Segundo o vereador, outro ponto importante da obra foi o desassoreamento do leito do rio. \u201cEssa melhoria \u00e9 fundamental para o local, tendo em vista que a for\u00e7a da correnteza e o ac\u00famulo de materiais contribu\u00edram diretamente para a deteriora\u00e7\u00e3o da antiga ponte ao longo do tempo\u201d, relatou o parlamentar.<\/p>\n<p>Conforme o vereador, a reforma atendeu um pedido do gabinete dele e a reivindica\u00e7\u00e3o dos moradores do bairro e trar\u00e1 mais seguran\u00e7a, mobilidade e tranquilidade para a popula\u00e7\u00e3o da regi\u00e3o. Helder do Taxi agradeceu ao prefeito Murilo F\u00e9lix (Podemos) e \u00e0s secretarias respons\u00e1veis pelo atendimento da demanda e pela realiza\u00e7\u00e3o das obras, e refor\u00e7ou a import\u00e2ncia de investir em melhorias que tragam mais seguran\u00e7a e qualidade de vida para a popula\u00e7\u00e3o.<\/p>\n<p>Do Gabinete Parlamentar \u2013 Vereador Helder do T\u00e1xi (PSD)<\/p>\n<p>Fotos do Gabinete Parlamentar<\/p>\n<p>As mat\u00e9rias de origem dos Gabinetes Parlamentares s\u00e3o de inteira\u00a0 responsabilidade dos parlamentares e de suas assessorias. S\u00e3o devidamente assinadas e n\u00e3o refletem, necessariamente, a opini\u00e3o institucional da C\u00e2mara Municipal de Limeira.<\/p>\n<hr>\n<p><em>Fonte: <a href=\"https:\/\/www.limeira.sp.leg.br\/noticias\/view\/2026-05-15_helder-do-taxi-fiscaliza-obras-da-nova-passarela-que-liga-duas-vias-no-parque-hipolito\" target=\"_blank\" rel=\"noopener\">C\u00e2mara Municipal de Limeira<\/a><\/em><\/p>\n","protected":false},"excerpt":{"rendered":"<p>Helder do T\u00e1xi fiscaliza obras da nova passarela que liga duas vias no Parque Hip\u00f3lito<\/p>\n<p>O vereador H\u00e9lder do T\u00e1xi (PSD) fiscalizou nesta quinta-feira, 14 de maio, as obras da passarela que liga a rua Professor Sebasti\u00e3o Nogueira de Lima, com a rua Higino de Barros Camargo, no bairro Parque Hip\u00f3lito.<\/p>\n","protected":false},"author":4,"featured_media":65821,"comment_status":"","ping_status":"open","sticky":false,"template":"","format":"standard","meta":{"_jetpack_newsletter_access":"","_jetpack_dont_email_post_to_subs":false,"_jetpack_newsletter_tier_id":0,"_jetpack_memberships_contains_paywalled_content":false,"_mbp_banners":[],"_jetpack_feature_clip_id":0,"_jetpack_memberships_contains_paid_content":false,"footnotes":"","jetpack_publicize_message":"","jetpack_publicize_feature_enabled":true,"jetpack_social_post_already_shared":true,"jetpack_social_options":{"image_generator_settings":{"template":"highway","default_image_id":0,"font":"","enabled":false},"version":2},"jetpack_post_was_ever_published":false},"categories":[19],"tags":[],"class_list":["post-65822","post","type-post","status-publish","format-standard","has-post-thumbnail","category-politica"],"jetpack_publicize_connections":[],"jetpack-related-posts":[],"jetpack_shortlink":"https:\/\/wp.me\/p7Eq1F-h7E","jetpack_sharing_enabled":true,"jetpack_featured_media_url":"https:\/\/i0.wp.com\/guialimeira.com.br\/news\/wp-content\/uploads\/2026\/05\/noticia-camara-59.jpg?fit=1280%2C640&ssl=1","_links":{"self":[{"href":"https:\/\/guialimeira.com.br\/news\/wp-json\/wp\/v2\/posts\/65822","targetHints":{"allow":["GET"]}}],"collection":[{"href":"https:\/\/guialimeira.com.br\/news\/wp-json\/wp\/v2\/posts"}],"about":[{"href":"https:\/\/guialimeira.com.br\/news\/wp-json\/wp\/v2\/types\/post"}],"author":[{"embeddable":true,"href":"https:\/\/guialimeira.com.br\/news\/wp-json\/wp\/v2\/users\/4"}],"replies":[{"embeddable":true,"href":"https:\/\/guialimeira.com.br\/news\/wp-json\/wp\/v2\/comments?post=65822"}],"version-history":[{"count":0,"href":"https:\/\/guialimeira.com.br\/news\/wp-json\/wp\/v2\/posts\/65822\/revisions"}],"wp:featuredmedia":[{"embeddable":true,"href":"https:\/\/guialimeira.com.br\/news\/wp-json\/wp\/v2\/media\/65821"}],"wp:attachment":[{"href":"https:\/\/guialimeira.com.br\/news\/wp-json\/wp\/v2\/media?parent=65822"}],"wp:term":[{"taxonomy":"category","embeddable":true,"href":"https:\/\/guialimeira.com.br\/news\/wp-json\/wp\/v2\/categories?post=65822"},{"taxonomy":"post_tag","embeddable":true,"href":"https:\/\/guialimeira.com.br\/news\/wp-json\/wp\/v2\/tags?post=65822"}],"curies":[{"name":"wp","href":"https:\/\/api.w.org\/{rel}","templated":true}]}}