{"id":65820,"date":"2026-05-16T20:30:54","date_gmt":"2026-05-16T23:30:54","guid":{"rendered":"https:\/\/guialimeira.com.br\/presidente-da-camara-e-osb-limeira-discutem-reflexos-da-transparencia-publica\/"},"modified":"2026-05-16T20:30:54","modified_gmt":"2026-05-16T23:30:54","slug":"presidente-da-camara-e-osb-limeira-discutem-reflexos-da-transparencia-publica","status":"publish","type":"post","link":"https:\/\/guialimeira.com.br\/news\/presidente-da-camara-e-osb-limeira-discutem-reflexos-da-transparencia-publica\/","title":{"rendered":"Presidente da C\u00e2mara e OSB-Limeira discutem reflexos da transpar\u00eancia p\u00fablica"},"content":{"rendered":"<p>Presidente da C\u00e2mara e OSB-Limeira discutem reflexos da transpar\u00eancia p\u00fablica<\/p>\n<p>O presidente da C\u00e2mara Municipal, vereador Everton Ferreira (PSD), e os volunt\u00e1rios do \u201cCompromisso com Limeira\u201d, marca do OSB-Limeira (Observat\u00f3rio Social do Brasil), discutiram na manh\u00e3 desta quinta-feira, 14 de maio, meios para que a transpar\u00eancia no setor p\u00fablico possa ser aplicada em a\u00e7\u00f5es concretas em benef\u00edcio \u00e0 sociedade, em especial por meio de indicadores sociais e econ\u00f4micos.<\/p>\n<p>A principal quest\u00e3o levantada pelos volunt\u00e1rios do OSB-Limeira, Felipe Masutti e Mateus Miranda, junto ao presidente Everton, foi como transformar a transpar\u00eancia dispon\u00edvel nos portais dos setores p\u00fablicos em a\u00e7\u00f5es concretas em benef\u00edcio da popula\u00e7\u00e3o. Segundo os volunt\u00e1rios, nem sempre s\u00e3o priorizadas a\u00e7\u00f5es que reflitam na melhoria de indicadores sociais e econ\u00f4micos considerados mais graves e urgentes.<\/p>\n<p>Como exemplos, o Mapa de Riscos Sociais do OSB-Limeira aponta um quadro cr\u00edtico na \u00e1rea da viol\u00eancia dom\u00e9stica, enquanto o pagamento de juros e amortiza\u00e7\u00f5es por parte da prefeitura \u00e9 uma das preocupa\u00e7\u00f5es no Mapa de Riscos Econ\u00f4micos. \u201cTemos em nosso pa\u00eds muitos modelos de governo que agem sob demanda, o que cria incongru\u00eancias com a realidade. O primeiro passo \u00e9 mostrar essa discrep\u00e2ncia e expor o que precisa ser melhorado para que possa ser corrigido. \u00c9 um trabalho no longo prazo\u201d, afirmou Everton.<\/p>\n<p>O presidente citou como exemplo a problem\u00e1tica dos recursos h\u00eddricos, com riscos de o sistema de abastecimento de Limeira colapsar em dez anos. \u201cTemos um manancial pr\u00f3prio que precisa ser protegido e recuperado, precisamos alargar barragens, criar represas, promover o desassoreamento das margens dos cursos d\u2019\u00e1gua e reduzir o avan\u00e7o da urbaniza\u00e7\u00e3o na zona rural\u201d, falou.<\/p>\n<p>Outra preocupa\u00e7\u00e3o \u00e9 com o envelhecimento da popula\u00e7\u00e3o, o que demandar\u00e1 mais pol\u00edticas de sa\u00fade. Uma das sugest\u00f5es \u00e9 que o Compromisso com Limeira acompanhe, seja pessoalmente ou por meio das atas, as reuni\u00f5es das Comiss\u00f5es Permanentes da C\u00e2mara, podendo apontar quest\u00f5es que exijam aten\u00e7\u00e3o especial do poder p\u00fablico.<\/p>\n<p>Agosto Transparente<\/p>\n<p>Os volunt\u00e1rios do OSB-Limeira aproveitaram a oportunidade para convidar os vereadores a participarem do \u201cAgosto Transparente\u201d, evento agendado para o dia 6 de agosto, \u00e0s 19h, na Acil (Associa\u00e7\u00e3o Comercial e Industrial de Limeira), e que j\u00e1 tem a presen\u00e7a confirmada de Everton. Tamb\u00e9m foram discutidas melhorias no formato do evento \u201cMar\u00e7o Transparente\u201d e a incorpora\u00e7\u00e3o de pautas permanentes para os pr\u00f3ximos compromissos firmados com os candidatos em n\u00edvel municipal. A pr\u00f3xima reuni\u00e3o com a OSB-Limeira ocorrer\u00e1 no dia 8 de agosto, \u00e0s 11h.<\/p>\n<p>Do Gabinete da Presid\u00eancia<\/p>\n<p>*Fotos do Gabinete da Presid\u00eancia<\/p>\n<p>As mat\u00e9rias de origem dos Gabinetes Parlamentares s\u00e3o de inteira\u00a0 responsabilidade dos parlamentares e de suas assessorias. S\u00e3o devidamente assinadas e n\u00e3o refletem, necessariamente, a opini\u00e3o institucional da C\u00e2mara Municipal de Limeira.<\/p>\n<hr>\n<p><em>Fonte: <a href=\"https:\/\/www.limeira.sp.leg.br\/noticias\/view\/2026-05-14_presidente-da-camara-e-osblimeira-discutem-reflexos-da-transparencia-publica\" target=\"_blank\" rel=\"noopener\">C\u00e2mara Municipal de Limeira<\/a><\/em><\/p>\n","protected":false},"excerpt":{"rendered":"<p>Presidente da C\u00e2mara e OSB-Limeira discutem reflexos da transpar\u00eancia p\u00fablica<\/p>\n<p>O presidente da C\u00e2mara Municipal, vereador Everton Ferreira (PSD), e os volunt\u00e1rios do \u201cCompromisso com Limeira\u201d, marca do OSB-Limeira (Observat\u00f3rio Social do Brasil), discutiram na manh\u00e3 desta quinta-feira, 14 de maio, m<\/p>\n","protected":false},"author":4,"featured_media":65819,"comment_status":"","ping_status":"open","sticky":false,"template":"","format":"standard","meta":{"_jetpack_newsletter_access":"","_jetpack_dont_email_post_to_subs":false,"_jetpack_newsletter_tier_id":0,"_jetpack_memberships_contains_paywalled_content":false,"_mbp_banners":[],"_jetpack_feature_clip_id":0,"_jetpack_memberships_contains_paid_content":false,"footnotes":"","jetpack_publicize_message":"","jetpack_publicize_feature_enabled":true,"jetpack_social_post_already_shared":true,"jetpack_social_options":{"image_generator_settings":{"template":"highway","default_image_id":0,"font":"","enabled":false},"version":2},"jetpack_post_was_ever_published":false},"categories":[19],"tags":[],"class_list":["post-65820","post","type-post","status-publish","format-standard","has-post-thumbnail","category-politica"],"jetpack_publicize_connections":[],"jetpack-related-posts":[],"jetpack_shortlink":"https:\/\/wp.me\/p7Eq1F-h7C","jetpack_sharing_enabled":true,"jetpack_featured_media_url":"https:\/\/i0.wp.com\/guialimeira.com.br\/news\/wp-content\/uploads\/2026\/05\/noticia-camara-58.jpg?fit=1280%2C640&ssl=1","_links":{"self":[{"href":"https:\/\/guialimeira.com.br\/news\/wp-json\/wp\/v2\/posts\/65820","targetHints":{"allow":["GET"]}}],"collection":[{"href":"https:\/\/guialimeira.com.br\/news\/wp-json\/wp\/v2\/posts"}],"about":[{"href":"https:\/\/guialimeira.com.br\/news\/wp-json\/wp\/v2\/types\/post"}],"author":[{"embeddable":true,"href":"https:\/\/guialimeira.com.br\/news\/wp-json\/wp\/v2\/users\/4"}],"replies":[{"embeddable":true,"href":"https:\/\/guialimeira.com.br\/news\/wp-json\/wp\/v2\/comments?post=65820"}],"version-history":[{"count":0,"href":"https:\/\/guialimeira.com.br\/news\/wp-json\/wp\/v2\/posts\/65820\/revisions"}],"wp:featuredmedia":[{"embeddable":true,"href":"https:\/\/guialimeira.com.br\/news\/wp-json\/wp\/v2\/media\/65819"}],"wp:attachment":[{"href":"https:\/\/guialimeira.com.br\/news\/wp-json\/wp\/v2\/media?parent=65820"}],"wp:term":[{"taxonomy":"category","embeddable":true,"href":"https:\/\/guialimeira.com.br\/news\/wp-json\/wp\/v2\/categories?post=65820"},{"taxonomy":"post_tag","embeddable":true,"href":"https:\/\/guialimeira.com.br\/news\/wp-json\/wp\/v2\/tags?post=65820"}],"curies":[{"name":"wp","href":"https:\/\/api.w.org\/{rel}","templated":true}]}}