{"id":65814,"date":"2026-05-16T20:18:26","date_gmt":"2026-05-16T23:18:26","guid":{"rendered":"https:\/\/guialimeira.com.br\/comissao-de-saude-debate-fluxo-de-internacoes-para-dependentes-quimicos-com-representantes-do-centro-pop\/"},"modified":"2026-05-16T20:18:26","modified_gmt":"2026-05-16T23:18:26","slug":"comissao-de-saude-debate-fluxo-de-internacoes-para-dependentes-quimicos-com-representantes-do-centro-pop","status":"publish","type":"post","link":"https:\/\/guialimeira.com.br\/news\/comissao-de-saude-debate-fluxo-de-internacoes-para-dependentes-quimicos-com-representantes-do-centro-pop\/","title":{"rendered":"Comiss\u00e3o de Sa\u00fade debate fluxo de interna\u00e7\u00f5es para dependentes qu\u00edmicos com representantes do Centro Pop"},"content":{"rendered":"<p>Comiss\u00e3o de Sa\u00fade debate fluxo de interna\u00e7\u00f5es para dependentes qu\u00edmicos com representantes do Centro Pop<\/p>\n<p>A Comiss\u00e3o de Sa\u00fade discutiu com os representantes do Centro Pop nesta quinta-feira, 14 de maio, sobre as dificuldades enfrentadas no dia a dia do atendimento \u00e0 popula\u00e7\u00e3o em situa\u00e7\u00e3o de rua, dependentes qu\u00edmicos e alco\u00f3licos em Limeira. Estavam presentes na reuni\u00e3o a psic\u00f3loga da institui\u00e7\u00e3o, Aneline Oliveira; os assistentes sociais Rosimeire Luiz, Gild\u00e1sio Souza, Gislaine Costa e a coordenadora da Comunidade Terapeutica Alian\u00e7a, Fabiana Gon\u00e7alves.<\/p>\n<p>Os profissionais t\u00e9cnicos relataram que atualmente o fluxo de assist\u00eancia para interna\u00e7\u00f5es de dependentes qu\u00edmicos prev\u00ea um encaminhamento inicial ao Hospital Humanit\u00e1ria, no qual eles devem permanecer por 15 dias antes da interna\u00e7\u00e3o em comunidades terap\u00eauticas. Por\u00e9m, conforme informado pelas assistentes, a unidade n\u00e3o possui estrutura adequada para atender esse p\u00fablico, uma vez que o atendimento \u00e9 feito no mesmo ambiente das pessoas com transtornos mentais De acordo com as profissionais, esse formato n\u00e3o \u00e9 efetivo e os dependentes qu\u00edmicos acabam abandonando o hospital antes de completar o prazo necess\u00e1rio para a interna\u00e7\u00e3o.<\/p>\n<p>Ainda de acordo com os relatos, todas as vagas de interna\u00e7\u00e3o volunt\u00e1ria passaram a ser gerenciadas exclusivamente pelo Centro de Aten\u00e7\u00e3o Psicossocial (CAPS) desde janeiro deste ano. \u201cEsse servi\u00e7o atua na l\u00f3gica de redu\u00e7\u00e3o de danos e prioriza a interna\u00e7\u00e3o apenas no \u00faltimo caso\u201d, afirmaram.<\/p>\n<p>Fluxo de interna\u00e7\u00f5es<\/p>\n<p>A representante da Comunidade Terap\u00eautica Alian\u00e7a, Fabiana destacou que a institui\u00e7\u00e3o mant\u00e9m conv\u00eanio com a Prefeitura desde 2023 e atende exclusivamente homens dependentes qu\u00edmicos e alcoolistas em regime de interna\u00e7\u00e3o volunt\u00e1ria. Segundo ela, at\u00e9 2025 os encaminhamentos eram autorizados diretamente pela Secretaria de Sa\u00fade e parte das vagas eram destinadas \u00e0 assist\u00eancia social.<\/p>\n<p>No entanto, em outubro de 2025 os encaminhamentos passaram a ser realizados exclusivamente via CAPS e, desde ent\u00e3o, apenas duas interna\u00e7\u00f5es foram efetivadas. Fabiana tamb\u00e9m destacou que a entidade possui conv\u00eanio com o Governo Federal para disponibilizar 30 vagas para interna\u00e7\u00f5es e que hoje h\u00e1 13 pessoas na lista de espera deste conv\u00eanio, a maioria moradora de Limeira, ela destacou que se o Munic\u00edpio estivesse fazendo os encaminhamentos como antes, as vagas federais poderiam ser destinadas a pessoas de outras localidades, ampliando, desta forma o n\u00famero de pessoas atendidas.<\/p>\n<p>Ao final da reuni\u00e3o, a Comiss\u00e3o informou que a situa\u00e7\u00e3o ser\u00e1 levada para discuss\u00e3o com o secret\u00e1rio de Sa\u00fade, Alexandre Ferrari, em encontro previsto para a pr\u00f3xima semana.<\/p>\n<p>A Comiss\u00e3o<\/p>\n<p>A Comiss\u00e3o de Sa\u00fade \u00e9 respons\u00e1vel por tratar e fiscalizar todos os assuntos relacionados a hospitais p\u00fablicos e privados que atendem pacientes do SUS, bem como manifestar-se sobre assuntos ligados \u00e0 vigil\u00e2ncia sanit\u00e1ria, epidemiol\u00f3gica e nutricional, al\u00e9m de elaborar campanhas e a\u00e7\u00f5es preventivas sobre sa\u00fade e controle de epidemias.<\/p>\n<p>O colegiado \u00e9 formado pelos vereadores Dr. Marcelo Rossi (MDB), presidente; Z\u00e9 da Farm\u00e1cia (Solidariedade), vice-presidente, e Elias Barbosa (PRTB), secret\u00e1rio. Eles se re\u00fanem ordinariamente \u00e0s quintas-feiras, a partir das 10h. Todas as delibera\u00e7\u00f5es s\u00e3o registradas em ata.<\/p>\n<hr>\n<p><em>Fonte: <a href=\"https:\/\/www.limeira.sp.leg.br\/noticias\/view\/2026-05-15_comissao-de-saude-debate-fluxo-de-internacoes-para-dependentes-quimicos-com-representantes-do-centro-pop\" target=\"_blank\" rel=\"noopener\">C\u00e2mara Municipal de Limeira<\/a><\/em><\/p>\n","protected":false},"excerpt":{"rendered":"<p>Comiss\u00e3o de Sa\u00fade debate fluxo de interna\u00e7\u00f5es para dependentes qu\u00edmicos com representantes do Centro Pop<\/p>\n<p>A Comiss\u00e3o de Sa\u00fade discutiu com os representantes do Centro Pop nesta quinta-feira, 14 de maio, sobre as dificuldades enfrentadas no dia a dia do atendimento \u00e0 popula\u00e7\u00e3o em situa\u00e7\u00e3o de rua, dep<\/p>\n","protected":false},"author":4,"featured_media":65813,"comment_status":"","ping_status":"open","sticky":false,"template":"","format":"standard","meta":{"_jetpack_newsletter_access":"","_jetpack_dont_email_post_to_subs":false,"_jetpack_newsletter_tier_id":0,"_jetpack_memberships_contains_paywalled_content":false,"_mbp_banners":[],"_jetpack_feature_clip_id":0,"_jetpack_memberships_contains_paid_content":false,"footnotes":"","jetpack_publicize_message":"","jetpack_publicize_feature_enabled":true,"jetpack_social_post_already_shared":true,"jetpack_social_options":{"image_generator_settings":{"template":"highway","default_image_id":0,"font":"","enabled":false},"version":2},"jetpack_post_was_ever_published":false},"categories":[19],"tags":[],"class_list":["post-65814","post","type-post","status-publish","format-standard","has-post-thumbnail","category-politica"],"jetpack_publicize_connections":[],"jetpack-related-posts":[],"jetpack_shortlink":"https:\/\/wp.me\/p7Eq1F-h7w","jetpack_sharing_enabled":true,"jetpack_featured_media_url":"https:\/\/i0.wp.com\/guialimeira.com.br\/news\/wp-content\/uploads\/2026\/05\/noticia-camara-55.jpg?fit=1280%2C640&ssl=1","_links":{"self":[{"href":"https:\/\/guialimeira.com.br\/news\/wp-json\/wp\/v2\/posts\/65814","targetHints":{"allow":["GET"]}}],"collection":[{"href":"https:\/\/guialimeira.com.br\/news\/wp-json\/wp\/v2\/posts"}],"about":[{"href":"https:\/\/guialimeira.com.br\/news\/wp-json\/wp\/v2\/types\/post"}],"author":[{"embeddable":true,"href":"https:\/\/guialimeira.com.br\/news\/wp-json\/wp\/v2\/users\/4"}],"replies":[{"embeddable":true,"href":"https:\/\/guialimeira.com.br\/news\/wp-json\/wp\/v2\/comments?post=65814"}],"version-history":[{"count":0,"href":"https:\/\/guialimeira.com.br\/news\/wp-json\/wp\/v2\/posts\/65814\/revisions"}],"wp:featuredmedia":[{"embeddable":true,"href":"https:\/\/guialimeira.com.br\/news\/wp-json\/wp\/v2\/media\/65813"}],"wp:attachment":[{"href":"https:\/\/guialimeira.com.br\/news\/wp-json\/wp\/v2\/media?parent=65814"}],"wp:term":[{"taxonomy":"category","embeddable":true,"href":"https:\/\/guialimeira.com.br\/news\/wp-json\/wp\/v2\/categories?post=65814"},{"taxonomy":"post_tag","embeddable":true,"href":"https:\/\/guialimeira.com.br\/news\/wp-json\/wp\/v2\/tags?post=65814"}],"curies":[{"name":"wp","href":"https:\/\/api.w.org\/{rel}","templated":true}]}}