{"id":65812,"date":"2026-05-16T20:13:28","date_gmt":"2026-05-16T23:13:28","guid":{"rendered":"https:\/\/guialimeira.com.br\/cpi-que-investiga-indicios-de-irregularidades-na-aquisicao-de-kits-de-robotica-recebe-alegacoes-finais-da-prefeitura\/"},"modified":"2026-05-16T20:13:28","modified_gmt":"2026-05-16T23:13:28","slug":"cpi-que-investiga-indicios-de-irregularidades-na-aquisicao-de-kits-de-robotica-recebe-alegacoes-finais-da-prefeitura","status":"publish","type":"post","link":"https:\/\/guialimeira.com.br\/news\/cpi-que-investiga-indicios-de-irregularidades-na-aquisicao-de-kits-de-robotica-recebe-alegacoes-finais-da-prefeitura\/","title":{"rendered":"CPI que investiga ind\u00edcios de irregularidades na aquisi\u00e7\u00e3o de kits de rob\u00f3tica recebe alega\u00e7\u00f5es finais da Prefeitura"},"content":{"rendered":"<p>CPI que investiga ind\u00edcios de irregularidades na aquisi\u00e7\u00e3o de kits de rob\u00f3tica recebe alega\u00e7\u00f5es finais da Prefeitura<\/p>\n<p>As alega\u00e7\u00f5es finais da Prefeitura foram recebidas pela Comiss\u00e3o Parlamentar de Inqu\u00e9rito (CPI) que apura ind\u00edcios de irregularidades no processo de licita\u00e7\u00e3o e contrata\u00e7\u00e3o relacionados \u00e0 aquisi\u00e7\u00e3o de kits de rob\u00f3tica, livros paradid\u00e1ticos e licen\u00e7as de tecnologia para a rede municipal de ensino na reuni\u00e3o desta sexta-feira, 15 de maio. O relator da CPI, vereador Estev\u00e3o Nogueira (Avante), ter\u00e1 15 dias para elaborar o relat\u00f3rio final, que ser\u00e1 apresentado aos membros na pr\u00f3xima reuni\u00e3o, no dia 9 de junho, \u00e0s 10h.<\/p>\n<p>A CPI foi instaurada por meio do Requerimento de CPI N\u00ba 2\/2025, de autoria do vereador Estev\u00e3o Nogueira (Avante). Fazem parte da Comiss\u00e3o, al\u00e9m dele, os vereadores Mariana Calsa (PSB), presidente; Felipe Penedo (PL), secret\u00e1rio; Jo\u00e3o Antunes Bano (Solidariedade) e Joyce Dias (PSD) membros.<\/p>\n<p>Durante os trabalhos os vereadores apuraram a poss\u00edvel exist\u00eancia de sobrepre\u00e7o, superfaturamento, direcionamento licitat\u00f3rio e inadequa\u00e7\u00e3o pedag\u00f3gica na aquisi\u00e7\u00e3o e contrata\u00e7\u00e3o dos kits de rob\u00f3tica, livros paradid\u00e1ticos e licen\u00e7as de tecnologia; identificaram e individualizaram as responsabilidades administrativas, pol\u00edticas e t\u00e9cnicas dos agentes p\u00fablicos e privados envolvidos no Processo Licitat\u00f3rio n\u00ba 39.101\/2022 e no Contrato n\u00ba 130\/2023; verificaram eventuais danos aos cofres p\u00fablicos e a poss\u00edvel ocorr\u00eancia de desvio de finalidade ou aus\u00eancia de destina\u00e7\u00e3o do objeto licitado;\u00a0 bem como examinaram a atua\u00e7\u00e3o da Prefeitura e dos \u00f3rg\u00e3os de controle interno na fiscaliza\u00e7\u00e3o e gest\u00e3o da execu\u00e7\u00e3o contratual.<\/p>\n<p>A reuni\u00e3o foi acompanhada pelo procurador Geral da C\u00e2mara, Valmir Aparecido Caetano, pela procuradora da C\u00e2mara, Andr\u00e9a Cristina Barbosa Bruno, e pelo representante da Prefeitura, o procurador Alexandre Aparecido Bosco. Os trabalhos foram transmitidos ao vivo e podem ser conferidos na \u00edntegra neste link, as delibera\u00e7\u00f5es foram registradas em ata.<\/p>\n<hr>\n<p><em>Fonte: <a href=\"https:\/\/www.limeira.sp.leg.br\/noticias\/view\/2026-05-15_cpi-que-investiga-indicios-de-irregularidades-na-aquisicao-de-kits-de-robotica-recebe-alegacoes-finais-da-prefeitura\" target=\"_blank\" rel=\"noopener\">C\u00e2mara Municipal de Limeira<\/a><\/em><\/p>\n","protected":false},"excerpt":{"rendered":"<p>CPI que investiga ind\u00edcios de irregularidades na aquisi\u00e7\u00e3o de kits de rob\u00f3tica recebe alega\u00e7\u00f5es finais da Prefeitura<\/p>\n<p>As alega\u00e7\u00f5es finais da Prefeitura foram recebidas pela Comiss\u00e3o Parlamentar de Inqu\u00e9rito (CPI) que apura ind\u00edcios de irregularidades no processo de licita\u00e7\u00e3o e contrata\u00e7\u00e3o relacionad<\/p>\n","protected":false},"author":4,"featured_media":65811,"comment_status":"","ping_status":"open","sticky":false,"template":"","format":"standard","meta":{"_jetpack_newsletter_access":"","_jetpack_dont_email_post_to_subs":false,"_jetpack_newsletter_tier_id":0,"_jetpack_memberships_contains_paywalled_content":false,"_mbp_banners":[],"_jetpack_feature_clip_id":0,"_jetpack_memberships_contains_paid_content":false,"footnotes":"","jetpack_publicize_message":"","jetpack_publicize_feature_enabled":true,"jetpack_social_post_already_shared":true,"jetpack_social_options":{"image_generator_settings":{"template":"highway","default_image_id":0,"font":"","enabled":false},"version":2},"jetpack_post_was_ever_published":false},"categories":[19],"tags":[],"class_list":["post-65812","post","type-post","status-publish","format-standard","has-post-thumbnail","category-politica"],"jetpack_publicize_connections":[],"jetpack-related-posts":[],"jetpack_shortlink":"https:\/\/wp.me\/p7Eq1F-h7u","jetpack_sharing_enabled":true,"jetpack_featured_media_url":"https:\/\/i0.wp.com\/guialimeira.com.br\/news\/wp-content\/uploads\/2026\/05\/noticia-camara-54.jpg?fit=1280%2C640&ssl=1","_links":{"self":[{"href":"https:\/\/guialimeira.com.br\/news\/wp-json\/wp\/v2\/posts\/65812","targetHints":{"allow":["GET"]}}],"collection":[{"href":"https:\/\/guialimeira.com.br\/news\/wp-json\/wp\/v2\/posts"}],"about":[{"href":"https:\/\/guialimeira.com.br\/news\/wp-json\/wp\/v2\/types\/post"}],"author":[{"embeddable":true,"href":"https:\/\/guialimeira.com.br\/news\/wp-json\/wp\/v2\/users\/4"}],"replies":[{"embeddable":true,"href":"https:\/\/guialimeira.com.br\/news\/wp-json\/wp\/v2\/comments?post=65812"}],"version-history":[{"count":0,"href":"https:\/\/guialimeira.com.br\/news\/wp-json\/wp\/v2\/posts\/65812\/revisions"}],"wp:featuredmedia":[{"embeddable":true,"href":"https:\/\/guialimeira.com.br\/news\/wp-json\/wp\/v2\/media\/65811"}],"wp:attachment":[{"href":"https:\/\/guialimeira.com.br\/news\/wp-json\/wp\/v2\/media?parent=65812"}],"wp:term":[{"taxonomy":"category","embeddable":true,"href":"https:\/\/guialimeira.com.br\/news\/wp-json\/wp\/v2\/categories?post=65812"},{"taxonomy":"post_tag","embeddable":true,"href":"https:\/\/guialimeira.com.br\/news\/wp-json\/wp\/v2\/tags?post=65812"}],"curies":[{"name":"wp","href":"https:\/\/api.w.org\/{rel}","templated":true}]}}