{"id":658,"date":"2024-04-01T16:42:45","date_gmt":"2024-04-01T19:42:45","guid":{"rendered":"https:\/\/guialimeira.com.br\/2024\/04\/01\/quase-90-dos-brasileiros-admitem-ter-acreditado-em-fake-news\/"},"modified":"2024-04-01T16:42:45","modified_gmt":"2024-04-01T19:42:45","slug":"quase-90-dos-brasileiros-admitem-ter-acreditado-em-fake-news","status":"publish","type":"post","link":"https:\/\/guialimeira.com.br\/news\/quase-90-dos-brasileiros-admitem-ter-acreditado-em-fake-news\/","title":{"rendered":"Quase 90% dos brasileiros admitem ter acreditado em fake news"},"content":{"rendered":"<p> <br \/>\n<\/p>\n<div>\n<p>Quase 90% da popula\u00e7\u00e3o brasileira admite\u00a0ter acreditado em conte\u00fados falsos. \u00c9 o que revela uma pesquisa do Instituto Locomotiva e obtida com exclusividade pela <strong>Ag\u00eancia Brasil<\/strong>. Segundo o levantamento, oito em cada dez brasileiros j\u00e1 deu credibilidade a <em>fake news<\/em>. Mesmo assim, 62% confiam na pr\u00f3pria capacidade de diferenciar informa\u00e7\u00f5es falsas e verdadeiras em um conte\u00fado.<img data-recalc-dims=\"1\" decoding=\"async\" src=\"https:\/\/i0.wp.com\/agenciabrasil.ebc.com.br\/ebc.png?w=696&#038;ssl=1\" style=\"width:1px; height:1px; display:inline;\"\/><img data-recalc-dims=\"1\" decoding=\"async\" src=\"https:\/\/i0.wp.com\/agenciabrasil.ebc.com.br\/ebc.gif?w=696&#038;ssl=1\" style=\"width:1px; height:1px; display:inline;\"\/><\/p>\n<p>Sobre o conte\u00fado das not\u00edcias falsas que acreditaram, 64% era sobre venda de produtos, 63% diziam respeito a propostas em campanhas eleitorais, 62% tratavam, de pol\u00edticas p\u00fablicas, como vacina\u00e7\u00e3o, e 62% falavam de esc\u00e2ndalos envolvendo pol\u00edticos. H\u00e1 ainda 57% que afirmaram que acreditaram em conte\u00fados mentirosos sobre economia e 51% em not\u00edcias falsas envolvendo seguran\u00e7a p\u00fablica e sistema penitenci\u00e1rio.<\/p>\n<p>O instituto ouviu 1.032 pessoas com 18 anos de idade ou mais entre os dias 15 e 20 de fevereiro. Na opini\u00e3o de 65% dos entrevistados, as not\u00edcias falsas s\u00e3o distribu\u00eddas com a ajuda de rob\u00f4s e intelig\u00eancia artificial. A cada dez pessoas, oito reconhecem que h\u00e1 grupos e pessoas pagas para produ\u00e7\u00e3o e dissemina\u00e7\u00e3o de not\u00edcias falsas.<\/p>\n<p>O maior risco da desinforma\u00e7\u00e3o para 26% da popula\u00e7\u00e3o \u00e9 a elei\u00e7\u00e3o de maus pol\u00edticos, enquanto 22% acreditam que o perigo maior e atingir a reputa\u00e7\u00e3o de algu\u00e9m e 16% avaliam como maior problema a possibilidade de causar medo na popula\u00e7\u00e3o em rela\u00e7\u00e3o a pr\u00f3pria seguran\u00e7a. H\u00e1 ainda 12% que veem como maior risco prejudicar os cuidados com a sa\u00fade.\u00a0<\/p>\n<h2>Ingenuidade e vergonha<\/h2>\n<p>Ser enganado por uma not\u00edcia falsa gera um sentimento de ingenuidade para 35% das pessoas, 31% ficam com raiva e 22% sentem vergonha.<\/p>\n<p>Um quarto da popula\u00e7\u00e3o (24%) afirma j\u00e1 ter sido acusado de espalhar informa\u00e7\u00f5es falsas por pessoas que t\u00eam uma vis\u00e3o de mundo diferente.<\/p>\n<p>O presidente do Instituto Locomotiva, Renato Meirelles, defende medidas educativas como forma de combater a dissemina\u00e7\u00e3o de conte\u00fados mentirosos. \u201cPara enfrentar essa quest\u00e3o, h\u00e1 um desafio para as institui\u00e7\u00f5es p\u00fablicas de formular estrat\u00e9gias que incluam a promo\u00e7\u00e3o da educa\u00e7\u00e3o midi\u00e1tica e a verifica\u00e7\u00e3o rigorosa das fontes de informa\u00e7\u00e3o, para fortalecer a comunica\u00e7\u00e3o do pa\u00eds e garantir que a popula\u00e7\u00e3o receba informa\u00e7\u00f5es precisas e confi\u00e1veis\u201d, afirma.<\/p>\n<\/p><\/div>\n<p><br \/>\n<br \/><a href=\"https:\/\/agenciabrasil.ebc.com.br\/geral\/noticia\/2024-04\/quase-90-dos-brasileiros-admitem-ter-acreditado-em-fake-news\" rel=\"noopener\">Ag\u00eancia Brasil<\/a><\/p>\n","protected":false},"excerpt":{"rendered":"<p>Quase 90% da popula\u00e7\u00e3o brasileira admite\u00a0ter acreditado em conte\u00fados falsos. \u00c9 o que revela uma pesquisa do Instituto Locomotiva e obtida com exclusividade pela Ag\u00eancia Brasil. Segundo o levantamento, oito em cada dez brasileiros j\u00e1 deu credibilidade a fake news. Mesmo assim, 62% confiam na pr\u00f3pria capacidade de diferenciar informa\u00e7\u00f5es falsas e verdadeiras em um [&hellip;]<\/p>\n","protected":false},"author":1,"featured_media":659,"comment_status":"open","ping_status":"open","sticky":false,"template":"","format":"standard","meta":{"_jetpack_newsletter_access":"","_jetpack_dont_email_post_to_subs":false,"_jetpack_newsletter_tier_id":0,"_jetpack_memberships_contains_paywalled_content":false,"_mbp_banners":[],"_jetpack_feature_clip_id":0,"_jetpack_memberships_contains_paid_content":false,"footnotes":"","jetpack_publicize_message":"","jetpack_publicize_feature_enabled":true,"jetpack_social_post_already_shared":true,"jetpack_social_options":{"image_generator_settings":{"template":"highway","default_image_id":0,"font":"","enabled":false},"version":2},"jetpack_post_was_ever_published":false},"categories":[1],"tags":[],"class_list":["post-658","post","type-post","status-publish","format-standard","has-post-thumbnail","category-geral"],"jetpack_publicize_connections":[],"jetpack-related-posts":[],"jetpack_shortlink":"https:\/\/wp.me\/p7Eq1F-aC","jetpack_sharing_enabled":true,"jetpack_featured_media_url":"https:\/\/i0.wp.com\/guialimeira.com.br\/news\/wp-content\/uploads\/2024\/04\/pixabay-_0.jpg?fit=1600%2C800&ssl=1","_links":{"self":[{"href":"https:\/\/guialimeira.com.br\/news\/wp-json\/wp\/v2\/posts\/658","targetHints":{"allow":["GET"]}}],"collection":[{"href":"https:\/\/guialimeira.com.br\/news\/wp-json\/wp\/v2\/posts"}],"about":[{"href":"https:\/\/guialimeira.com.br\/news\/wp-json\/wp\/v2\/types\/post"}],"author":[{"embeddable":true,"href":"https:\/\/guialimeira.com.br\/news\/wp-json\/wp\/v2\/users\/1"}],"replies":[{"embeddable":true,"href":"https:\/\/guialimeira.com.br\/news\/wp-json\/wp\/v2\/comments?post=658"}],"version-history":[{"count":0,"href":"https:\/\/guialimeira.com.br\/news\/wp-json\/wp\/v2\/posts\/658\/revisions"}],"wp:featuredmedia":[{"embeddable":true,"href":"https:\/\/guialimeira.com.br\/news\/wp-json\/wp\/v2\/media\/659"}],"wp:attachment":[{"href":"https:\/\/guialimeira.com.br\/news\/wp-json\/wp\/v2\/media?parent=658"}],"wp:term":[{"taxonomy":"category","embeddable":true,"href":"https:\/\/guialimeira.com.br\/news\/wp-json\/wp\/v2\/categories?post=658"},{"taxonomy":"post_tag","embeddable":true,"href":"https:\/\/guialimeira.com.br\/news\/wp-json\/wp\/v2\/tags?post=658"}],"curies":[{"name":"wp","href":"https:\/\/api.w.org\/{rel}","templated":true}]}}