{"id":6571,"date":"2024-05-27T17:15:47","date_gmt":"2024-05-27T20:15:47","guid":{"rendered":"https:\/\/guialimeira.com.br\/2024\/05\/27\/mes-do-meio-ambiente-2024-tera-conscientizacao-sobre-sustentabilidade\/"},"modified":"2024-05-27T17:15:47","modified_gmt":"2024-05-27T20:15:47","slug":"mes-do-meio-ambiente-2024-tera-conscientizacao-sobre-sustentabilidade","status":"publish","type":"post","link":"https:\/\/guialimeira.com.br\/news\/mes-do-meio-ambiente-2024-tera-conscientizacao-sobre-sustentabilidade\/","title":{"rendered":"M\u00eas do Meio Ambiente 2024 ter\u00e1 conscientiza\u00e7\u00e3o sobre sustentabilidade"},"content":{"rendered":"<p> <br \/>\n<\/p>\n<div>\n            <main class=\"\">&#13;<br \/>\n                &#13;<br \/>\n&#13;<br \/>\n&#13;<br \/>\n&#13;<br \/>\n    <img data-recalc-dims=\"1\" decoding=\"async\" src=\"https:\/\/i0.wp.com\/ecrie.com.br\/sistema\/conteudos\/imagem\/m_137_0_1_27052024170307.jpeg?w=696&#038;ssl=1\" alt=\"M\u00eas do Meio Ambiente 2024 ter\u00e1 conscientiza\u00e7\u00e3o sobre sustentabilidade\"\/>&#13;<br \/>\n&#13;<\/p>\n<p style=\"text-align: justify;\" align=\"justify\">A Prefeitura de Limeira inicia na pr\u00f3xima semana a programa\u00e7\u00e3o do M\u00eas do Meio Ambiente 2024, que vai conscientizar para quest\u00f5es ambientais como aquecimento global e preserva\u00e7\u00e3o da \u00e1gua e do solo. \u201cEsse tamb\u00e9m \u00e9 um m\u00eas dedicado \u00e0 import\u00e2ncia da arboriza\u00e7\u00e3o e da mitiga\u00e7\u00e3o dos efeitos das mudan\u00e7as clim\u00e1ticas\u201d, destaca o prefeito Mario Botion. A realiza\u00e7\u00e3o \u00e9 da Secretaria de Meio Ambiente e Agricultura.<\/p>\n<p>&#13;<\/p>\n<p style=\"text-align: justify;\" align=\"justify\">\u00a0<\/p>\n<p>&#13;<\/p>\n<p style=\"text-align: justify;\" align=\"justify\">\u201cNossa equipe t\u00e9cnica preparou diversas atividades e eventos ao longo do m\u00eas como palestras, atividades interativas, blitz orientativas, visitas monitoradas, trilhas ecol\u00f3gicas e doa\u00e7\u00f5es de mudas para a popula\u00e7\u00e3o urbana e rural\u201d, explica o respons\u00e1vel pela pasta, Reinaldo Buck Belussi. A programa\u00e7\u00e3o completa pode ser conferida no site da prefeitura (<a href=\"https:\/\/www.limeira.sp.gov.br\/mesdomeioambiente\" target=\"_blank\" rel=\"noopener\">limeira.sp.gov.br\/mesdomeioambiente<\/a>).<\/p>\n<p>&#13;<\/p>\n<p style=\"text-align: justify;\" align=\"justify\">Institu\u00eddo por legisla\u00e7\u00e3o municipal, o M\u00eas Municipal de Conscientiza\u00e7\u00e3o e Preserva\u00e7\u00e3o do Meio Ambiente faz parte do calend\u00e1rio oficial de eventos do munic\u00edpio. \u201cAo longo do m\u00eas de junho, crian\u00e7as, jovens e adultos poder\u00e3o aprender e desenvolver habilidades que conscientizem para a preserva\u00e7\u00e3o e conserva\u00e7\u00e3o do meio ambiente\u201d, ressalta a vice-prefeita Erika Tank.<\/p>\n<p>&#13;<br \/>\n&#13;<br \/>\n&#13;<br \/>\n&#13;<\/p>\n<aside class=\"list-related no-print\">&#13;<br \/>\n        &#13;<br \/>\n&#13;<\/p>\n<article class=\"list-item noticias \">&#13;<br \/>\n                    <a class=\"list-item__img\" href=\"https:\/\/limeira.sp.gov.br\/imprensa\/noticias\/meio-ambiente-e-agricultura\/bem-estar-animal-realiza-180-atendimentos-no-jd-do-lago-e-agora-vai-para-o-parque-cidade\" tabindex=\"-1\" aria-hidden=\"true\" rel=\"noopener\">&#13;<br \/>\n                        <img data-recalc-dims=\"1\" decoding=\"async\" src=\"https:\/\/i0.wp.com\/ecrie.com.br\/sistema\/conteudos\/imagem\/m_137_0_1_25082023143256.jpeg?w=696&#038;ssl=1\" alt=\"Bem-Estar Animal realiza 180 atendimentos no Jd. do Lago e agora vai para o Parque Cidade\"\/>&#13;<br \/>\n                    <\/a>&#13;<br \/>\n&#13;<br \/>\n                &#13;<br \/>\n            <\/article>\n<p>&#13;<\/p>\n<article class=\"list-item noticias \">&#13;<br \/>\n                    <a class=\"list-item__img\" href=\"https:\/\/limeira.sp.gov.br\/imprensa\/noticias\/meio-ambiente-e-agricultura\/confira-os-servicos-municipais-no-feriado-de-corpuschristi\" tabindex=\"-1\" aria-hidden=\"true\" rel=\"noopener\">&#13;<br \/>\n                        <img data-recalc-dims=\"1\" decoding=\"async\" src=\"https:\/\/i0.wp.com\/ecrie.com.br\/sistema\/conteudos\/imagem\/m_137_0_1_27052024143547.jpg?w=696&#038;ssl=1\" alt=\"Confira os servi\u00e7os municipais no feriado de Corpus\u00a0Christi\"\/>&#13;<br \/>\n                    <\/a>&#13;<br \/>\n&#13;<br \/>\n                &#13;<br \/>\n            <\/article>\n<p>&#13;<\/p>\n<article class=\"list-item noticias \">&#13;<br \/>\n                    <a class=\"list-item__img\" href=\"https:\/\/limeira.sp.gov.br\/imprensa\/noticias\/meio-ambiente-e-agricultura\/evento-de-adocao-e-neste-sabado-25-no-lar-temporario-de-animais\" tabindex=\"-1\" aria-hidden=\"true\" rel=\"noopener\">&#13;<br \/>\n                        <img data-recalc-dims=\"1\" decoding=\"async\" src=\"https:\/\/i0.wp.com\/ecrie.com.br\/sistema\/conteudos\/imagem\/m_137_0_1_22052024163533.jpg?w=696&#038;ssl=1\" alt=\"Evento de ado\u00e7\u00e3o \u00e9 neste s\u00e1bado (25) no Lar Tempor\u00e1rio de Animais\"\/>&#13;<br \/>\n                    <\/a>&#13;<br \/>\n&#13;<br \/>\n                &#13;<br \/>\n            <\/article>\n<p>&#13;<br \/>\n    <\/aside>\n<p>&#13;<br \/>\n&#13;<br \/>\n            <\/main><\/p><\/div>\n<p><br \/>\n<br \/><a href=\"https:\/\/limeira.sp.gov.br\/mes-do-meio-ambiente-2024-tera-conscientizacao-sobre-sustentabilidade\" rel=\"noopener\">Informa\u00e7\u00f5es da PML <\/a><\/p>\n","protected":false},"excerpt":{"rendered":"<p>&#13; &#13; &#13; &#13; &#13; &#13; &#13; A Prefeitura de Limeira inicia na pr\u00f3xima semana a programa\u00e7\u00e3o do M\u00eas do Meio Ambiente 2024, que vai conscientizar para quest\u00f5es ambientais como aquecimento global e preserva\u00e7\u00e3o da \u00e1gua e do solo. \u201cEsse tamb\u00e9m \u00e9 um m\u00eas dedicado \u00e0 import\u00e2ncia da arboriza\u00e7\u00e3o e da mitiga\u00e7\u00e3o dos efeitos das [&hellip;]<\/p>\n","protected":false},"author":1,"featured_media":6572,"comment_status":"open","ping_status":"open","sticky":false,"template":"","format":"standard","meta":{"_jetpack_newsletter_access":"","_jetpack_dont_email_post_to_subs":false,"_jetpack_newsletter_tier_id":0,"_jetpack_memberships_contains_paywalled_content":false,"_mbp_banners":[],"_jetpack_feature_clip_id":0,"_jetpack_memberships_contains_paid_content":false,"footnotes":"","jetpack_publicize_message":"","jetpack_publicize_feature_enabled":true,"jetpack_social_post_already_shared":true,"jetpack_social_options":{"image_generator_settings":{"template":"highway","default_image_id":0,"font":"","enabled":false},"version":2},"jetpack_post_was_ever_published":false},"categories":[16],"tags":[],"class_list":["post-6571","post","type-post","status-publish","format-standard","has-post-thumbnail","category-local"],"jetpack_publicize_connections":[],"jetpack-related-posts":[],"jetpack_shortlink":"https:\/\/wp.me\/p7Eq1F-1HZ","jetpack_sharing_enabled":true,"jetpack_featured_media_url":"https:\/\/i0.wp.com\/guialimeira.com.br\/news\/wp-content\/uploads\/2024\/05\/m_137_0_1_27052024170307.jpeg?fit=900%2C597&ssl=1","_links":{"self":[{"href":"https:\/\/guialimeira.com.br\/news\/wp-json\/wp\/v2\/posts\/6571","targetHints":{"allow":["GET"]}}],"collection":[{"href":"https:\/\/guialimeira.com.br\/news\/wp-json\/wp\/v2\/posts"}],"about":[{"href":"https:\/\/guialimeira.com.br\/news\/wp-json\/wp\/v2\/types\/post"}],"author":[{"embeddable":true,"href":"https:\/\/guialimeira.com.br\/news\/wp-json\/wp\/v2\/users\/1"}],"replies":[{"embeddable":true,"href":"https:\/\/guialimeira.com.br\/news\/wp-json\/wp\/v2\/comments?post=6571"}],"version-history":[{"count":0,"href":"https:\/\/guialimeira.com.br\/news\/wp-json\/wp\/v2\/posts\/6571\/revisions"}],"wp:featuredmedia":[{"embeddable":true,"href":"https:\/\/guialimeira.com.br\/news\/wp-json\/wp\/v2\/media\/6572"}],"wp:attachment":[{"href":"https:\/\/guialimeira.com.br\/news\/wp-json\/wp\/v2\/media?parent=6571"}],"wp:term":[{"taxonomy":"category","embeddable":true,"href":"https:\/\/guialimeira.com.br\/news\/wp-json\/wp\/v2\/categories?post=6571"},{"taxonomy":"post_tag","embeddable":true,"href":"https:\/\/guialimeira.com.br\/news\/wp-json\/wp\/v2\/tags?post=6571"}],"curies":[{"name":"wp","href":"https:\/\/api.w.org\/{rel}","templated":true}]}}