{"id":6563,"date":"2024-05-27T16:14:46","date_gmt":"2024-05-27T19:14:46","guid":{"rendered":"https:\/\/guialimeira.com.br\/2024\/05\/27\/confira-os-servicos-municipais-no-feriado-de-corpus-christi\/"},"modified":"2024-05-27T16:14:46","modified_gmt":"2024-05-27T19:14:46","slug":"confira-os-servicos-municipais-no-feriado-de-corpus-christi","status":"publish","type":"post","link":"https:\/\/guialimeira.com.br\/news\/confira-os-servicos-municipais-no-feriado-de-corpus-christi\/","title":{"rendered":"Confira os servi\u00e7os municipais no feriado de Corpus\u00a0Christi"},"content":{"rendered":"<p> <br \/>\n<\/p>\n<div>\n            <main class=\"\">&#13;<br \/>\n                &#13;<br \/>\n&#13;<br \/>\n&#13;<br \/>\n&#13;<br \/>\n    <img data-recalc-dims=\"1\" decoding=\"async\" src=\"https:\/\/i0.wp.com\/ecrie.com.br\/sistema\/conteudos\/imagem\/m_137_0_1_27052024143547.jpg?w=696&#038;ssl=1\" alt=\"Confira os servi\u00e7os municipais no feriado de Corpus\u00a0Christi\"\/>&#13;<br \/>\n&#13;<\/p>\n<p>A presta\u00e7\u00e3o de servi\u00e7os da Prefeitura de Limeira\u00a0ser\u00e1\u00a0alterada\u00a0nesta quinta-feira (30)\u00a0em raz\u00e3o do feriado de\u00a0Corpus\u00a0Christi, bem como na sexta-feira (31), devido ao ponto facultativo.\u00a0Coleta de lixo e servi\u00e7os essenciais, como UPA 24 Horas e Pronto Atendimentos,\u00a0funcionam normalmente.\u00a0Por outro lado, Pa\u00e7o Municipal e Ceprosom n\u00e3o ter\u00e3o atendimento. Confira, a seguir, o que abre e o que fecha nesses dois dias:<\/p>\n<p>&#13;<\/p>\n<p>\u00a0<\/p>\n<p>&#13;<\/p>\n<p><strong>Pa\u00e7o Municipal (Edif\u00edcio Prada)<\/strong><\/p>\n<p>&#13;<\/p>\n<p>Fechado.<\/p>\n<p>&#13;<\/p>\n<p><strong>N\u00facleo de Atendimento ao Cidad\u00e3o (NAC)<\/strong><\/p>\n<p>&#13;<\/p>\n<p>Fechado na quinta-feira. Na sexta, abre para atendimento nos Cart\u00f3rios Eleitorais, Zona 66 e Zona 399, das 11h \u00e0s 17h.<\/p>\n<p>&#13;<\/p>\n<p><strong>Ceprosom<\/strong><\/p>\n<p>&#13;<\/p>\n<p>Fechado.<\/p>\n<p>&#13;<\/p>\n<p><strong>Coleta de Lixo<\/strong><\/p>\n<p>&#13;<\/p>\n<p>Ser\u00e1 realizada normalmente.<\/p>\n<p>&#13;<\/p>\n<p><strong>Feiras Livres<\/strong><\/p>\n<p>&#13;<\/p>\n<p>Funcionam normalmente.<\/p>\n<p>&#13;<\/p>\n<p><strong>Bom Prato \/ Bom Prato M\u00f3vel<\/strong><\/p>\n<p>&#13;<\/p>\n<p>Na quinta, n\u00e3o atendem. Na sexta, a opera\u00e7\u00e3o \u00e9 normal. Atualmente, o Bom Prato M\u00f3vel est\u00e1 na Av. Marechal Floriano Peixoto, 152, no Jd. Bar\u00e3o de Limeira.<\/p>\n<p>&#13;<\/p>\n<p><strong>Escolas Municipais<\/strong><\/p>\n<p>&#13;<\/p>\n<p>Fechadas.<\/p>\n<p>&#13;<\/p>\n<p><strong>UPA 24 Horas Ab\u00edlio Pedro \/ Pronto Atendimentos<\/strong><\/p>\n<p>&#13;<\/p>\n<p>Abertos 24 horas.<\/p>\n<p>&#13;<\/p>\n<p><strong>Farm\u00e1cia Municipal<\/strong><\/p>\n<p>&#13;<\/p>\n<p>Na quinta, abre das 8h \u00e0s 18h. Na sexta, das 8h \u00e0s 22h.<\/p>\n<p>&#13;<\/p>\n<p><strong>Farm\u00e1cia de Alto Custo<\/strong><\/p>\n<p>&#13;<\/p>\n<p>Sem expediente.<\/p>\n<p>&#13;<\/p>\n<p><strong>Unidades B\u00e1sicas de Sa\u00fade (UBSs)<\/strong><\/p>\n<p>&#13;<\/p>\n<p>Fechadas.<\/p>\n<p>&#13;<\/p>\n<p><strong>Laborat\u00f3rio Municipal<\/strong><\/p>\n<p>&#13;<\/p>\n<p>Fechado.\u00a0<\/p>\n<p>&#13;<\/p>\n<p><strong>Policl\u00ednica<\/strong><\/p>\n<p>&#13;<\/p>\n<p>Fechada.<\/p>\n<p>&#13;<\/p>\n<p><strong>Caps \/ Casm \/ Cema \/ Centro de Sa\u00fade Bucal \/ Adom \/ Centro de Terapias Integradas<\/strong><\/p>\n<p>&#13;<\/p>\n<p>Fechados.<\/p>\n<p>&#13;<\/p>\n<p><strong>Ambulat\u00f3rio de Especialidades Dr. H\u00e9lio M\u00e1rcio Mamede \/ Rubi<\/strong><\/p>\n<p>&#13;<\/p>\n<p>Fechado.<\/p>\n<p>&#13;<\/p>\n<p><strong>Central de Ambul\u00e2ncias<\/strong><\/p>\n<p>&#13;<\/p>\n<p>Fechada para agendamentos.<\/p>\n<p>&#13;<\/p>\n<p><strong>Horto Florestal \/\/ Parque Cidade \/\/ Bosque Prefeita Maria Thereza<\/strong><\/p>\n<p>&#13;<\/p>\n<p>Abertos.<\/p>\n<p>&#13;<\/p>\n<p><strong>Biblioteca Municipal \/ Museu Major Jos\u00e9 Levy Sobrinho<\/strong><\/p>\n<p>&#13;<\/p>\n<p>Fechados.\u00a0<\/p>\n<p>&#13;<\/p>\n<p><strong>PAT \/ Procon \/ Banco do Povo<\/strong><\/p>\n<p>&#13;<\/p>\n<p>Fechados.<\/p>\n<p>&#13;<\/p>\n<p>\u00a0<\/p>\n<p>&#13;<\/p>\n<p>\u00a0<\/p>\n<p>&#13;<br \/>\n&#13;<br \/>\n&#13;<br \/>\n&#13;<\/p>\n<aside class=\"list-related no-print\">&#13;<br \/>\n        &#13;<br \/>\n&#13;<\/p>\n<article class=\"list-item noticias \">&#13;<br \/>\n                    <a class=\"list-item__img\" href=\"https:\/\/limeira.sp.gov.br\/imprensa\/noticias\/cultura\/espetaculo-sem-fim-acontece-nesta-quarta-29\" tabindex=\"-1\" aria-hidden=\"true\" rel=\"noopener\">&#13;<br \/>\n                        <img data-recalc-dims=\"1\" decoding=\"async\" src=\"https:\/\/i0.wp.com\/ecrie.com.br\/sistema\/conteudos\/imagem\/m_137_0_1_27052024144357.jpeg?w=696&#038;ssl=1\" alt=\"Espet\u00e1culo \u201cSem Fim\u201d acontece nesta quarta (29)\"\/>&#13;<br \/>\n                    <\/a>&#13;<br \/>\n&#13;<br \/>\n                &#13;<br \/>\n            <\/article>\n<p>&#13;<\/p>\n<article class=\"list-item noticias \">&#13;<br \/>\n                    <a class=\"list-item__img\" href=\"https:\/\/limeira.sp.gov.br\/imprensa\/noticias\/cultura\/oficina-gratuita-de-roteiro-discute-sobre-violencia-psicologica-nesta-terca-28\" tabindex=\"-1\" aria-hidden=\"true\" rel=\"noopener\">&#13;<br \/>\n                        <img data-recalc-dims=\"1\" decoding=\"async\" src=\"https:\/\/i0.wp.com\/ecrie.com.br\/sistema\/conteudos\/imagem\/m_137_0_1_27052024142937.jpeg?w=696&#038;ssl=1\" alt=\"Oficina gratuita de roteiro discute sobre viol\u00eancia psicol\u00f3gica nesta ter\u00e7a (28)\"\/>&#13;<br \/>\n                    <\/a>&#13;<br \/>\n&#13;<br \/>\n                &#13;<br \/>\n            <\/article>\n<p>&#13;<\/p>\n<article class=\"list-item noticias \">&#13;<br \/>\n                    <a class=\"list-item__img\" href=\"https:\/\/limeira.sp.gov.br\/imprensa\/noticias\/cultura\/programacao-da-semana-traz-oficinas-espetaculos-danca-e-musica\" tabindex=\"-1\" aria-hidden=\"true\" rel=\"noopener\">&#13;<br \/>\n                        <img data-recalc-dims=\"1\" decoding=\"async\" src=\"https:\/\/i0.wp.com\/ecrie.com.br\/sistema\/conteudos\/imagem\/m_137_0_1_30042024143313.jpg?w=696&#038;ssl=1\" alt=\"Programa\u00e7\u00e3o da semana traz oficinas, espet\u00e1culos, dan\u00e7a e m\u00fasica\"\/>&#13;<br \/>\n                    <\/a>&#13;<br \/>\n&#13;<br \/>\n                &#13;<br \/>\n            <\/article>\n<p>&#13;<br \/>\n    <\/aside>\n<p>&#13;<br \/>\n&#13;<br \/>\n            <\/main><\/p><\/div>\n<p><br \/>\n<br \/><a href=\"https:\/\/limeira.sp.gov.br\/confira-os-servicos-municipais-no-feriado-de-corpuschristi\" rel=\"noopener\">Informa\u00e7\u00f5es da PML <\/a><\/p>\n","protected":false},"excerpt":{"rendered":"<p>&#13; &#13; &#13; &#13; &#13; &#13; &#13; A presta\u00e7\u00e3o de servi\u00e7os da Prefeitura de Limeira\u00a0ser\u00e1\u00a0alterada\u00a0nesta quinta-feira (30)\u00a0em raz\u00e3o do feriado de\u00a0Corpus\u00a0Christi, bem como na sexta-feira (31), devido ao ponto facultativo.\u00a0Coleta de lixo e servi\u00e7os essenciais, como UPA 24 Horas e Pronto Atendimentos,\u00a0funcionam normalmente.\u00a0Por outro lado, Pa\u00e7o Municipal e Ceprosom n\u00e3o ter\u00e3o atendimento. Confira, a seguir, [&hellip;]<\/p>\n","protected":false},"author":1,"featured_media":6564,"comment_status":"open","ping_status":"open","sticky":false,"template":"","format":"standard","meta":{"_jetpack_newsletter_access":"","_jetpack_dont_email_post_to_subs":false,"_jetpack_newsletter_tier_id":0,"_jetpack_memberships_contains_paywalled_content":false,"_mbp_banners":[],"_jetpack_feature_clip_id":0,"_jetpack_memberships_contains_paid_content":false,"footnotes":"","jetpack_publicize_message":"","jetpack_publicize_feature_enabled":true,"jetpack_social_post_already_shared":true,"jetpack_social_options":{"image_generator_settings":{"template":"highway","default_image_id":0,"font":"","enabled":false},"version":2},"jetpack_post_was_ever_published":false},"categories":[16],"tags":[],"class_list":["post-6563","post","type-post","status-publish","format-standard","has-post-thumbnail","category-local"],"jetpack_publicize_connections":[],"jetpack-related-posts":[],"jetpack_shortlink":"https:\/\/wp.me\/p7Eq1F-1HR","jetpack_sharing_enabled":true,"jetpack_featured_media_url":"https:\/\/i0.wp.com\/guialimeira.com.br\/news\/wp-content\/uploads\/2024\/05\/m_137_0_1_27052024143547.jpg?fit=900%2C506&ssl=1","_links":{"self":[{"href":"https:\/\/guialimeira.com.br\/news\/wp-json\/wp\/v2\/posts\/6563","targetHints":{"allow":["GET"]}}],"collection":[{"href":"https:\/\/guialimeira.com.br\/news\/wp-json\/wp\/v2\/posts"}],"about":[{"href":"https:\/\/guialimeira.com.br\/news\/wp-json\/wp\/v2\/types\/post"}],"author":[{"embeddable":true,"href":"https:\/\/guialimeira.com.br\/news\/wp-json\/wp\/v2\/users\/1"}],"replies":[{"embeddable":true,"href":"https:\/\/guialimeira.com.br\/news\/wp-json\/wp\/v2\/comments?post=6563"}],"version-history":[{"count":0,"href":"https:\/\/guialimeira.com.br\/news\/wp-json\/wp\/v2\/posts\/6563\/revisions"}],"wp:featuredmedia":[{"embeddable":true,"href":"https:\/\/guialimeira.com.br\/news\/wp-json\/wp\/v2\/media\/6564"}],"wp:attachment":[{"href":"https:\/\/guialimeira.com.br\/news\/wp-json\/wp\/v2\/media?parent=6563"}],"wp:term":[{"taxonomy":"category","embeddable":true,"href":"https:\/\/guialimeira.com.br\/news\/wp-json\/wp\/v2\/categories?post=6563"},{"taxonomy":"post_tag","embeddable":true,"href":"https:\/\/guialimeira.com.br\/news\/wp-json\/wp\/v2\/tags?post=6563"}],"curies":[{"name":"wp","href":"https:\/\/api.w.org\/{rel}","templated":true}]}}