{"id":65584,"date":"2026-05-14T13:53:12","date_gmt":"2026-05-14T16:53:12","guid":{"rendered":"https:\/\/guialimeira.com.br\/?p=65584"},"modified":"2026-05-14T13:53:12","modified_gmt":"2026-05-14T16:53:12","slug":"confira-as-vagas-disponiveis-no-pat-limeira-225","status":"publish","type":"post","link":"https:\/\/guialimeira.com.br\/news\/confira-as-vagas-disponiveis-no-pat-limeira-225\/","title":{"rendered":"Confira as vagas dispon\u00edveis no PAT Limeira"},"content":{"rendered":"<p><br \/>\nAcabamos de lan\u00e7ar a primeira fase da Qualifica\u00e7\u00e3o Empreendedora, em parceria com a Funda\u00e7\u00e3o Dom Cabral \ud83d\ude80 Nessa primeira fase ser\u00e3o 500 vagas e, ao longo de 2026, 2.000 vagas totais. <\/p>\n<p>At\u00e9 dia 28\/05 as inscri\u00e7\u00f5es est\u00e3o abertas: https:\/\/www.qualificasp.sp.gov.br\/<br \/><a href=\"https:\/\/i0.wp.com\/guialimeira.com.br\/wp-content\/uploads\/2026\/05\/1778777589_169_Confira-as-vagas-disponiveis-no-PAT-Limeira.jpg?ssl=1\"><img data-recalc-dims=\"1\" decoding=\"async\" class=\"wp_automatic_fb_img\" title=\"\" src=\"https:\/\/i0.wp.com\/guialimeira.com.br\/wp-content\/uploads\/2026\/05\/1778777589_169_Confira-as-vagas-disponiveis-no-PAT-Limeira.jpg?w=696&#038;ssl=1\" \/><\/a><br \/>\n<br \/>\n<br \/><a href=\"\/\/www.fernandopaiva.net\/category\/empregos\/\">Empregos<\/a>  <\/p>\n","protected":false},"excerpt":{"rendered":"<p>Acabamos de lan\u00e7ar a primeira fase da Qualifica\u00e7\u00e3o Empreendedora, em parceria com a Funda\u00e7\u00e3o Dom Cabral \ud83d\ude80 Nessa primeira fase ser\u00e3o 500 vagas e, ao longo de 2026, 2.000 vagas totais. At\u00e9 dia 28\/05 as inscri\u00e7\u00f5es est\u00e3o abertas: https:\/\/www.qualificasp.sp.gov.br\/ Empregos<\/p>\n","protected":false},"author":1,"featured_media":65585,"comment_status":"closed","ping_status":"open","sticky":false,"template":"","format":"standard","meta":{"_jetpack_newsletter_access":"","_jetpack_dont_email_post_to_subs":false,"_jetpack_newsletter_tier_id":0,"_jetpack_memberships_contains_paywalled_content":false,"_mbp_banners":[],"_jetpack_feature_clip_id":0,"_jetpack_memberships_contains_paid_content":false,"footnotes":"","jetpack_publicize_message":"","jetpack_publicize_feature_enabled":true,"jetpack_social_post_already_shared":true,"jetpack_social_options":{"image_generator_settings":{"template":"highway","default_image_id":0,"font":"","enabled":false},"version":2},"jetpack_post_was_ever_published":false},"categories":[17],"tags":[],"class_list":["post-65584","post","type-post","status-publish","format-standard","has-post-thumbnail","category-empregos"],"jetpack_publicize_connections":[],"jetpack-related-posts":[],"jetpack_shortlink":"https:\/\/wp.me\/p7Eq1F-h3O","jetpack_sharing_enabled":true,"jetpack_featured_media_url":"https:\/\/i0.wp.com\/guialimeira.com.br\/news\/wp-content\/uploads\/2026\/05\/1778777590_Confira-as-vagas-disponiveis-no-PAT-Limeira.jpg?fit=1080%2C1440&ssl=1","_links":{"self":[{"href":"https:\/\/guialimeira.com.br\/news\/wp-json\/wp\/v2\/posts\/65584","targetHints":{"allow":["GET"]}}],"collection":[{"href":"https:\/\/guialimeira.com.br\/news\/wp-json\/wp\/v2\/posts"}],"about":[{"href":"https:\/\/guialimeira.com.br\/news\/wp-json\/wp\/v2\/types\/post"}],"author":[{"embeddable":true,"href":"https:\/\/guialimeira.com.br\/news\/wp-json\/wp\/v2\/users\/1"}],"replies":[{"embeddable":true,"href":"https:\/\/guialimeira.com.br\/news\/wp-json\/wp\/v2\/comments?post=65584"}],"version-history":[{"count":1,"href":"https:\/\/guialimeira.com.br\/news\/wp-json\/wp\/v2\/posts\/65584\/revisions"}],"predecessor-version":[{"id":65586,"href":"https:\/\/guialimeira.com.br\/news\/wp-json\/wp\/v2\/posts\/65584\/revisions\/65586"}],"wp:featuredmedia":[{"embeddable":true,"href":"https:\/\/guialimeira.com.br\/news\/wp-json\/wp\/v2\/media\/65585"}],"wp:attachment":[{"href":"https:\/\/guialimeira.com.br\/news\/wp-json\/wp\/v2\/media?parent=65584"}],"wp:term":[{"taxonomy":"category","embeddable":true,"href":"https:\/\/guialimeira.com.br\/news\/wp-json\/wp\/v2\/categories?post=65584"},{"taxonomy":"post_tag","embeddable":true,"href":"https:\/\/guialimeira.com.br\/news\/wp-json\/wp\/v2\/tags?post=65584"}],"curies":[{"name":"wp","href":"https:\/\/api.w.org\/{rel}","templated":true}]}}