{"id":6557,"date":"2024-05-27T15:13:48","date_gmt":"2024-05-27T18:13:48","guid":{"rendered":"https:\/\/guialimeira.com.br\/2024\/05\/27\/espetaculo-sem-fim-acontece-nesta-quarta-29\/"},"modified":"2024-05-27T15:13:48","modified_gmt":"2024-05-27T18:13:48","slug":"espetaculo-sem-fim-acontece-nesta-quarta-29","status":"publish","type":"post","link":"https:\/\/guialimeira.com.br\/news\/espetaculo-sem-fim-acontece-nesta-quarta-29\/","title":{"rendered":"Espet\u00e1culo \u201cSem Fim\u201d acontece nesta quarta (29)"},"content":{"rendered":"<p> <br \/>\n<\/p>\n<div>\n            <main class=\"\">&#13;<br \/>\n                &#13;<br \/>\n&#13;<br \/>\n&#13;<br \/>\n&#13;<br \/>\n    <img data-recalc-dims=\"1\" decoding=\"async\" src=\"https:\/\/i0.wp.com\/ecrie.com.br\/sistema\/conteudos\/imagem\/m_137_0_1_27052024144357.jpeg?w=696&#038;ssl=1\" alt=\"Espet\u00e1culo \u201cSem Fim\u201d acontece nesta quarta (29)\"\/>&#13;<br \/>\n&#13;<\/p>\n<p dir=\"ltr\" style=\"text-align: justify;\">Nesta quarta-feira (29), acontece o espet\u00e1culo dan\u00e7ante \u201cSem Fim\u201d, no Teatro Vit\u00f3ria Emiliano Bernardo da Silva, \u00e0s 14h. A entrada \u00e9 gratuita. A realiza\u00e7\u00e3o \u00e9 da Confraria da Dan\u00e7a, com o apoio da Prefeitura de Limeira, por meio da Secretaria de Cultura.<\/p>\n<p>&#13;<\/p>\n<p dir=\"ltr\" style=\"text-align: justify;\">O questionamento da frase \u201cpenso, logo existo\u201d \u00e9 o mote inicial do espet\u00e1culo. A trilha musical mescla os g\u00eaneros erudito e antigo, acrescentando &#8220;pitadas\u201d de m\u00fasica progressista, utilizando trompa, percuss\u00e3o, piano, viola, violino, contrabaixo e efeitos de sintetizadores. Unindo dan\u00e7a e teatro, o p\u00fablico recebe bel\u00edssimas coreografias e textos maravilhosos.<\/p>\n<p>&#13;<\/p>\n<div class=\"yj6qo ajU\" style=\"text-align: justify;\">\n<div id=\":qq\" class=\"ajR\" tabindex=\"0\" role=\"button\" aria-label=\"Ocultar conte\u00fado expandido\" aria-expanded=\"true\" data-tooltip=\"Ocultar conte\u00fado expandido\"><img data-recalc-dims=\"1\" decoding=\"async\" class=\"ajT\" src=\"https:\/\/i0.wp.com\/ssl.gstatic.com\/ui\/v1\/icons\/mail\/images\/cleardot.gif?w=696&#038;ssl=1\"\/><span style=\"font-size: 1em;\">O Teatro Vit\u00f3ria fica na Pra\u00e7a Toledo de Barros, s\/n &#8211; Centro.<\/span><\/div>\n<\/div>\n<p>&#13;<br \/>\n&#13;<br \/>\n&#13;<br \/>\n&#13;<\/p>\n<aside class=\"list-related no-print\">&#13;<br \/>\n        &#13;<br \/>\n&#13;<\/p>\n<article class=\"list-item noticias \">&#13;<br \/>\n                    <a class=\"list-item__img\" href=\"https:\/\/limeira.sp.gov.br\/imprensa\/noticias\/cultura\/oficina-gratuita-de-roteiro-discute-sobre-violencia-psicologica-nesta-terca-28\" tabindex=\"-1\" aria-hidden=\"true\" rel=\"noopener\">&#13;<br \/>\n                        <img data-recalc-dims=\"1\" decoding=\"async\" src=\"https:\/\/i0.wp.com\/ecrie.com.br\/sistema\/conteudos\/imagem\/m_137_0_1_27052024142937.jpeg?w=696&#038;ssl=1\" alt=\"Oficina gratuita de roteiro discute sobre viol\u00eancia psicol\u00f3gica nesta ter\u00e7a (28)\"\/>&#13;<br \/>\n                    <\/a>&#13;<br \/>\n&#13;<br \/>\n                &#13;<br \/>\n            <\/article>\n<p>&#13;<\/p>\n<article class=\"list-item noticias \">&#13;<br \/>\n                    <a class=\"list-item__img\" href=\"https:\/\/limeira.sp.gov.br\/imprensa\/noticias\/cultura\/confira-os-servicos-municipais-no-feriado-de-corpuschristi\" tabindex=\"-1\" aria-hidden=\"true\" rel=\"noopener\">&#13;<br \/>\n                        <img data-recalc-dims=\"1\" decoding=\"async\" src=\"https:\/\/i0.wp.com\/ecrie.com.br\/sistema\/conteudos\/imagem\/m_137_0_1_27052024143547.jpg?w=696&#038;ssl=1\" alt=\"Confira os servi\u00e7os municipais no feriado de Corpus\u00a0Christi\"\/>&#13;<br \/>\n                    <\/a>&#13;<br \/>\n&#13;<br \/>\n                &#13;<br \/>\n            <\/article>\n<p>&#13;<\/p>\n<article class=\"list-item noticias \">&#13;<br \/>\n                    <a class=\"list-item__img\" href=\"https:\/\/limeira.sp.gov.br\/imprensa\/noticias\/cultura\/programacao-da-semana-traz-oficinas-espetaculos-danca-e-musica\" tabindex=\"-1\" aria-hidden=\"true\" rel=\"noopener\">&#13;<br \/>\n                        <img data-recalc-dims=\"1\" decoding=\"async\" src=\"https:\/\/i0.wp.com\/ecrie.com.br\/sistema\/conteudos\/imagem\/m_137_0_1_30042024143313.jpg?w=696&#038;ssl=1\" alt=\"Programa\u00e7\u00e3o da semana traz oficinas, espet\u00e1culos, dan\u00e7a e m\u00fasica\"\/>&#13;<br \/>\n                    <\/a>&#13;<br \/>\n&#13;<br \/>\n                &#13;<br \/>\n            <\/article>\n<p>&#13;<br \/>\n    <\/aside>\n<p>&#13;<br \/>\n&#13;<br \/>\n            <\/main><\/p><\/div>\n<p><br \/>\n<br \/><a href=\"https:\/\/limeira.sp.gov.br\/espetaculo-sem-fim-acontece-nesta-quarta-29\" rel=\"noopener\">Informa\u00e7\u00f5es da PML <\/a><\/p>\n","protected":false},"excerpt":{"rendered":"<p>&#13; &#13; &#13; &#13; &#13; &#13; &#13; Nesta quarta-feira (29), acontece o espet\u00e1culo dan\u00e7ante \u201cSem Fim\u201d, no Teatro Vit\u00f3ria Emiliano Bernardo da Silva, \u00e0s 14h. A entrada \u00e9 gratuita. A realiza\u00e7\u00e3o \u00e9 da Confraria da Dan\u00e7a, com o apoio da Prefeitura de Limeira, por meio da Secretaria de Cultura. &#13; O questionamento da frase \u201cpenso, [&hellip;]<\/p>\n","protected":false},"author":1,"featured_media":6558,"comment_status":"open","ping_status":"open","sticky":false,"template":"","format":"standard","meta":{"_jetpack_newsletter_access":"","_jetpack_dont_email_post_to_subs":false,"_jetpack_newsletter_tier_id":0,"_jetpack_memberships_contains_paywalled_content":false,"_mbp_banners":[],"_jetpack_feature_clip_id":0,"_jetpack_memberships_contains_paid_content":false,"footnotes":"","jetpack_publicize_message":"","jetpack_publicize_feature_enabled":true,"jetpack_social_post_already_shared":true,"jetpack_social_options":{"image_generator_settings":{"template":"highway","default_image_id":0,"font":"","enabled":false},"version":2},"jetpack_post_was_ever_published":false},"categories":[16],"tags":[],"class_list":["post-6557","post","type-post","status-publish","format-standard","has-post-thumbnail","category-local"],"jetpack_publicize_connections":[],"jetpack-related-posts":[],"jetpack_shortlink":"https:\/\/wp.me\/p7Eq1F-1HL","jetpack_sharing_enabled":true,"jetpack_featured_media_url":"https:\/\/i0.wp.com\/guialimeira.com.br\/news\/wp-content\/uploads\/2024\/05\/m_137_0_1_27052024144357.jpeg?fit=900%2C900&ssl=1","_links":{"self":[{"href":"https:\/\/guialimeira.com.br\/news\/wp-json\/wp\/v2\/posts\/6557","targetHints":{"allow":["GET"]}}],"collection":[{"href":"https:\/\/guialimeira.com.br\/news\/wp-json\/wp\/v2\/posts"}],"about":[{"href":"https:\/\/guialimeira.com.br\/news\/wp-json\/wp\/v2\/types\/post"}],"author":[{"embeddable":true,"href":"https:\/\/guialimeira.com.br\/news\/wp-json\/wp\/v2\/users\/1"}],"replies":[{"embeddable":true,"href":"https:\/\/guialimeira.com.br\/news\/wp-json\/wp\/v2\/comments?post=6557"}],"version-history":[{"count":0,"href":"https:\/\/guialimeira.com.br\/news\/wp-json\/wp\/v2\/posts\/6557\/revisions"}],"wp:featuredmedia":[{"embeddable":true,"href":"https:\/\/guialimeira.com.br\/news\/wp-json\/wp\/v2\/media\/6558"}],"wp:attachment":[{"href":"https:\/\/guialimeira.com.br\/news\/wp-json\/wp\/v2\/media?parent=6557"}],"wp:term":[{"taxonomy":"category","embeddable":true,"href":"https:\/\/guialimeira.com.br\/news\/wp-json\/wp\/v2\/categories?post=6557"},{"taxonomy":"post_tag","embeddable":true,"href":"https:\/\/guialimeira.com.br\/news\/wp-json\/wp\/v2\/tags?post=6557"}],"curies":[{"name":"wp","href":"https:\/\/api.w.org\/{rel}","templated":true}]}}