{"id":65551,"date":"2026-05-14T10:00:48","date_gmt":"2026-05-14T13:00:48","guid":{"rendered":"https:\/\/guialimeira.com.br\/costa-junior-pede-melhorias-no-ginasio-de-esportes-santo-andre\/"},"modified":"2026-05-14T10:00:48","modified_gmt":"2026-05-14T13:00:48","slug":"costa-junior-pede-melhorias-no-ginasio-de-esportes-santo-andre","status":"publish","type":"post","link":"https:\/\/guialimeira.com.br\/news\/costa-junior-pede-melhorias-no-ginasio-de-esportes-santo-andre\/","title":{"rendered":"Costa Junior pede melhorias no Gin\u00e1sio de Esportes Santo Andr\u00e9"},"content":{"rendered":"<p>Costa Junior pede melhorias no Gin\u00e1sio de Esportes Santo Andr\u00e9<\/p>\n<p>O vereador Costa J\u00fanior (Podemos) protocolou nesta quinta-feira, 14 de maio, a Indica\u00e7\u00e3o N\u00ba 2116\/2026, que solicita \u00e0 Prefeitura Municipal a realiza\u00e7\u00e3o de adequa\u00e7\u00f5es de acessibilidade e melhorias estruturais no Gin\u00e1sio de Esportes Santo Andr\u00e9. A proposta foca na moderniza\u00e7\u00e3o e seguran\u00e7a do espa\u00e7o para garantir que toda a popula\u00e7\u00e3o de Limeira possa usufruir do local com dignidade e conforto.<\/p>\n<p>De acordo com o autor da indica\u00e7\u00e3o as principais solicita\u00e7\u00f5es s\u00e3o: a adequa\u00e7\u00e3o do acesso na \u00e1rea dos fundos e melhorias no acesso ao palco para pessoas com defici\u00eancia ou mobilidade reduzida; a constru\u00e7\u00e3o de uma rampa de sa\u00edda para otimizar a circula\u00e7\u00e3o e atender \u00e0s normas vigentes de seguran\u00e7a; e a instala\u00e7\u00e3o de tabela suspensa para a pr\u00e1tica de basquete, ampliando a estrutura para treinamentos, competi\u00e7\u00f5es e projetos sociais voltados \u00e0 comunidade.<\/p>\n<p>&#8220;O objetivo \u00e9 transformar o Gin\u00e1sio Santo Andr\u00e9 em um espa\u00e7o verdadeiramente inclusivo, onde a acessibilidade e a seguran\u00e7a caminhem juntas com o incentivo ao esporte&#8221;, destacou o parlamentar.<\/p>\n<p>Costa J\u00fanior salienta que as melhorias solicitadas visam beneficiar diretamente atletas, alunos e frequentadores, refor\u00e7ando o papel do esporte como ferramenta de integra\u00e7\u00e3o social no Munic\u00edpio.<\/p>\n<p>Do Gabinete Parlamentar \u2013 Vereador Costa Junior (Podemos)<\/p>\n<p>*Fotos do Gabinete parlamentar<\/p>\n<p>As mat\u00e9rias de origem dos Gabinetes Parlamentares s\u00e3o de inteira\u00a0 responsabilidade dos parlamentares e de suas assessorias. S\u00e3o devidamente assinadas e n\u00e3o refletem, necessariamente, a opini\u00e3o institucional da C\u00e2mara Municipal de Limeira<\/p>\n<hr>\n<p><em>Fonte: <a href=\"https:\/\/www.limeira.sp.leg.br\/noticias\/view\/2026-05-14_costa-junior-pede-melhorias-no-ginasio-de-esportes-santo-andre\" target=\"_blank\" rel=\"noopener\">C\u00e2mara Municipal de Limeira<\/a><\/em><\/p>\n","protected":false},"excerpt":{"rendered":"<p>Costa Junior pede melhorias no Gin\u00e1sio de Esportes Santo Andr\u00e9<\/p>\n<p>O vereador Costa J\u00fanior (Podemos) protocolou nesta quinta-feira, 14 de maio, a Indica\u00e7\u00e3o N\u00ba 2116\/2026, que solicita \u00e0 Prefeitura Municipal a realiza\u00e7\u00e3o de adequa\u00e7\u00f5es de acessibilidade e melhorias estruturais no Gin\u00e1sio de Esportes Santo<\/p>\n","protected":false},"author":4,"featured_media":65550,"comment_status":"","ping_status":"open","sticky":false,"template":"","format":"standard","meta":{"_jetpack_newsletter_access":"","_jetpack_dont_email_post_to_subs":false,"_jetpack_newsletter_tier_id":0,"_jetpack_memberships_contains_paywalled_content":false,"_mbp_banners":[],"_jetpack_feature_clip_id":0,"_jetpack_memberships_contains_paid_content":false,"footnotes":"","jetpack_publicize_message":"","jetpack_publicize_feature_enabled":true,"jetpack_social_post_already_shared":true,"jetpack_social_options":{"image_generator_settings":{"template":"highway","default_image_id":0,"font":"","enabled":false},"version":2},"jetpack_post_was_ever_published":false},"categories":[19],"tags":[],"class_list":["post-65551","post","type-post","status-publish","format-standard","has-post-thumbnail","category-politica"],"jetpack_publicize_connections":[],"jetpack-related-posts":[],"jetpack_shortlink":"https:\/\/wp.me\/p7Eq1F-h3h","jetpack_sharing_enabled":true,"jetpack_featured_media_url":"https:\/\/i0.wp.com\/guialimeira.com.br\/news\/wp-content\/uploads\/2026\/05\/noticia-camara-53.jpg?fit=1280%2C640&ssl=1","_links":{"self":[{"href":"https:\/\/guialimeira.com.br\/news\/wp-json\/wp\/v2\/posts\/65551","targetHints":{"allow":["GET"]}}],"collection":[{"href":"https:\/\/guialimeira.com.br\/news\/wp-json\/wp\/v2\/posts"}],"about":[{"href":"https:\/\/guialimeira.com.br\/news\/wp-json\/wp\/v2\/types\/post"}],"author":[{"embeddable":true,"href":"https:\/\/guialimeira.com.br\/news\/wp-json\/wp\/v2\/users\/4"}],"replies":[{"embeddable":true,"href":"https:\/\/guialimeira.com.br\/news\/wp-json\/wp\/v2\/comments?post=65551"}],"version-history":[{"count":0,"href":"https:\/\/guialimeira.com.br\/news\/wp-json\/wp\/v2\/posts\/65551\/revisions"}],"wp:featuredmedia":[{"embeddable":true,"href":"https:\/\/guialimeira.com.br\/news\/wp-json\/wp\/v2\/media\/65550"}],"wp:attachment":[{"href":"https:\/\/guialimeira.com.br\/news\/wp-json\/wp\/v2\/media?parent=65551"}],"wp:term":[{"taxonomy":"category","embeddable":true,"href":"https:\/\/guialimeira.com.br\/news\/wp-json\/wp\/v2\/categories?post=65551"},{"taxonomy":"post_tag","embeddable":true,"href":"https:\/\/guialimeira.com.br\/news\/wp-json\/wp\/v2\/tags?post=65551"}],"curies":[{"name":"wp","href":"https:\/\/api.w.org\/{rel}","templated":true}]}}