{"id":65548,"date":"2026-05-14T09:56:36","date_gmt":"2026-05-14T12:56:36","guid":{"rendered":"https:\/\/guialimeira.com.br\/?p=65548"},"modified":"2026-05-14T09:56:36","modified_gmt":"2026-05-14T12:56:36","slug":"marcio-michelasi-articula-forca-tarefa-nacional-em-defesa-da-uniao-entre-estetica-e-beleza-no-brasil","status":"publish","type":"post","link":"https:\/\/guialimeira.com.br\/news\/marcio-michelasi-articula-forca-tarefa-nacional-em-defesa-da-uniao-entre-estetica-e-beleza-no-brasil\/","title":{"rendered":"M\u00e1rcio Michelasi articula for\u00e7a-tarefa nacional em defesa da uni\u00e3o entre est\u00e9tica e beleza no Brasil"},"content":{"rendered":"\n<p class=\"wp-block-paragraph\">O presidente do Sindicato Nacional Pr\u00f3-Beleza, M\u00e1rcio Michelasi, comandou uma reuni\u00e3o estrat\u00e9gica com representantes de entidades e lideran\u00e7as do setor da beleza e est\u00e9tica para discutir os poss\u00edveis impactos provocados por movimentos que defendem a separa\u00e7\u00e3o formal entre as \u00e1reas no Brasil.<\/p>\n\n\n\n<p class=\"wp-block-paragraph\">O encontro contou com a participa\u00e7\u00e3o de membros dos Conselhos Pr\u00f3-Beleza, representantes patronais e integrantes da ABSB (Associa\u00e7\u00e3o Brasileira do Setor da Beleza), que demonstraram preocupa\u00e7\u00e3o com poss\u00edveis altera\u00e7\u00f5es regulat\u00f3rias capazes de atingir diretamente cl\u00ednicas, sal\u00f5es, centros de est\u00e9tica e milhares de profissionais em todo o pa\u00eds.<\/p>\n\n\n\n<p class=\"wp-block-paragraph\">Durante a reuni\u00e3o, Michelasi refor\u00e7ou a necessidade de manter a integra\u00e7\u00e3o hist\u00f3rica entre est\u00e9tica e beleza, argumentando que as duas \u00e1reas sempre caminharam juntas tanto no mercado quanto na legisla\u00e7\u00e3o brasileira.<\/p>\n\n\n\n<p class=\"wp-block-paragraph\">Segundo os participantes, uma eventual divis\u00e3o institucional poderia gerar inseguran\u00e7a jur\u00eddica, aumento de burocracia e impactos financeiros severos para empresas e trabalhadores do segmento. Entre os temas mais debatidos esteve a possibilidade de perda de benef\u00edcios relacionados \u00e0 Lei do Sal\u00e3o Parceiro, o que poderia elevar significativamente a carga tribut\u00e1ria de cl\u00ednicas e profissionais da est\u00e9tica.<\/p>\n\n\n\n<p class=\"wp-block-paragraph\">As lideran\u00e7as presentes tamb\u00e9m destacaram que a Receita Federal j\u00e1 reconhece a atua\u00e7\u00e3o conjunta das \u00e1reas por meio do CNAE 9602-5, utilizado no enquadramento de atividades ligadas \u00e0 beleza e est\u00e9tica. Para o grupo, alterar essa estrutura poderia comprometer modelos de neg\u00f3cio consolidados ao longo de d\u00e9cadas.<\/p>\n\n\n\n<p class=\"wp-block-paragraph\">M\u00e1rcio Michelasi afirmou que a tentativa de desvincular est\u00e9tica da beleza ignora a pr\u00f3pria forma\u00e7\u00e3o do setor e desconsidera a atua\u00e7\u00e3o multidisciplinar dos profissionais.<\/p>\n\n\n\n<p class=\"wp-block-paragraph\">Nos \u00faltimos dias, o presidente do Sindicato Nacional Pr\u00f3-Beleza tamb\u00e9m se posicionou publicamente nas redes sociais sobre o tema. Em uma publica\u00e7\u00e3o no Instagram, Michelasi declarou:<\/p>\n\n\n\n<p class=\"wp-block-paragraph\">\u201cEst\u00e9tica \u00e9, por defini\u00e7\u00e3o legal, tratamento de beleza. N\u00e3o \u00e9 opini\u00e3o, \u00e9 enquadramento oficial. E negar isso n\u00e3o torna ningu\u00e9m mais t\u00e9cnico, mais cient\u00edfico ou mais elevado. Apenas desconecta o profissional da realidade do pr\u00f3prio setor.\u201d<\/p>\n\n\n\n<p class=\"wp-block-paragraph\">Na mesma publica\u00e7\u00e3o, ele ressaltou que a beleza tamb\u00e9m envolve conhecimento cient\u00edfico e t\u00e9cnico, citando \u00e1reas como cosmetologia, visagismo, tricologia, bioqu\u00edmica, anatomia facial e terapia capilar. Segundo Michelasi, existe uma tentativa equivocada de diminuir o papel da beleza dentro do pr\u00f3prio mercado est\u00e9tico.<\/p>\n\n\n\n<p class=\"wp-block-paragraph\">Outro ponto discutido durante o encontro foi a atua\u00e7\u00e3o integrada dos profissionais da \u00e1rea. Esteticistas, cosmet\u00f3logos, especialistas em imagem pessoal, terapeutas capilares e profissionais da beleza compartilham rotinas e procedimentos diretamente conectados ao bem-estar, autoestima e cuidados pessoais da popula\u00e7\u00e3o.<\/p>\n\n\n\n<p class=\"wp-block-paragraph\">Os representantes do setor tamb\u00e9m destacaram que a est\u00e9tica possui impacto relevante na sa\u00fade emocional e social dos pacientes, al\u00e9m de participa\u00e7\u00e3o crescente em cl\u00ednicas m\u00e9dicas, tratamentos complementares e programas de recupera\u00e7\u00e3o da autoestima.<\/p>\n\n\n\n<p class=\"wp-block-paragraph\">Durante a reuni\u00e3o, os participantes classificaram como \u201cartificial\u201d a tentativa de criar uma divis\u00e3o entre est\u00e9tica e beleza, afirmando que a proposta pode comprometer a estabilidade econ\u00f4mica de milhares de trabalhadores e empresas em todo o Brasil.<\/p>\n\n\n\n<p class=\"wp-block-paragraph\">Ao final do encontro, M\u00e1rcio Michelasi refor\u00e7ou que o setor pretende ampliar o di\u00e1logo com autoridades e representantes pol\u00edticos em Bras\u00edlia para defender a manuten\u00e7\u00e3o da estrutura atual da \u00e1rea.<\/p>\n\n\n\n<p class=\"wp-block-paragraph\">\u201cEstamos falando de uma cadeia econ\u00f4mica gigantesca, constru\u00edda historicamente de forma integrada. Separar est\u00e9tica e beleza pode gerar consequ\u00eancias graves para profissionais, empres\u00e1rios e consumidores em todo o pa\u00eds\u201d, afirmou Michelasi.<\/p>\n\n\n<!-- wp:embed \"url\":\"https:\/\/www.instagram.com\/reel\/DYNdTaHPEyS\/?igsh=MXFuZTJyYmF0MzVybA==\",\"type\":\"rich\",\"providerNameSlug\":\"instagram\",\"responsive\":true -->\n<figure class=\"wp-block-embed is-type-rich is-provider-instagram wp-block-embed-instagram\"><div class=\"wp-block-embed__wrapper\">\n<blockquote class=\"instagram-media\" data-instgrm-captioned data-instgrm-permalink=\"https:\/\/www.instagram.com\/reel\/DYNdTaHPEyS\/?utm_source=ig_embed&amp;utm_campaign=loading\" data-instgrm-version=\"14\" style=\" background:#FFF; border:0; border-radius:3px; box-shadow:0 0 1px 0 rgba(0,0,0,0.5),0 1px 10px 0 rgba(0,0,0,0.15); margin: 1px; max-width:658px; min-width:326px; padding:0; width:99.375%; width:-webkit-calc(100% - 2px); width:calc(100% - 2px);\"><div style=\"padding:16px;\"> <a href=\"https:\/\/www.instagram.com\/reel\/DYNdTaHPEyS\/?utm_source=ig_embed&amp;utm_campaign=loading\" style=\" background:#FFFFFF; line-height:0; padding:0 0; text-align:center; text-decoration:none; width:100%;\" target=\"_blank\" rel=\"noopener\"> <div style=\" display: flex; flex-direction: row; align-items: center;\"> <div style=\"background-color: #F4F4F4; border-radius: 50%; flex-grow: 0; height: 40px; margin-right: 14px; width: 40px;\"><\/div> <div style=\"display: flex; flex-direction: column; flex-grow: 1; justify-content: center;\"> <div style=\" background-color: #F4F4F4; border-radius: 4px; flex-grow: 0; height: 14px; margin-bottom: 6px; width: 100px;\"><\/div> <div style=\" background-color: #F4F4F4; border-radius: 4px; flex-grow: 0; height: 14px; width: 60px;\"><\/div><\/div><\/div><div style=\"padding: 19% 0;\"><\/div> <div style=\"display:block; height:50px; margin:0 auto 12px; width:50px;\"><svg width=\"50px\" height=\"50px\" viewBox=\"0 0 60 60\" version=\"1.1\" xmlns=\"https:\/\/www.w3.org\/2000\/svg\" xmlns:xlink=\"https:\/\/www.w3.org\/1999\/xlink\"><g stroke=\"none\" stroke-width=\"1\" fill=\"none\" fill-rule=\"evenodd\"><g transform=\"translate(-511.000000, -20.000000)\" fill=\"#000000\"><g><path d=\"M556.869,30.41 C554.814,30.41 553.148,32.076 553.148,34.131 C553.148,36.186 554.814,37.852 556.869,37.852 C558.924,37.852 560.59,36.186 560.59,34.131 C560.59,32.076 558.924,30.41 556.869,30.41 M541,60.657 C535.114,60.657 530.342,55.887 530.342,50 C530.342,44.114 535.114,39.342 541,39.342 C546.887,39.342 551.658,44.114 551.658,50 C551.658,55.887 546.887,60.657 541,60.657 M541,33.886 C532.1,33.886 524.886,41.1 524.886,50 C524.886,58.899 532.1,66.113 541,66.113 C549.9,66.113 557.115,58.899 557.115,50 C557.115,41.1 549.9,33.886 541,33.886 M565.378,62.101 C565.244,65.022 564.756,66.606 564.346,67.663 C563.803,69.06 563.154,70.057 562.106,71.106 C561.058,72.155 560.06,72.803 558.662,73.347 C557.607,73.757 556.021,74.244 553.102,74.378 C549.944,74.521 548.997,74.552 541,74.552 C533.003,74.552 532.056,74.521 528.898,74.378 C525.979,74.244 524.393,73.757 523.338,73.347 C521.94,72.803 520.942,72.155 519.894,71.106 C518.846,70.057 518.197,69.06 517.654,67.663 C517.244,66.606 516.755,65.022 516.623,62.101 C516.479,58.943 516.448,57.996 516.448,50 C516.448,42.003 516.479,41.056 516.623,37.899 C516.755,34.978 517.244,33.391 517.654,32.338 C518.197,30.938 518.846,29.942 519.894,28.894 C520.942,27.846 521.94,27.196 523.338,26.654 C524.393,26.244 525.979,25.756 528.898,25.623 C532.057,25.479 533.004,25.448 541,25.448 C548.997,25.448 549.943,25.479 553.102,25.623 C556.021,25.756 557.607,26.244 558.662,26.654 C560.06,27.196 561.058,27.846 562.106,28.894 C563.154,29.942 563.803,30.938 564.346,32.338 C564.756,33.391 565.244,34.978 565.378,37.899 C565.522,41.056 565.552,42.003 565.552,50 C565.552,57.996 565.522,58.943 565.378,62.101 M570.82,37.631 C570.674,34.438 570.167,32.258 569.425,30.349 C568.659,28.377 567.633,26.702 565.965,25.035 C564.297,23.368 562.623,22.342 560.652,21.575 C558.743,20.834 556.562,20.326 553.369,20.18 C550.169,20.033 549.148,20 541,20 C532.853,20 531.831,20.033 528.631,20.18 C525.438,20.326 523.257,20.834 521.349,21.575 C519.376,22.342 517.703,23.368 516.035,25.035 C514.368,26.702 513.342,28.377 512.574,30.349 C511.834,32.258 511.326,34.438 511.181,37.631 C511.035,40.831 511,41.851 511,50 C511,58.147 511.035,59.17 511.181,62.369 C511.326,65.562 511.834,67.743 512.574,69.651 C513.342,71.625 514.368,73.296 516.035,74.965 C517.703,76.634 519.376,77.658 521.349,78.425 C523.257,79.167 525.438,79.673 528.631,79.82 C531.831,79.965 532.853,80.001 541,80.001 C549.148,80.001 550.169,79.965 553.369,79.82 C556.562,79.673 558.743,79.167 560.652,78.425 C562.623,77.658 564.297,76.634 565.965,74.965 C567.633,73.296 568.659,71.625 569.425,69.651 C570.167,67.743 570.674,65.562 570.82,62.369 C570.966,59.17 571,58.147 571,50 C571,41.851 570.966,40.831 570.82,37.631\"><\/path><\/g><\/g><\/g><\/svg><\/div><div style=\"padding-top: 8px;\"> <div style=\" color:#3897f0; font-family:Arial,sans-serif; font-size:14px; font-style:normal; font-weight:550; line-height:18px;\">View this post on Instagram<\/div><\/div><div style=\"padding: 12.5% 0;\"><\/div> <div style=\"display: flex; flex-direction: row; margin-bottom: 14px; align-items: center;\"><div> <div style=\"background-color: #F4F4F4; border-radius: 50%; height: 12.5px; width: 12.5px; transform: translateX(0px) translateY(7px);\"><\/div> <div style=\"background-color: #F4F4F4; height: 12.5px; transform: rotate(-45deg) translateX(3px) translateY(1px); width: 12.5px; flex-grow: 0; margin-right: 14px; margin-left: 2px;\"><\/div> <div style=\"background-color: #F4F4F4; border-radius: 50%; height: 12.5px; width: 12.5px; transform: translateX(9px) translateY(-18px);\"><\/div><\/div><div style=\"margin-left: 8px;\"> <div style=\" background-color: #F4F4F4; border-radius: 50%; flex-grow: 0; height: 20px; width: 20px;\"><\/div> <div style=\" width: 0; height: 0; border-top: 2px solid transparent; border-left: 6px solid #f4f4f4; border-bottom: 2px solid transparent; transform: translateX(16px) translateY(-4px) rotate(30deg)\"><\/div><\/div><div style=\"margin-left: auto;\"> <div style=\" width: 0px; border-top: 8px solid #F4F4F4; border-right: 8px solid transparent; transform: translateY(16px);\"><\/div> <div style=\" background-color: #F4F4F4; flex-grow: 0; height: 12px; width: 16px; transform: translateY(-4px);\"><\/div> <div style=\" width: 0; height: 0; border-top: 8px solid #F4F4F4; border-left: 8px solid transparent; transform: translateY(-4px) translateX(8px);\"><\/div><\/div><\/div> <div style=\"display: flex; flex-direction: column; flex-grow: 1; justify-content: center; margin-bottom: 24px;\"> <div style=\" background-color: #F4F4F4; border-radius: 4px; flex-grow: 0; height: 14px; margin-bottom: 6px; width: 224px;\"><\/div> <div style=\" background-color: #F4F4F4; border-radius: 4px; flex-grow: 0; height: 14px; width: 144px;\"><\/div><\/div><\/a><\/div><\/blockquote><script async src=\"\/\/platform.instagram.com\/en_US\/embeds.js\"><\/script>\n<\/div><\/figure>\n<!-- \/wp:post-content -->","protected":false},"excerpt":{"rendered":"<p>O presidente do Sindicato Nacional Pr\u00f3-Beleza, M\u00e1rcio Michelasi, comandou uma reuni\u00e3o estrat\u00e9gica com representantes de entidades e lideran\u00e7as do setor da beleza e est\u00e9tica para discutir os poss\u00edveis impactos provocados por movimentos que defendem a separa\u00e7\u00e3o formal entre as \u00e1reas no Brasil. O encontro contou com a participa\u00e7\u00e3o de membros dos Conselhos Pr\u00f3-Beleza, representantes patronais \u2026<\/p>\n","protected":false},"author":5,"featured_media":65547,"comment_status":"closed","ping_status":"open","sticky":false,"template":"","format":"standard","meta":{"_jetpack_newsletter_access":"","_jetpack_dont_email_post_to_subs":false,"_jetpack_newsletter_tier_id":0,"_jetpack_memberships_contains_paywalled_content":false,"_mbp_banners":[],"_jetpack_feature_clip_id":0,"_jetpack_memberships_contains_paid_content":false,"footnotes":"","jetpack_publicize_message":"","jetpack_publicize_feature_enabled":true,"jetpack_social_post_already_shared":true,"jetpack_social_options":{"image_generator_settings":{"template":"highway","default_image_id":0,"font":"","enabled":false},"version":2},"jetpack_post_was_ever_published":false},"categories":[1],"tags":[],"class_list":["post-65548","post","type-post","status-publish","format-standard","has-post-thumbnail","category-geral"],"jetpack_publicize_connections":[],"jetpack-related-posts":[],"jetpack_shortlink":"https:\/\/wp.me\/p7Eq1F-h3e","jetpack_sharing_enabled":true,"jetpack_featured_media_url":"https:\/\/i0.wp.com\/guialimeira.com.br\/news\/wp-content\/uploads\/2026\/05\/IMG_6297.jpeg?fit=1281%2C850&ssl=1","_links":{"self":[{"href":"https:\/\/guialimeira.com.br\/news\/wp-json\/wp\/v2\/posts\/65548","targetHints":{"allow":["GET"]}}],"collection":[{"href":"https:\/\/guialimeira.com.br\/news\/wp-json\/wp\/v2\/posts"}],"about":[{"href":"https:\/\/guialimeira.com.br\/news\/wp-json\/wp\/v2\/types\/post"}],"author":[{"embeddable":true,"href":"https:\/\/guialimeira.com.br\/news\/wp-json\/wp\/v2\/users\/5"}],"replies":[{"embeddable":true,"href":"https:\/\/guialimeira.com.br\/news\/wp-json\/wp\/v2\/comments?post=65548"}],"version-history":[{"count":1,"href":"https:\/\/guialimeira.com.br\/news\/wp-json\/wp\/v2\/posts\/65548\/revisions"}],"predecessor-version":[{"id":65549,"href":"https:\/\/guialimeira.com.br\/news\/wp-json\/wp\/v2\/posts\/65548\/revisions\/65549"}],"wp:featuredmedia":[{"embeddable":true,"href":"https:\/\/guialimeira.com.br\/news\/wp-json\/wp\/v2\/media\/65547"}],"wp:attachment":[{"href":"https:\/\/guialimeira.com.br\/news\/wp-json\/wp\/v2\/media?parent=65548"}],"wp:term":[{"taxonomy":"category","embeddable":true,"href":"https:\/\/guialimeira.com.br\/news\/wp-json\/wp\/v2\/categories?post=65548"},{"taxonomy":"post_tag","embeddable":true,"href":"https:\/\/guialimeira.com.br\/news\/wp-json\/wp\/v2\/tags?post=65548"}],"curies":[{"name":"wp","href":"https:\/\/api.w.org\/{rel}","templated":true}]}}