{"id":65546,"date":"2026-05-14T09:55:59","date_gmt":"2026-05-14T12:55:59","guid":{"rendered":"https:\/\/guialimeira.com.br\/troca-do-piso-da-quadra-do-ginasio-vo-lucato-tem-previsao-de-conclusao-em-julho\/"},"modified":"2026-05-14T09:55:59","modified_gmt":"2026-05-14T12:55:59","slug":"troca-do-piso-da-quadra-do-ginasio-vo-lucato-tem-previsao-de-conclusao-em-julho","status":"publish","type":"post","link":"https:\/\/guialimeira.com.br\/news\/troca-do-piso-da-quadra-do-ginasio-vo-lucato-tem-previsao-de-conclusao-em-julho\/","title":{"rendered":"Troca do piso da quadra do Gin\u00e1sio V\u00f4 Lucato tem previs\u00e3o de conclus\u00e3o em julho"},"content":{"rendered":"<p>Troca do piso da quadra do Gin\u00e1sio V\u00f4 Lucato tem previs\u00e3o de conclus\u00e3o em julho<\/p>\n<p>Na manh\u00e3 desta quinta-feira, 14 de maio, a Comiss\u00e3o de Esporte, Cultura e Turismo da C\u00e2mara vistoriou as obras no gin\u00e1sio de esportes Fortunato Lucato Neto, o V\u00f4 Lucato. A reforma geral j\u00e1 foi conclu\u00edda pela R. Maluf e agora a empresa Recoma iniciou a troca do piso da quadra, com previs\u00e3o de finaliza\u00e7\u00e3o em julho, segundo o engenheiro da Secretaria de Obras, Vin\u00edcius Cominato.<\/p>\n<p>Conforme informado pelo representante da Secretaria de Obras, a ordem de servi\u00e7o foi entregue a empresa Recoma, respons\u00e1vel pela troca do piso, no dia 7 de maio, a demoli\u00e7\u00e3o e retirada do material da quadra j\u00e1 foi 100% conclu\u00edda e na sexta-feira, 15 de maio, chega o material novo para que a equipe comece a montagem.<\/p>\n<p>A obra consiste na instala\u00e7\u00e3o de amortecedores, barrotes, aglomerado de madeira, lambril, lixamento, marca\u00e7\u00e3o da quadra para as diversas modalidades de esportes e aplica\u00e7\u00e3o de verniz. O prazo de conclus\u00e3o \u00e9 de dois meses, com previs\u00e3o de finaliza\u00e7\u00e3o em julho.<\/p>\n<p>Em rela\u00e7\u00e3o \u00e0 reforma geral, a empresa R. Maluf j\u00e1 concluiu sua parte e agora est\u00e1 na fase de recebimento provis\u00f3rio e acionamento de garantia, se necess\u00e1rio. Nesta fase alguns ajustes s\u00e3o realizados, como manuten\u00e7\u00e3o dos chuveiros e acompanhamento de vazamentos no telhado, por exemplo.<\/p>\n<p>Fiscaliza\u00e7\u00e3o<\/p>\n<p>A Comiss\u00e3o de Esporte j\u00e1 esteve no gin\u00e1sio para fiscalizar o andamento das obras em outras tr\u00eas dilig\u00eancias. Uma em outubro de 2025 e as outras duas em fevereiro, nos dias 19 e 26. Na \u00faltima vistoria, Vin\u00edcius informou os vereadores que o piso n\u00e3o estava no contrato inicial da reforma e foi necess\u00e1rio realizar nova licita\u00e7\u00e3o. As informa\u00e7\u00f5es sobre o edital constam neste link.<\/p>\n<p>As obras iniciaram em julho de 2025 e as interven\u00e7\u00f5es realizadas inclu\u00edram a moderniza\u00e7\u00e3o e troca do sistema de ilumina\u00e7\u00e3o e de ventila\u00e7\u00e3o, pintura interna e externa, troca de paletas de ilumina\u00e7\u00e3o e ventila\u00e7\u00e3o, manuten\u00e7\u00e3o das grades de prote\u00e7\u00e3o, esquadrias e sistema hidr\u00e1ulico sanit\u00e1rio.<\/p>\n<p>O custo inicial da reforma foi de R$ 913 mil, mas foi necess\u00e1rio um aditivo de R$ 188 mil para a conclus\u00e3o. Os valores foram financiados pelo Finisa e as informa\u00e7\u00f5es gerais da Prefeitura sobre o projeto, or\u00e7amento e etapas da reforma constam neste link.<\/p>\n<p>A Comiss\u00e3o<\/p>\n<p>Integram o colegiado Guilherme Guido (PL), presidente; Costa Junior (Podemos), vice-presidente; e Marco Xavier (PP), secret\u00e1rio. As reuni\u00f5es ordin\u00e1rias acontecem \u00e0s quintas-feira, \u00e0s 8h, e as delibera\u00e7\u00f5es s\u00e3o registradas em ata.<\/p>\n<p>\u00c9 de compet\u00eancia dos membros opinar sobre proposi\u00e7\u00f5es, promover debates, semin\u00e1rios e a\u00e7\u00f5es educativas que visem a identificar problemas e propor solu\u00e7\u00f5es para o fortalecimento e a melhoria das pol\u00edticas p\u00fablicas locais nas \u00e1reas de esporte, lazer, cultura e turismo, al\u00e9m de fiscalizar, acompanhar e avaliar a efetividade de programas governamentais, estudar e propor pol\u00edticas p\u00fablicas aptas a proporcionar melhoria de qualidade de vida aos mun\u00edcipes e bem-estar nessas \u00e1reas.<\/p>\n<hr>\n<p><em>Fonte: <a href=\"https:\/\/www.limeira.sp.leg.br\/noticias\/view\/2026-05-14_troca-do-piso-da-quadra-do-ginasio-vo-lucato-tem-previsao-de-conclusao-em-julho\" target=\"_blank\" rel=\"noopener\">C\u00e2mara Municipal de Limeira<\/a><\/em><\/p>\n","protected":false},"excerpt":{"rendered":"<p>Troca do piso da quadra do Gin\u00e1sio V\u00f4 Lucato tem previs\u00e3o de conclus\u00e3o em julho<\/p>\n<p>Na manh\u00e3 desta quinta-feira, 14 de maio, a Comiss\u00e3o de Esporte, Cultura e Turismo da C\u00e2mara vistoriou as obras no gin\u00e1sio de esportes Fortunato Lucato Neto, o V\u00f4 Lucato. A reforma geral j\u00e1 foi conclu\u00edda pela R. Maluf e <\/p>\n","protected":false},"author":4,"featured_media":65545,"comment_status":"","ping_status":"open","sticky":false,"template":"","format":"standard","meta":{"_jetpack_newsletter_access":"","_jetpack_dont_email_post_to_subs":false,"_jetpack_newsletter_tier_id":0,"_jetpack_memberships_contains_paywalled_content":false,"_mbp_banners":[],"_jetpack_feature_clip_id":0,"_jetpack_memberships_contains_paid_content":false,"footnotes":"","jetpack_publicize_message":"","jetpack_publicize_feature_enabled":true,"jetpack_social_post_already_shared":true,"jetpack_social_options":{"image_generator_settings":{"template":"highway","default_image_id":0,"font":"","enabled":false},"version":2},"jetpack_post_was_ever_published":false},"categories":[19],"tags":[],"class_list":["post-65546","post","type-post","status-publish","format-standard","has-post-thumbnail","category-politica"],"jetpack_publicize_connections":[],"jetpack-related-posts":[],"jetpack_shortlink":"https:\/\/wp.me\/p7Eq1F-h3c","jetpack_sharing_enabled":true,"jetpack_featured_media_url":"https:\/\/i0.wp.com\/guialimeira.com.br\/news\/wp-content\/uploads\/2026\/05\/noticia-camara-52.jpg?fit=1280%2C640&ssl=1","_links":{"self":[{"href":"https:\/\/guialimeira.com.br\/news\/wp-json\/wp\/v2\/posts\/65546","targetHints":{"allow":["GET"]}}],"collection":[{"href":"https:\/\/guialimeira.com.br\/news\/wp-json\/wp\/v2\/posts"}],"about":[{"href":"https:\/\/guialimeira.com.br\/news\/wp-json\/wp\/v2\/types\/post"}],"author":[{"embeddable":true,"href":"https:\/\/guialimeira.com.br\/news\/wp-json\/wp\/v2\/users\/4"}],"replies":[{"embeddable":true,"href":"https:\/\/guialimeira.com.br\/news\/wp-json\/wp\/v2\/comments?post=65546"}],"version-history":[{"count":0,"href":"https:\/\/guialimeira.com.br\/news\/wp-json\/wp\/v2\/posts\/65546\/revisions"}],"wp:featuredmedia":[{"embeddable":true,"href":"https:\/\/guialimeira.com.br\/news\/wp-json\/wp\/v2\/media\/65545"}],"wp:attachment":[{"href":"https:\/\/guialimeira.com.br\/news\/wp-json\/wp\/v2\/media?parent=65546"}],"wp:term":[{"taxonomy":"category","embeddable":true,"href":"https:\/\/guialimeira.com.br\/news\/wp-json\/wp\/v2\/categories?post=65546"},{"taxonomy":"post_tag","embeddable":true,"href":"https:\/\/guialimeira.com.br\/news\/wp-json\/wp\/v2\/tags?post=65546"}],"curies":[{"name":"wp","href":"https:\/\/api.w.org\/{rel}","templated":true}]}}