{"id":65450,"date":"2026-05-13T14:30:52","date_gmt":"2026-05-13T17:30:52","guid":{"rendered":"https:\/\/guialimeira.com.br\/dr-marcelo-rossi-faz-mocao-de-reconhecimento-a-organizacao-do-evento-que-trouxe-moacyr-franco-a-limeira\/"},"modified":"2026-05-13T14:30:52","modified_gmt":"2026-05-13T17:30:52","slug":"dr-marcelo-rossi-faz-mocao-de-reconhecimento-a-organizacao-do-evento-que-trouxe-moacyr-franco-a-limeira","status":"publish","type":"post","link":"https:\/\/guialimeira.com.br\/news\/dr-marcelo-rossi-faz-mocao-de-reconhecimento-a-organizacao-do-evento-que-trouxe-moacyr-franco-a-limeira\/","title":{"rendered":"Dr. Marcelo Rossi faz Mo\u00e7\u00e3o de Reconhecimento \u00e0 organiza\u00e7\u00e3o do evento que trouxe Moacyr Franco a Limeira"},"content":{"rendered":"<p>Dr. Marcelo Rossi faz Mo\u00e7\u00e3o de Reconhecimento \u00e0 organiza\u00e7\u00e3o do evento que trouxe Moacyr Franco a Limeira<\/p>\n<p>O vereador Dr. Marcelo Rossi (MDB) protocolou nesta ter\u00e7a-feira, 12 de maio, na C\u00e2mara Municipal, a Mo\u00e7\u00e3o de Reconhecimento N\u00b0 94\/2026 \u00e0 Secretaria Municipal de Turismo e Eventos pela organiza\u00e7\u00e3o da festa do Dia das M\u00e3es realizada pela Prefeitura no dia 9 de maio, no Parque Cidade.<\/p>\n<p>A programa\u00e7\u00e3o reuniu cultura, sa\u00fade e lazer para as fam\u00edlias, com destaque para o show do cantor e humorista Moacyr Franco. Ao resgatar cl\u00e1ssicos que marcaram gera\u00e7\u00f5es, o artista contagiou a plateia com carisma, disposi\u00e7\u00e3o e valoriza\u00e7\u00e3o dos idosos. \u201cFoi emocionante ver a rea\u00e7\u00e3o das pessoas do in\u00edcio ao fim. Momentos como esse ajudam a tirar o idoso da invisibilidade social e a inseri-lo nas demais \u00e1reas da administra\u00e7\u00e3o p\u00fablica, al\u00e9m da sa\u00fade e assist\u00eancia\u201d, declarou Dr. Marcelo Rossi, autor da emenda parlamentar utilizada no evento.<\/p>\n<p>O vereador elogiou tamb\u00e9m o sucesso da apresenta\u00e7\u00e3o da Banda Sou Ela, que impressionou o p\u00fablico n\u00e3o somente pelo talento dos integrantes, mas tamb\u00e9m pela escolha do repert\u00f3rio e versatilidade; e a apresenta\u00e7\u00e3o da Banda que Chicago Jazz Band, que cativou a todos e interagiu com a banda do cantor Moacyr Franco.<\/p>\n<p>A festa do Dia das M\u00e3es teve ainda estrutura para vacina\u00e7\u00e3o itinerante, teste de glicemia e aferi\u00e7\u00e3o de press\u00e3o arterial por meio da Secretaria de Sa\u00fade, e a Feira de Arte, com op\u00e7\u00f5es de presentes artesanais produzidos especialmente para a data. \u201c\u00c9 importante observar que o uso democr\u00e1tico de locais p\u00fablicos, como o Parque Cidade, contempla diferentes perfis de frequentadores e estimula a sensa\u00e7\u00e3o de pertencimento da popula\u00e7\u00e3o\u201d, completou o parlamentar.<\/p>\n<p>A vota\u00e7\u00e3o da mo\u00e7\u00e3o \u00e0 Secretaria Municipal de Turismo e Eventos est\u00e1 prevista para a pr\u00f3xima sess\u00e3o camar\u00e1ria. Ap\u00f3s leitura, discuss\u00e3o e aprova\u00e7\u00e3o pelo Plen\u00e1rio, uma c\u00f3pia do documento ser\u00e1 encaminhada ao secret\u00e1rio de Turismo e Eventos, Thiago Martins; e aos representantes das bandas Sou Ela e Chicago Jazz.<\/p>\n<p>Do Gabinete Parlamentar &#8211; Vereador Dr. Marcelo Rossi (MDB)<\/p>\n<p>*Fotos do Gabinete Parlamentar<\/p>\n<p>As mat\u00e9rias de origem dos Gabinetes Parlamentares s\u00e3o de inteira\u00a0 responsabilidade dos parlamentares e de suas assessorias. S\u00e3o devidamente assinadas e n\u00e3o refletem, necessariamente, a opini\u00e3o institucional da C\u00e2mara Municipal de Limeira.<\/p>\n<hr>\n<p><em>Fonte: <a href=\"https:\/\/www.limeira.sp.leg.br\/noticias\/view\/2026-05-13_dr-marcelo-rossi-faz-mocao-de-reconhecimento-a-organizacao-do-evento-que-trouxe-moacyr-franco-a-limeira\" target=\"_blank\" rel=\"noopener\">C\u00e2mara Municipal de Limeira<\/a><\/em><\/p>\n","protected":false},"excerpt":{"rendered":"<p>Dr. Marcelo Rossi faz Mo\u00e7\u00e3o de Reconhecimento \u00e0 organiza\u00e7\u00e3o do evento que trouxe Moacyr Franco a Limeira<\/p>\n<p>O vereador Dr. Marcelo Rossi (MDB) protocolou nesta ter\u00e7a-feira, 12 de maio, na C\u00e2mara Municipal, a Mo\u00e7\u00e3o de Reconhecimento N\u00b0 94\/2026 \u00e0 Secretaria Municipal de Turismo e Eventos pela organiza\u00e7\u00e3<\/p>\n","protected":false},"author":4,"featured_media":65449,"comment_status":"","ping_status":"open","sticky":false,"template":"","format":"standard","meta":{"_jetpack_newsletter_access":"","_jetpack_dont_email_post_to_subs":false,"_jetpack_newsletter_tier_id":0,"_jetpack_memberships_contains_paywalled_content":false,"_mbp_banners":[],"_jetpack_feature_clip_id":0,"_jetpack_memberships_contains_paid_content":false,"footnotes":"","jetpack_publicize_message":"","jetpack_publicize_feature_enabled":true,"jetpack_social_post_already_shared":true,"jetpack_social_options":{"image_generator_settings":{"template":"highway","default_image_id":0,"font":"","enabled":false},"version":2},"jetpack_post_was_ever_published":false},"categories":[19],"tags":[],"class_list":["post-65450","post","type-post","status-publish","format-standard","has-post-thumbnail","category-politica"],"jetpack_publicize_connections":[],"jetpack-related-posts":[],"jetpack_shortlink":"https:\/\/wp.me\/p7Eq1F-h1E","jetpack_sharing_enabled":true,"jetpack_featured_media_url":"https:\/\/i0.wp.com\/guialimeira.com.br\/news\/wp-content\/uploads\/2026\/05\/noticia-camara-51.jpg?fit=1280%2C640&ssl=1","_links":{"self":[{"href":"https:\/\/guialimeira.com.br\/news\/wp-json\/wp\/v2\/posts\/65450","targetHints":{"allow":["GET"]}}],"collection":[{"href":"https:\/\/guialimeira.com.br\/news\/wp-json\/wp\/v2\/posts"}],"about":[{"href":"https:\/\/guialimeira.com.br\/news\/wp-json\/wp\/v2\/types\/post"}],"author":[{"embeddable":true,"href":"https:\/\/guialimeira.com.br\/news\/wp-json\/wp\/v2\/users\/4"}],"replies":[{"embeddable":true,"href":"https:\/\/guialimeira.com.br\/news\/wp-json\/wp\/v2\/comments?post=65450"}],"version-history":[{"count":0,"href":"https:\/\/guialimeira.com.br\/news\/wp-json\/wp\/v2\/posts\/65450\/revisions"}],"wp:featuredmedia":[{"embeddable":true,"href":"https:\/\/guialimeira.com.br\/news\/wp-json\/wp\/v2\/media\/65449"}],"wp:attachment":[{"href":"https:\/\/guialimeira.com.br\/news\/wp-json\/wp\/v2\/media?parent=65450"}],"wp:term":[{"taxonomy":"category","embeddable":true,"href":"https:\/\/guialimeira.com.br\/news\/wp-json\/wp\/v2\/categories?post=65450"},{"taxonomy":"post_tag","embeddable":true,"href":"https:\/\/guialimeira.com.br\/news\/wp-json\/wp\/v2\/tags?post=65450"}],"curies":[{"name":"wp","href":"https:\/\/api.w.org\/{rel}","templated":true}]}}